{"id":20653,"date":"2024-05-28T09:05:31","date_gmt":"2024-05-28T12:05:31","guid":{"rendered":"https:\/\/radiobitacora.com.ar\/web\/?p=20653"},"modified":"2024-05-28T09:05:31","modified_gmt":"2024-05-28T12:05:31","slug":"cambios-en-el-gobierno-oficializaron-la-salida-de-posse-y-la-designacion-de-francos-en-su-lugar","status":"publish","type":"post","link":"https:\/\/radiobitacora.com.ar\/web\/2024\/05\/28\/cambios-en-el-gobierno-oficializaron-la-salida-de-posse-y-la-designacion-de-francos-en-su-lugar\/","title":{"rendered":"Cambios en el Gobierno: oficializaron la salida de Posse y la designaci\u00f3n de Francos en su lugar"},"content":{"rendered":"<p>El Gobierno nacional oficializ\u00f3 este martes por la ma\u00f1ana la renuncia del jefe de Gabinete Nicol\u00e1s Posse y su reemplazo, Guillermo Francos, en medio de cambios en el Gabinete de ministros.<\/p>\n<p>&#8220;Ac\u00e9ptase la renuncia presentada por el ingeniero Nicol\u00e1s Jos\u00e9 Posse al cargo de jefe de Gabinete de ministros. Agrad\u00e9cense al funcionario renunciante los servicios prestados en el desempe\u00f1o de su cargo&#8221;, se public\u00f3 en el Bolet\u00edn Oficial.<\/p>\n<p>&#8220;Des\u00edgnase en el cargo de Jefe de Gabinete de Ministros al doctor Guillermo Alberto Francos&#8221;, indic\u00f3 el breve decreto 2024\/472 firmado por el presidente, Javier Milei, y la canciller Diana Mondino.<\/p>\n","protected":false},"excerpt":{"rendered":"<p>El Gobierno nacional oficializ\u00f3 este martes por la ma\u00f1ana la renuncia del jefe de Gabinete Nicol\u00e1s Posse y su reemplazo, Guillermo Francos, en medio de cambios en el Gabinete de ministros. &#8220;Ac\u00e9ptase la renuncia presentada por el ingeniero Nicol\u00e1s Jos\u00e9 Posse al cargo de jefe de Gabinete de ministros. Agrad\u00e9cense al funcionario renunciante los servicios [&hellip;]<\/p>\n","protected":false},"author":2,"featured_media":20654,"comment_status":"closed","ping_status":"closed","sticky":false,"template":"","format":"standard","meta":{"footnotes":""},"categories":[79],"tags":[],"class_list":{"0":"post-20653","1":"post","2":"type-post","3":"status-publish","4":"format-standard","5":"has-post-thumbnail","7":"category-politica"},"_links":{"self":[{"href":"https:\/\/radiobitacora.com.ar\/web\/wp-json\/wp\/v2\/posts\/20653","targetHints":{"allow":["GET"]}}],"collection":[{"href":"https:\/\/radiobitacora.com.ar\/web\/wp-json\/wp\/v2\/posts"}],"about":[{"href":"https:\/\/radiobitacora.com.ar\/web\/wp-json\/wp\/v2\/types\/post"}],"author":[{"embeddable":true,"href":"https:\/\/radiobitacora.com.ar\/web\/wp-json\/wp\/v2\/users\/2"}],"replies":[{"embeddable":true,"href":"https:\/\/radiobitacora.com.ar\/web\/wp-json\/wp\/v2\/comments?post=20653"}],"version-history":[{"count":0,"href":"https:\/\/radiobitacora.com.ar\/web\/wp-json\/wp\/v2\/posts\/20653\/revisions"}],"wp:featuredmedia":[{"embeddable":true,"href":"https:\/\/radiobitacora.com.ar\/web\/wp-json\/wp\/v2\/media\/20654"}],"wp:attachment":[{"href":"https:\/\/radiobitacora.com.ar\/web\/wp-json\/wp\/v2\/media?parent=20653"}],"wp:term":[{"taxonomy":"category","embeddable":true,"href":"https:\/\/radiobitacora.com.ar\/web\/wp-json\/wp\/v2\/categories?post=20653"},{"taxonomy":"post_tag","embeddable":true,"href":"https:\/\/radiobitacora.com.ar\/web\/wp-json\/wp\/v2\/tags?post=20653"}],"curies":[{"name":"wp","href":"https:\/\/api.w.org\/{rel}","templated":true}]}}