{"id":20698,"date":"2024-05-29T08:46:08","date_gmt":"2024-05-29T11:46:08","guid":{"rendered":"https:\/\/radiobitacora.com.ar\/web\/?p=20698"},"modified":"2024-05-29T08:46:08","modified_gmt":"2024-05-29T11:46:08","slug":"se-vende-el-espectacular-penthouse-en-el-que-vivio-amalita-fortabat-tiene-dos-pisos-10-cocheras-y-vale-usd-12-millones","status":"publish","type":"post","link":"https:\/\/radiobitacora.com.ar\/web\/2024\/05\/29\/se-vende-el-espectacular-penthouse-en-el-que-vivio-amalita-fortabat-tiene-dos-pisos-10-cocheras-y-vale-usd-12-millones\/","title":{"rendered":"Se vende el espectacular penthouse en el que vivi\u00f3 Amalita Fortabat: tiene dos pisos, 10 cocheras y vale USD 12 millones"},"content":{"rendered":"<p class=\"paragraph\" data-mrf-recirculation=\"Links inline\">En un mercado inmobiliario que parece estar en pleno repunte, sali\u00f3 a la venta la propiedad m\u00e1s cara de la ciudad de Buenos Aires. Se trata del espectacular penthouse que habit\u00f3\u00a0<b>Amalia Lacroze de Fortabat<\/b>\u00a0hasta su fallecimiento en 2012. La empresaria m\u00e1s importante de la Argentina lleg\u00f3 a amasar una fortuna cercana a los USD 1.800 millones, una de las tres m\u00e1s importantes del pa\u00eds en su \u00e9poca, seg\u00fan Forbes, a trav\u00e9s del emporio del cemento que inici\u00f3 su segundo marido,\u00a0<b>Alfredo Fortabat<\/b>, due\u00f1o de Loma Negra y otras empresas.<\/p>\n<p class=\"paragraph\" data-mrf-recirculation=\"Links inline\">Los herederos de la empresaria, tambi\u00e9n muy vinculada con el arte, decidieron poner en venta la propiedad. El inmueble sorprende por su gran superficie, poco com\u00fan para una sola propiedad, y por ser adem\u00e1s de penthouse un d\u00faplex. Est\u00e1 valuado en USD 12 millones y se encuentra en un edificio de fines de los a\u00f1os 60, ubicado sobre la Avenida del Libertador 2960, casi esquina Rep\u00fablica \u00c1rabe Siria en Palermo Chico.<\/p>\n<p class=\"paragraph\" data-mrf-recirculation=\"Links inline\">La vivienda, que fue varias veces reformada, se construy\u00f3 con materiales muy nobles y en su mayor\u00eda importados: sobresale el m\u00e1rmol en escaleras y pisos. Est\u00e1 en las plantas superiores del edificio, una proyecci\u00f3n de los arquitectos Jorge De La Mar\u00eda Prins y Jos\u00e9 Mar\u00eda Olivera, quienes tambi\u00e9n construyeron otras torres emblem\u00e1ticas de la ciudad.<\/p>\n<div class=\"visual__image\"><img loading=\"lazy\" decoding=\"async\" class=\"\" src=\"https:\/\/www.infobae.com\/new-resizer\/XdG8elPziBZJpcZFwTRS21HVHCY=\/420x280\/filters:format(webp):quality(85)\/cloudfront-us-east-1.images.arcpublishing.com\/infobae\/QQD3TI4IFVDXXCNSUZ4A73JKJA.jpg%20420w\" sizes=\"auto, (min-width: 1560px) 856px, (min-width: 1000px) calc(74.63vw - 293px), (min-width: 780px) calc(100vw - 376px), (min-width: 580px) calc(100vw - 32px), 100vw\" srcset=\"https:\/\/www.infobae.com\/new-resizer\/XdG8elPziBZJpcZFwTRS21HVHCY=\/420x280\/filters:format(webp):quality(85)\/cloudfront-us-east-1.images.arcpublishing.com\/infobae\/QQD3TI4IFVDXXCNSUZ4A73JKJA.jpg 420w,https:\/\/www.infobae.com\/new-resizer\/wE_D4CB9vcFbV9V8LD4PatT96bw=\/768x512\/filters:format(webp):quality(85)\/cloudfront-us-east-1.images.arcpublishing.com\/infobae\/QQD3TI4IFVDXXCNSUZ4A73JKJA.jpg 768w,https:\/\/www.infobae.com\/new-resizer\/gCyVIXYOPfW9wk3gfhpRXTpFGdM=\/992x661\/filters:format(webp):quality(85)\/cloudfront-us-east-1.images.arcpublishing.com\/infobae\/QQD3TI4IFVDXXCNSUZ4A73JKJA.jpg 992w,https:\/\/www.infobae.com\/new-resizer\/dahp0tU3q7gf_p9yLr01OBRNxwM=\/1200x800\/filters:format(webp):quality(85)\/cloudfront-us-east-1.images.arcpublishing.com\/infobae\/QQD3TI4IFVDXXCNSUZ4A73JKJA.jpg 1200w,https:\/\/www.infobae.com\/new-resizer\/BmPEQc3U4V_QwPiSCKj-g1wAXQo=\/1440x960\/filters:format(webp):quality(85)\/cloudfront-us-east-1.images.arcpublishing.com\/infobae\/QQD3TI4IFVDXXCNSUZ4A73JKJA.jpg 1440w\" alt=\"Hall de acceso y escalera donde el m\u00e1rmol y los hierros en baranda son protagonistas (Fotos Gentileza: Emily Salzmann Inmobiliaria)\" width=\"1152\" height=\"768\" data-src=\"https:\/\/www.infobae.com\/new-resizer\/XdG8elPziBZJpcZFwTRS21HVHCY=\/420x280\/filters:format(webp):quality(85)\/cloudfront-us-east-1.images.arcpublishing.com\/infobae\/QQD3TI4IFVDXXCNSUZ4A73JKJA.jpg 420w\" \/>Hall de acceso y escalera donde el m\u00e1rmol y los hierros en baranda son protagonistas (Fotos Gentileza: Emily Salzmann Inmobiliaria)<\/div>\n<p class=\"paragraph\" data-mrf-recirculation=\"Links inline\">La entrada al edificio cuenta con un ala privada que incluye un ascensor para acceder directamente a los 2.130 metros cuadrados de los pisos 12 y 13 que ocupa el penthouse, as\u00ed como un acceso independiente al garage privado con espacio para 10 autom\u00f3viles.<\/p>\n<p class=\"paragraph\" data-mrf-recirculation=\"Links inline\">Se ingresa al \u00e1rea social de la propiedad a trav\u00e9s de un gran hall de m\u00e1rmol que conduce a cuatro fabulosos ambientes (con m\u00e1s de 3,50 metros de piso a techo) con salida a una gran terraza que abarca los 35 metros del frente del edificio y ofrece magn\u00edficas vistas.<\/p>\n<p class=\"paragraph\" data-mrf-recirculation=\"Links inline\">La propiedad cuenta con\u00a0<b>una superficie cubierta de 1.725,87 m2<\/b>\u00a0y terrazas que suman un total de 368 m2.<\/p>\n<div class=\"visual__image\"><img loading=\"lazy\" decoding=\"async\" class=\"\" src=\"https:\/\/www.infobae.com\/new-resizer\/iMhI1-YhTDe4Oaqt5lmxPAtAFco=\/420x315\/filters:format(webp):quality(85)\/cloudfront-us-east-1.images.arcpublishing.com\/infobae\/MGYRCPIORJF5RKXHLQLGB72NI4.jpg%20420w\" sizes=\"auto, (min-width: 1560px) 856px, (min-width: 1000px) calc(74.63vw - 293px), (min-width: 780px) calc(100vw - 376px), (min-width: 580px) calc(100vw - 32px), 100vw\" srcset=\"https:\/\/www.infobae.com\/new-resizer\/iMhI1-YhTDe4Oaqt5lmxPAtAFco=\/420x315\/filters:format(webp):quality(85)\/cloudfront-us-east-1.images.arcpublishing.com\/infobae\/MGYRCPIORJF5RKXHLQLGB72NI4.jpg 420w,https:\/\/www.infobae.com\/new-resizer\/2fqjQMR6EshZUoiW09Z83kzW6QI=\/768x576\/filters:format(webp):quality(85)\/cloudfront-us-east-1.images.arcpublishing.com\/infobae\/MGYRCPIORJF5RKXHLQLGB72NI4.jpg 768w,https:\/\/www.infobae.com\/new-resizer\/KWqarF2rkI__u7RrHcYBasmee9o=\/992x744\/filters:format(webp):quality(85)\/cloudfront-us-east-1.images.arcpublishing.com\/infobae\/MGYRCPIORJF5RKXHLQLGB72NI4.jpg 992w,https:\/\/www.infobae.com\/new-resizer\/qHnAmFBO-FeDCu5_pbvCf03ne_s=\/1200x900\/filters:format(webp):quality(85)\/cloudfront-us-east-1.images.arcpublishing.com\/infobae\/MGYRCPIORJF5RKXHLQLGB72NI4.jpg 1200w,https:\/\/www.infobae.com\/new-resizer\/Khvb2yjQSOnfdEcccXI1TnHdMfw=\/1440x1080\/filters:format(webp):quality(85)\/cloudfront-us-east-1.images.arcpublishing.com\/infobae\/MGYRCPIORJF5RKXHLQLGB72NI4.jpg 1440w\" alt=\"Plano del primer nivel ubicado en el piso 12 del edificio\" width=\"1011\" height=\"768\" data-src=\"https:\/\/www.infobae.com\/new-resizer\/iMhI1-YhTDe4Oaqt5lmxPAtAFco=\/420x315\/filters:format(webp):quality(85)\/cloudfront-us-east-1.images.arcpublishing.com\/infobae\/MGYRCPIORJF5RKXHLQLGB72NI4.jpg 420w\" \/>Plano del primer nivel ubicado en el piso 12 del edificio<\/div>\n<p class=\"paragraph\" data-mrf-recirculation=\"Links inline\">Una gran sala de jard\u00edn de invierno conecta con una terraza que incluye pileta y vestuarios. Todo en su conjunto es muy luminoso.<\/p>\n<div class=\"blockquote\">\n<blockquote class=\"color_figcaption\"><p>Esta cotizada vivienda tiene vistas panor\u00e1micas hacia la ciudad, el Parque Japon\u00e9s, Plaza Alemania y el r\u00edo de la Plata hacia el contra frente. Con balcones corridos<\/p><\/blockquote>\n<\/div>\n<p class=\"paragraph\" data-mrf-recirculation=\"Links inline\">La propiedad tambi\u00e9n cuenta con dos toilettes, una cocina profesional y un amplio sector de servicios.<\/p>\n<div class=\"visual__image\"><img loading=\"lazy\" decoding=\"async\" class=\"\" src=\"https:\/\/www.infobae.com\/new-resizer\/q9OYYJrmPwcTBhxaJUMwOnUztr0=\/420x280\/filters:format(webp):quality(85)\/cloudfront-us-east-1.images.arcpublishing.com\/infobae\/4WLY7K3DANCC7G6JVMDFV3QUYY.jpg%20420w\" sizes=\"auto, (min-width: 1560px) 856px, (min-width: 1000px) calc(74.63vw - 293px), (min-width: 780px) calc(100vw - 376px), (min-width: 580px) calc(100vw - 32px), 100vw\" srcset=\"https:\/\/www.infobae.com\/new-resizer\/q9OYYJrmPwcTBhxaJUMwOnUztr0=\/420x280\/filters:format(webp):quality(85)\/cloudfront-us-east-1.images.arcpublishing.com\/infobae\/4WLY7K3DANCC7G6JVMDFV3QUYY.jpg 420w,https:\/\/www.infobae.com\/new-resizer\/RFYb7jUCU-F6vAw0bpnQwblChdk=\/768x512\/filters:format(webp):quality(85)\/cloudfront-us-east-1.images.arcpublishing.com\/infobae\/4WLY7K3DANCC7G6JVMDFV3QUYY.jpg 768w,https:\/\/www.infobae.com\/new-resizer\/kONA5FZaZvv_CEkx_f0s4t-_iNg=\/992x661\/filters:format(webp):quality(85)\/cloudfront-us-east-1.images.arcpublishing.com\/infobae\/4WLY7K3DANCC7G6JVMDFV3QUYY.jpg 992w,https:\/\/www.infobae.com\/new-resizer\/WzoQ0UuKNitVqHDZIBF1sSJ13TA=\/1200x800\/filters:format(webp):quality(85)\/cloudfront-us-east-1.images.arcpublishing.com\/infobae\/4WLY7K3DANCC7G6JVMDFV3QUYY.jpg 1200w,https:\/\/www.infobae.com\/new-resizer\/sAN6ROGAL-L_na8M5M63r3yFbnM=\/1440x960\/filters:format(webp):quality(85)\/cloudfront-us-east-1.images.arcpublishing.com\/infobae\/4WLY7K3DANCC7G6JVMDFV3QUYY.jpg 1440w\" alt=\"Con biblioteca y boiserie en sus paredes\" width=\"1152\" height=\"768\" data-src=\"https:\/\/www.infobae.com\/new-resizer\/q9OYYJrmPwcTBhxaJUMwOnUztr0=\/420x280\/filters:format(webp):quality(85)\/cloudfront-us-east-1.images.arcpublishing.com\/infobae\/4WLY7K3DANCC7G6JVMDFV3QUYY.jpg 420w\" \/>Con biblioteca y boiserie en sus paredes<\/div>\n<p class=\"paragraph\" data-mrf-recirculation=\"Links inline\"><b>V\u00edctor Sedani<\/b>, de Sedani Propiedades, quien tambi\u00e9n tuvo la propiedad en venta, dijo a\u00a0<b>Infobae<\/b>\u00a0que \u201cesta vivienda asombra desde el ingreso por su gran amplitud. Es \u00fanica en CABA y el vestidor que usaba Amalita ten\u00eda m\u00e1s de 100 m2, era otro departamento dentro de la misma superficie\u201d.<\/p>\n<p class=\"paragraph\" data-mrf-recirculation=\"Links inline\">El \u00e1rea de dormitorios cuenta con una suite principal que incluye un living \u00edntimo y un ba\u00f1o de m\u00e1rmol sectorizado, conectado a una terraza.<\/p>\n<div class=\"visual__image\"><img loading=\"lazy\" decoding=\"async\" class=\"\" src=\"https:\/\/www.infobae.com\/new-resizer\/TtAhIVHZKVW_h2xWGKpqcIjUP1c=\/420x280\/filters:format(webp):quality(85)\/cloudfront-us-east-1.images.arcpublishing.com\/infobae\/3QJPPCZVIND5FHQLYGXSLA4ALE.jpg%20420w\" sizes=\"auto, (min-width: 1560px) 856px, (min-width: 1000px) calc(74.63vw - 293px), (min-width: 780px) calc(100vw - 376px), (min-width: 580px) calc(100vw - 32px), 100vw\" srcset=\"https:\/\/www.infobae.com\/new-resizer\/TtAhIVHZKVW_h2xWGKpqcIjUP1c=\/420x280\/filters:format(webp):quality(85)\/cloudfront-us-east-1.images.arcpublishing.com\/infobae\/3QJPPCZVIND5FHQLYGXSLA4ALE.jpg 420w,https:\/\/www.infobae.com\/new-resizer\/Sb7n_LH286jv_CitsfPigT6ZZ3g=\/768x512\/filters:format(webp):quality(85)\/cloudfront-us-east-1.images.arcpublishing.com\/infobae\/3QJPPCZVIND5FHQLYGXSLA4ALE.jpg 768w,https:\/\/www.infobae.com\/new-resizer\/mTFcDwamKC2Y7UIdFO7WErsrtaM=\/992x661\/filters:format(webp):quality(85)\/cloudfront-us-east-1.images.arcpublishing.com\/infobae\/3QJPPCZVIND5FHQLYGXSLA4ALE.jpg 992w,https:\/\/www.infobae.com\/new-resizer\/eptveUWfNzqKCjclWQQmYcskKvA=\/1200x800\/filters:format(webp):quality(85)\/cloudfront-us-east-1.images.arcpublishing.com\/infobae\/3QJPPCZVIND5FHQLYGXSLA4ALE.jpg 1200w,https:\/\/www.infobae.com\/new-resizer\/N1Mj0HXwqcQUBrBadecRDyCc0fc=\/1440x960\/filters:format(webp):quality(85)\/cloudfront-us-east-1.images.arcpublishing.com\/infobae\/3QJPPCZVIND5FHQLYGXSLA4ALE.jpg 1440w\" alt=\"Con vista al r\u00edo y balcones corridos (Fotos Gentileza: Emily Salzmann Inmobiliaria)\" width=\"1152\" height=\"768\" data-src=\"https:\/\/www.infobae.com\/new-resizer\/TtAhIVHZKVW_h2xWGKpqcIjUP1c=\/420x280\/filters:format(webp):quality(85)\/cloudfront-us-east-1.images.arcpublishing.com\/infobae\/3QJPPCZVIND5FHQLYGXSLA4ALE.jpg 420w\" \/>Con vista al r\u00edo y balcones corridos (Fotos Gentileza: Emily Salzmann Inmobiliaria)<\/div>\n<p class=\"paragraph\" data-mrf-recirculation=\"Links inline\">Adem\u00e1s, hay otras dos suites con sus respectivos cuartos de vestir, y la posibilidad de agregar m\u00e1s dormitorios en suite.<\/p>\n<p class=\"paragraph\" data-mrf-recirculation=\"Links inline\">La propiedad cuenta con una biblioteca totalmente revestida con elegant\u00edsima boiserie, un gimnasio y un amplio sector de servicios.<\/p>\n<p class=\"paragraph\" data-mrf-recirculation=\"Links inline\">\u201cCabe destacar la gran calidad de todos sus materiales, herrajes, carpinter\u00eda, y los pisos de roble y m\u00e1rmol, todos en impecable estado. La vivienda tambi\u00e9n dispone de servicios centrales y un grupo electr\u00f3geno propio\u201d, informa la inmobiliaria\u00a0<b>Emily Salzmann<\/b>, que la comercializa actualmente.<\/p>\n<div class=\"visual__image\"><img loading=\"lazy\" decoding=\"async\" class=\"\" src=\"https:\/\/www.infobae.com\/new-resizer\/F1a0B9tjfKEyP5Ze6VfhiPQDRms=\/420x280\/filters:format(webp):quality(85)\/cloudfront-us-east-1.images.arcpublishing.com\/infobae\/NCKNSRIZ3RFRJJA5AY5STQB6CM.jpg%20420w\" sizes=\"auto, (min-width: 1560px) 856px, (min-width: 1000px) calc(74.63vw - 293px), (min-width: 780px) calc(100vw - 376px), (min-width: 580px) calc(100vw - 32px), 100vw\" srcset=\"https:\/\/www.infobae.com\/new-resizer\/F1a0B9tjfKEyP5Ze6VfhiPQDRms=\/420x280\/filters:format(webp):quality(85)\/cloudfront-us-east-1.images.arcpublishing.com\/infobae\/NCKNSRIZ3RFRJJA5AY5STQB6CM.jpg 420w,https:\/\/www.infobae.com\/new-resizer\/cQz9RfxZp-0psAMkn4sB3J9J1AU=\/768x512\/filters:format(webp):quality(85)\/cloudfront-us-east-1.images.arcpublishing.com\/infobae\/NCKNSRIZ3RFRJJA5AY5STQB6CM.jpg 768w,https:\/\/www.infobae.com\/new-resizer\/Acug5NTvaE4S1RKDM4IdYfrhLf4=\/992x661\/filters:format(webp):quality(85)\/cloudfront-us-east-1.images.arcpublishing.com\/infobae\/NCKNSRIZ3RFRJJA5AY5STQB6CM.jpg 992w,https:\/\/www.infobae.com\/new-resizer\/aUIpyREhaQPkPdLKhw2ug3WC6bM=\/1200x800\/filters:format(webp):quality(85)\/cloudfront-us-east-1.images.arcpublishing.com\/infobae\/NCKNSRIZ3RFRJJA5AY5STQB6CM.jpg 1200w,https:\/\/www.infobae.com\/new-resizer\/HdALusNMs7Xo7uNcyG8wr8-BHVk=\/1440x960\/filters:format(webp):quality(85)\/cloudfront-us-east-1.images.arcpublishing.com\/infobae\/NCKNSRIZ3RFRJJA5AY5STQB6CM.jpg 1440w\" alt=\"Se\u00f1orial y lujoso \" width=\"1152\" height=\"768\" data-src=\"https:\/\/www.infobae.com\/new-resizer\/F1a0B9tjfKEyP5Ze6VfhiPQDRms=\/420x280\/filters:format(webp):quality(85)\/cloudfront-us-east-1.images.arcpublishing.com\/infobae\/NCKNSRIZ3RFRJJA5AY5STQB6CM.jpg 420w\" \/>Se\u00f1orial y lujoso<\/div>\n<p class=\"paragraph\" data-mrf-recirculation=\"Links inline\">Como el edificio fue construido hace unos 60 a\u00f1os, no era habitual que se incluyeran amenities. Sin embargo, la vivienda que habit\u00f3 Amalita cuenta con piscina, gimnasio y otras \u00e1reas sociales.<\/p>\n<p class=\"paragraph\" data-mrf-recirculation=\"Links inline\">Con 5 dormitorios, 4 ba\u00f1os y seguridad las 24 horas, es una propiedad ideal para un usuario final. Desde el mercado inmobiliario destacaron que, por el momento, los interesados son compradores locales, no del extranjero.<\/p>\n<div class=\"visual__image\"><img loading=\"lazy\" decoding=\"async\" class=\"\" src=\"https:\/\/www.infobae.com\/new-resizer\/UKFFqoYh5e-P8DyTWFIIYvXG2Rw=\/420x315\/filters:format(webp):quality(85)\/cloudfront-us-east-1.images.arcpublishing.com\/infobae\/VUHC6GC7MRDARNGLYOCJLS4Y5M.jpg%20420w\" sizes=\"auto, (min-width: 1560px) 856px, (min-width: 1000px) calc(74.63vw - 293px), (min-width: 780px) calc(100vw - 376px), (min-width: 580px) calc(100vw - 32px), 100vw\" srcset=\"https:\/\/www.infobae.com\/new-resizer\/UKFFqoYh5e-P8DyTWFIIYvXG2Rw=\/420x315\/filters:format(webp):quality(85)\/cloudfront-us-east-1.images.arcpublishing.com\/infobae\/VUHC6GC7MRDARNGLYOCJLS4Y5M.jpg 420w,https:\/\/www.infobae.com\/new-resizer\/FZ1kv64LuOzfuDGW7P_UpcQT6iw=\/768x576\/filters:format(webp):quality(85)\/cloudfront-us-east-1.images.arcpublishing.com\/infobae\/VUHC6GC7MRDARNGLYOCJLS4Y5M.jpg 768w,https:\/\/www.infobae.com\/new-resizer\/ylFqAkpYR692UF7n-OMlNuFRDcE=\/992x744\/filters:format(webp):quality(85)\/cloudfront-us-east-1.images.arcpublishing.com\/infobae\/VUHC6GC7MRDARNGLYOCJLS4Y5M.jpg 992w,https:\/\/www.infobae.com\/new-resizer\/NrNkss76LT2TRmT0HWUyHuVfFyc=\/1200x900\/filters:format(webp):quality(85)\/cloudfront-us-east-1.images.arcpublishing.com\/infobae\/VUHC6GC7MRDARNGLYOCJLS4Y5M.jpg 1200w,https:\/\/www.infobae.com\/new-resizer\/PP9AAlEyovy85jsgreKXhUkmhOU=\/1440x1080\/filters:format(webp):quality(85)\/cloudfront-us-east-1.images.arcpublishing.com\/infobae\/VUHC6GC7MRDARNGLYOCJLS4Y5M.jpg 1440w\" alt=\"Plano del piso 13\" width=\"999\" height=\"768\" data-src=\"https:\/\/www.infobae.com\/new-resizer\/UKFFqoYh5e-P8DyTWFIIYvXG2Rw=\/420x315\/filters:format(webp):quality(85)\/cloudfront-us-east-1.images.arcpublishing.com\/infobae\/VUHC6GC7MRDARNGLYOCJLS4Y5M.jpg 420w\" \/>Plano del piso 13<\/div>\n<p class=\"paragraph\" data-mrf-recirculation=\"Links inline\">En los planos de ambos pisos se puede observar la gran amplitud de la propiedad y como est\u00e1n conformados sus m\u00e1s de 15 ambientes.<\/p>\n<p class=\"paragraph\" data-mrf-recirculation=\"Links inline\">Cuentan que en el edificio, para extremar la seguridad, ella se encargaba de cubrir todos los detalles y abonaba los gastos de seguridad para que los vecinos de los pisos inferiores no pagaran tanto de expensas. Actualmente, se calcula que las expensas en este edificio superan los $1,3 millones por mes.<\/p>\n<div class=\"visual__image\"><img loading=\"lazy\" decoding=\"async\" class=\"\" src=\"https:\/\/www.infobae.com\/new-resizer\/bMJ-y25caBTXnrxvFGwEbnTfKKU=\/420x280\/filters:format(webp):quality(85)\/cloudfront-us-east-1.images.arcpublishing.com\/infobae\/KYINCTZEBBC2VFU4CSXJR4IGBY.jpg%20420w\" sizes=\"auto, (min-width: 1560px) 856px, (min-width: 1000px) calc(74.63vw - 293px), (min-width: 780px) calc(100vw - 376px), (min-width: 580px) calc(100vw - 32px), 100vw\" srcset=\"https:\/\/www.infobae.com\/new-resizer\/bMJ-y25caBTXnrxvFGwEbnTfKKU=\/420x280\/filters:format(webp):quality(85)\/cloudfront-us-east-1.images.arcpublishing.com\/infobae\/KYINCTZEBBC2VFU4CSXJR4IGBY.jpg 420w,https:\/\/www.infobae.com\/new-resizer\/YNHxOm2SMT8krR932jFZvWenYGc=\/768x512\/filters:format(webp):quality(85)\/cloudfront-us-east-1.images.arcpublishing.com\/infobae\/KYINCTZEBBC2VFU4CSXJR4IGBY.jpg 768w,https:\/\/www.infobae.com\/new-resizer\/h-tzrTEnjV575vjSFY1XdWpnWnY=\/992x661\/filters:format(webp):quality(85)\/cloudfront-us-east-1.images.arcpublishing.com\/infobae\/KYINCTZEBBC2VFU4CSXJR4IGBY.jpg 992w,https:\/\/www.infobae.com\/new-resizer\/cTLLKBqM98DOugq7eoQFldyyuiY=\/1200x800\/filters:format(webp):quality(85)\/cloudfront-us-east-1.images.arcpublishing.com\/infobae\/KYINCTZEBBC2VFU4CSXJR4IGBY.jpg 1200w,https:\/\/www.infobae.com\/new-resizer\/qNUoUwKPRmyQX7Yf-3ArsSuJYws=\/1440x960\/filters:format(webp):quality(85)\/cloudfront-us-east-1.images.arcpublishing.com\/infobae\/KYINCTZEBBC2VFU4CSXJR4IGBY.jpg 1440w\" alt=\"Uno de los ba\u00f1os que fue reformado\" width=\"1152\" height=\"768\" data-src=\"https:\/\/www.infobae.com\/new-resizer\/bMJ-y25caBTXnrxvFGwEbnTfKKU=\/420x280\/filters:format(webp):quality(85)\/cloudfront-us-east-1.images.arcpublishing.com\/infobae\/KYINCTZEBBC2VFU4CSXJR4IGBY.jpg 420w\" \/>Uno de los ba\u00f1os que fue reformado<\/div>\n<div class=\"headline-wrapper\">\n<h2 class=\"header headline-class-h2\">La reina del cemento<\/h2>\n<\/div>\n<p class=\"paragraph\" data-mrf-recirculation=\"Links inline\">Amalia Lacroze naci\u00f3 en Buenos Aires el 15 de agosto de 1921 y falleci\u00f3 en esta ciudad el 18 de febrero de 2012. Durante su juventud se convirti\u00f3 en un \u00edcono de la moda y particip\u00f3 en diversas obras ben\u00e9ficas. En 1942 se cas\u00f3 con el abogado\u00a0<b>Hern\u00e1n de Lafuente<\/b>, con quien tuvo a su \u00fanica hija,\u00a0<b>Mar\u00eda In\u00e9s de Lafuente<\/b>, quien falleci\u00f3 en 2015. Tras un largo proceso de divorcio, se cas\u00f3 en 1955 con\u00a0<b>Alfredo Fortabat<\/b>, fundador de Loma Negra, y lo acompa\u00f1\u00f3 en sus viajes de negocios al extranjero.<\/p>\n<p class=\"paragraph\" data-mrf-recirculation=\"Links inline\">El 10 de enero de 1976, Alfredo Fortabat falleci\u00f3 a causa de un ACV a los 81 a\u00f1os. A partir de ese momento, Amalita, asumi\u00f3 un rol p\u00fablico y activo al frente de la empresa familiar. Cinco meses despu\u00e9s, dej\u00f3 el luto y comenz\u00f3 su carrera empresarial.<\/p>\n<div class=\"visual__image\"><img loading=\"lazy\" decoding=\"async\" class=\"\" src=\"https:\/\/www.infobae.com\/new-resizer\/1_i32y4ui3dj8tFZ5bqFsNtokPo=\/420x236\/filters:format(webp):quality(85)\/cloudfront-us-east-1.images.arcpublishing.com\/infobae\/EWQYB6TMYRFRTBZMIWQTXIZT4I.jpeg%20420w\" sizes=\"auto, (min-width: 1560px) 856px, (min-width: 1000px) calc(74.63vw - 293px), (min-width: 780px) calc(100vw - 376px), (min-width: 580px) calc(100vw - 32px), 100vw\" srcset=\"https:\/\/www.infobae.com\/new-resizer\/1_i32y4ui3dj8tFZ5bqFsNtokPo=\/420x236\/filters:format(webp):quality(85)\/cloudfront-us-east-1.images.arcpublishing.com\/infobae\/EWQYB6TMYRFRTBZMIWQTXIZT4I.jpeg 420w,https:\/\/www.infobae.com\/new-resizer\/77mmwSG3qK5jgoiO5r6wsAA8lgI=\/768x432\/filters:format(webp):quality(85)\/cloudfront-us-east-1.images.arcpublishing.com\/infobae\/EWQYB6TMYRFRTBZMIWQTXIZT4I.jpeg 768w,https:\/\/www.infobae.com\/new-resizer\/rGrdgl2oyJSZHEy77DPOxLN9J-g=\/992x558\/filters:format(webp):quality(85)\/cloudfront-us-east-1.images.arcpublishing.com\/infobae\/EWQYB6TMYRFRTBZMIWQTXIZT4I.jpeg 992w,https:\/\/www.infobae.com\/new-resizer\/2Kx7qnrNdNBpWz_tKst1jzsCbig=\/1200x675\/filters:format(webp):quality(85)\/cloudfront-us-east-1.images.arcpublishing.com\/infobae\/EWQYB6TMYRFRTBZMIWQTXIZT4I.jpeg 1200w,https:\/\/www.infobae.com\/new-resizer\/OLkABo5WqU8ZbLVZ9gTvG6j2c98=\/1440x810\/filters:format(webp):quality(85)\/cloudfront-us-east-1.images.arcpublishing.com\/infobae\/EWQYB6TMYRFRTBZMIWQTXIZT4I.jpeg 1440w\" alt=\"Amalita Lacroze de Fortabat en un evento de Loma Negra\" width=\"1920\" height=\"1079\" data-src=\"https:\/\/www.infobae.com\/new-resizer\/1_i32y4ui3dj8tFZ5bqFsNtokPo=\/420x236\/filters:format(webp):quality(85)\/cloudfront-us-east-1.images.arcpublishing.com\/infobae\/EWQYB6TMYRFRTBZMIWQTXIZT4I.jpeg 420w\" \/>Amalita Lacroze de Fortabat en un evento de Loma Negra<\/div>\n<p class=\"paragraph\" data-mrf-recirculation=\"Links inline\">Amalita no se apoy\u00f3 s\u00f3lo en los hombres de confianza de su esposo; molde\u00f3 la conducci\u00f3n a su medida y supo mantener aceitados los v\u00ednculos con el poder. Durante el Proceso, se convirti\u00f3 en la mayor proveedora de importantes obras p\u00fablicas. Su influencia continu\u00f3 durante los gobiernos de Ra\u00fal Alfons\u00edn y Carlos Menem.<\/p>\n<p class=\"paragraph\" data-mrf-recirculation=\"Links inline\">Se identific\u00f3 como alfonsinista y particip\u00f3 en delegaciones oficiales, aunque rechaz\u00f3 una candidatura a vicegobernadora de Buenos Aires en 1983. Desarroll\u00f3 una cercana relaci\u00f3n personal con Menem, quien la nombr\u00f3 Presidenta del Fondo Nacional de las Artes y Embajadora Plenipotenciaria, gan\u00e1ndose el apodo de \u201cLa Dama de Cemento\u201d.<\/p>\n<div class=\"visual__image\"><img loading=\"lazy\" decoding=\"async\" class=\"\" src=\"https:\/\/www.infobae.com\/new-resizer\/EH1hyXsP5q_8R7ChBQemHAq5Yhs=\/420x280\/filters:format(webp):quality(85)\/cloudfront-us-east-1.images.arcpublishing.com\/infobae\/4VCELEUHJ5FOXJDHZEUOS3YKHY.jpg%20420w\" sizes=\"auto, (min-width: 1560px) 856px, (min-width: 1000px) calc(74.63vw - 293px), (min-width: 780px) calc(100vw - 376px), (min-width: 580px) calc(100vw - 32px), 100vw\" srcset=\"https:\/\/www.infobae.com\/new-resizer\/EH1hyXsP5q_8R7ChBQemHAq5Yhs=\/420x280\/filters:format(webp):quality(85)\/cloudfront-us-east-1.images.arcpublishing.com\/infobae\/4VCELEUHJ5FOXJDHZEUOS3YKHY.jpg 420w,https:\/\/www.infobae.com\/new-resizer\/ZmKCeiMKFbzxOo7DRdeThtZPvaU=\/768x512\/filters:format(webp):quality(85)\/cloudfront-us-east-1.images.arcpublishing.com\/infobae\/4VCELEUHJ5FOXJDHZEUOS3YKHY.jpg 768w,https:\/\/www.infobae.com\/new-resizer\/oPvgOQDpT9xJdZl5fnXVf28Cu0U=\/992x661\/filters:format(webp):quality(85)\/cloudfront-us-east-1.images.arcpublishing.com\/infobae\/4VCELEUHJ5FOXJDHZEUOS3YKHY.jpg 992w,https:\/\/www.infobae.com\/new-resizer\/uTEmQEAe9Kzi9AoLWfdkINZ7Dvw=\/1200x800\/filters:format(webp):quality(85)\/cloudfront-us-east-1.images.arcpublishing.com\/infobae\/4VCELEUHJ5FOXJDHZEUOS3YKHY.jpg 1200w,https:\/\/www.infobae.com\/new-resizer\/9nIMGaE29sPBBS1xbUVhfBRELWo=\/1440x960\/filters:format(webp):quality(85)\/cloudfront-us-east-1.images.arcpublishing.com\/infobae\/4VCELEUHJ5FOXJDHZEUOS3YKHY.jpg 1440w\" alt=\"Con piscina y terraza propia\" width=\"1152\" height=\"768\" data-src=\"https:\/\/www.infobae.com\/new-resizer\/EH1hyXsP5q_8R7ChBQemHAq5Yhs=\/420x280\/filters:format(webp):quality(85)\/cloudfront-us-east-1.images.arcpublishing.com\/infobae\/4VCELEUHJ5FOXJDHZEUOS3YKHY.jpg 420w\" \/>Con piscina y terraza propia<\/div>\n<p class=\"paragraph\" data-mrf-recirculation=\"Links inline\">Otra muestra de su contacto con el poder: una de las \u00faltimas audiencias oficiales de De la R\u00faa como presidente, el 19 de diciembre de 2001, fue a Amalita, preocupada por las deudas de su empresa debido a la crisis econ\u00f3mica. Hasta el final busc\u00f3 influir para obtener decretos y resoluciones favorables.<\/p>\n<p class=\"paragraph\" data-mrf-recirculation=\"Links inline\">Su actividad filantr\u00f3pica y social fue muy activa durante toda su vida. En Olavarr\u00eda, los Fortabat fueron generosos y atentos a las necesidades de los empleados de la f\u00e1brica y los habitantes de la ciudad. Adem\u00e1s de grandes donaciones y la construcci\u00f3n de edificios p\u00fablicos, durante d\u00e9cadas colaboraron con gastos m\u00e9dicos de emergencia, consiguiendo los mejores m\u00e9dicos y tratamientos costosos. Tambi\u00e9n otorgaron numerosas becas para que los empleados y sus hijos pudieran estudiar en distintas universidades e institutos.<\/p>\n<p class=\"paragraph\" data-mrf-recirculation=\"Links inline\">Tambi\u00e9n fue una gran coleccionista de arte. En 1980 compr\u00f3 un Turner por USD 7.000.000, un r\u00e9cord en ese momento. A principios de los 2000, vendi\u00f3 algunos cuadros para pagar deudas de la empresa, pero su colecci\u00f3n sigui\u00f3 siendo una de las mejores de Am\u00e9rica Latina. El Museo Fortabat en el Dique 4 de Puerto Madero exhibe cientos de obras que le pertenecieron.<\/p>\n<div class=\"visual__image\"><img loading=\"lazy\" decoding=\"async\" class=\"\" src=\"https:\/\/www.infobae.com\/new-resizer\/YNFLeFtAuu_UXtsfxfvD2ltS8KU=\/420x280\/filters:format(webp):quality(85)\/cloudfront-us-east-1.images.arcpublishing.com\/infobae\/B3YNEJBXUFH35PBLSGJH6L2IVY.jpeg%20420w\" sizes=\"auto, (min-width: 1560px) 856px, (min-width: 1000px) calc(74.63vw - 293px), (min-width: 780px) calc(100vw - 376px), (min-width: 580px) calc(100vw - 32px), 100vw\" srcset=\"https:\/\/www.infobae.com\/new-resizer\/YNFLeFtAuu_UXtsfxfvD2ltS8KU=\/420x280\/filters:format(webp):quality(85)\/cloudfront-us-east-1.images.arcpublishing.com\/infobae\/B3YNEJBXUFH35PBLSGJH6L2IVY.jpeg 420w,https:\/\/www.infobae.com\/new-resizer\/y__bZRktVXA1DP7GW4qzX96w74U=\/768x512\/filters:format(webp):quality(85)\/cloudfront-us-east-1.images.arcpublishing.com\/infobae\/B3YNEJBXUFH35PBLSGJH6L2IVY.jpeg 768w,https:\/\/www.infobae.com\/new-resizer\/R9YO-cm_ocy-z_VBd0pU5KTSPgY=\/992x661\/filters:format(webp):quality(85)\/cloudfront-us-east-1.images.arcpublishing.com\/infobae\/B3YNEJBXUFH35PBLSGJH6L2IVY.jpeg 992w,https:\/\/www.infobae.com\/new-resizer\/U4QZrm_acZ2eVmsRE4GzjJznGbE=\/1200x800\/filters:format(webp):quality(85)\/cloudfront-us-east-1.images.arcpublishing.com\/infobae\/B3YNEJBXUFH35PBLSGJH6L2IVY.jpeg 1200w,https:\/\/www.infobae.com\/new-resizer\/QF3M-Q2r6IQEPalzwVm3A2HdzN4=\/1440x960\/filters:format(webp):quality(85)\/cloudfront-us-east-1.images.arcpublishing.com\/infobae\/B3YNEJBXUFH35PBLSGJH6L2IVY.jpeg 1440w\" alt=\"Imagen de 1997: Amalita junto al ex presidente Carlos Menem\" width=\"1920\" height=\"1280\" data-src=\"https:\/\/www.infobae.com\/new-resizer\/YNFLeFtAuu_UXtsfxfvD2ltS8KU=\/420x280\/filters:format(webp):quality(85)\/cloudfront-us-east-1.images.arcpublishing.com\/infobae\/B3YNEJBXUFH35PBLSGJH6L2IVY.jpeg 420w\" \/>Imagen de 1997: Amalita junto al ex presidente Carlos Menem<\/div>\n<p class=\"paragraph\" data-mrf-recirculation=\"Links inline\">Tras varias crisis econ\u00f3micas, vendi\u00f3 Loma Negra en 2005 a la empresa brasile\u00f1a Camargo Correa por 1.025 millones de d\u00f3lares.<\/p>\n<p class=\"paragraph\" data-mrf-recirculation=\"Links inline\">Adem\u00e1s del penthouse en Palermo Chico, Amalita Fortabat pose\u00eda varios inmuebles como una casa en Libertador y San Mart\u00edn de Tours, otra en San Isidro, y otra en Mar del Plata. Tambi\u00e9n contaba con un edificio en Diagonal Norte 634, donde funcionaba la sede de Loma Negra, y un d\u00faplex en el Hotel Pierre en Nueva York, que fue vendido hace m\u00e1s de 13 a\u00f1os.<\/p>\n","protected":false},"excerpt":{"rendered":"<p>En un mercado inmobiliario que parece estar en pleno repunte, sali\u00f3 a la venta la propiedad m\u00e1s cara de la ciudad de Buenos Aires. Se trata del espectacular penthouse que habit\u00f3\u00a0Amalia Lacroze de Fortabat\u00a0hasta su fallecimiento en 2012. La empresaria m\u00e1s importante de la Argentina lleg\u00f3 a amasar una fortuna cercana a los USD 1.800 [&hellip;]<\/p>\n","protected":false},"author":2,"featured_media":20699,"comment_status":"closed","ping_status":"closed","sticky":false,"template":"","format":"standard","meta":{"footnotes":""},"categories":[86],"tags":[],"class_list":{"0":"post-20698","1":"post","2":"type-post","3":"status-publish","4":"format-standard","5":"has-post-thumbnail","7":"category-sociedad"},"_links":{"self":[{"href":"https:\/\/radiobitacora.com.ar\/web\/wp-json\/wp\/v2\/posts\/20698","targetHints":{"allow":["GET"]}}],"collection":[{"href":"https:\/\/radiobitacora.com.ar\/web\/wp-json\/wp\/v2\/posts"}],"about":[{"href":"https:\/\/radiobitacora.com.ar\/web\/wp-json\/wp\/v2\/types\/post"}],"author":[{"embeddable":true,"href":"https:\/\/radiobitacora.com.ar\/web\/wp-json\/wp\/v2\/users\/2"}],"replies":[{"embeddable":true,"href":"https:\/\/radiobitacora.com.ar\/web\/wp-json\/wp\/v2\/comments?post=20698"}],"version-history":[{"count":0,"href":"https:\/\/radiobitacora.com.ar\/web\/wp-json\/wp\/v2\/posts\/20698\/revisions"}],"wp:featuredmedia":[{"embeddable":true,"href":"https:\/\/radiobitacora.com.ar\/web\/wp-json\/wp\/v2\/media\/20699"}],"wp:attachment":[{"href":"https:\/\/radiobitacora.com.ar\/web\/wp-json\/wp\/v2\/media?parent=20698"}],"wp:term":[{"taxonomy":"category","embeddable":true,"href":"https:\/\/radiobitacora.com.ar\/web\/wp-json\/wp\/v2\/categories?post=20698"},{"taxonomy":"post_tag","embeddable":true,"href":"https:\/\/radiobitacora.com.ar\/web\/wp-json\/wp\/v2\/tags?post=20698"}],"curies":[{"name":"wp","href":"https:\/\/api.w.org\/{rel}","templated":true}]}}