{"id":20757,"date":"2024-06-03T07:31:15","date_gmt":"2024-06-03T10:31:15","guid":{"rendered":"https:\/\/radiobitacora.com.ar\/web\/?p=20757"},"modified":"2024-06-03T07:31:15","modified_gmt":"2024-06-03T10:31:15","slug":"milei-apunto-contra-el-kirchnerismo-por-las-denuncias-a-pettovello","status":"publish","type":"post","link":"https:\/\/radiobitacora.com.ar\/web\/2024\/06\/03\/milei-apunto-contra-el-kirchnerismo-por-las-denuncias-a-pettovello\/","title":{"rendered":"Milei apunt\u00f3 contra el kirchnerismo por las denuncias a Pettovello"},"content":{"rendered":"<p>El presidente Javier Milei volvi\u00f3 a defender a la ministra de Capital Humano, Sandra Pettovello, y responsabiliz\u00f3 al kirchnerismo por las cr\u00edticas hacia la funcionaria.<\/p>\n<p>\u201cNo sea cosa que por las distintas estrategias que est\u00e1n montando desde los medios afines a ellos, sedientos de pauta, que reciben pauta de la provincia de Buenos Aires&#8230; No sea cosa que adem\u00e1s quieran plantar muertos\u201d, insinu\u00f3 el mandatario nacional.<\/p>\n<p>En medio de los cuestionamientos por la pol\u00e9mica de los alimentos, que deriv\u00f3 en el desplazamiento del hasta entonces secretario de Ni\u00f1ez y Familia, Pablo de la Torre, el jefe de Estado no descart\u00f3 \u201cque este conjunto de delincuentes kirchneristas quieran tirar un muerto\u201d.<\/p>\n<p>\u201cSi usted quiere romper a los intermediarios, que son unos delincuentes, lo van a acusar de ir en contra, de matar pobres&#8230;\u201d, contest\u00f3 Milei, durante una entrevista que brind\u00f3 a Radio Mitre, en la que asegur\u00f3 que la oposici\u00f3n le da \u201cpena porque no tienen altura de ninguna caracter\u00edstica para entender la magnitud\u201d de lo que est\u00e1 haciendo el Gobierno.<\/p>\n<div class=\"container_publi\" data-tipo=\"tipo_desktop \" data-pos=\"AMP_P1_cuerpo\">\n<div class=\"gpt-load\" data-gpt=\"\/22675780113\/nota\/AMP_cuerpo_x\" data-size=\"[750,300]\"><\/div>\n<\/div>\n<p>\u201cLo que est\u00e1 pasando en Capital Humano es que hay una ministra valiente, capaz, y con todas las agallas necesarias para enfrentar a todo este conjunto de delincuentes. Y que no solo se queda en una denuncia medi\u00e1tica. Va y lo lleva a la justicia\u201d, agreg\u00f3.<\/p>\n<p>\u201c\u00bfQu\u00e9 va a esperar usted de un kirchnerista? Lo l\u00f3gico es que la traten de operar, que la ensucien por los medios, que le inventen cosas, que digan barbaridades sobre ella para tratar de desprestigiar. En lugar de decir \u2018es falso lo que est\u00e1 diciendo\u2019, no. La tratan de ensuciar, le tratan de hacer trampa, para que ella y su equipo se intimiden\u201d, agreg\u00f3.<\/p>\n<p>Ofuscado por las cr\u00edticas que recibi\u00f3 la ministra de Capital Humano y el esc\u00e1ndalo que gener\u00f3 el acopio de alimentos, algo que Milei minimiz\u00f3 y dijo que se trata de un error no representativo, el Presidente dijo: \u201cHay que tener mucho cuidado con esta gente, porque son c\u00ednicos, psic\u00f3patas, no est\u00e1s lidiando con gente normal, sino gente complicada que no tiene problema en mentir, calumniar ni en usar m\u00e9todos no convencionales\u201d.El juez federal Sebasti\u00e1n Casanello orden\u00f3 el s\u00e1bado inspeccionar el dep\u00f3sito donde hay alimentos acopiados por el Ministerio de Capital Humano, ubicado en Villa Martelli, provincia de Buenos Aires. All\u00ed habr\u00eda m\u00e1s de 339.000 kilos de leche en polvo que vencen en julio, seg\u00fan dijo el gobierno de Javier Milei. La orden del magistrado es a ra\u00edz de una denuncia que hizo el dirigente social Juan Grabois a Pettovello.<\/p>\n<p>En paralelo, el viernes, el Juzgado Federal N\u00b02 de Tucum\u00e1n hab\u00eda ordenado que Gendarmer\u00eda haga un inventario de los alimentos acopiados en otro dep\u00f3sito que Capital Humano tiene en la localidad de Taf\u00ed Viejo.<\/p>\n","protected":false},"excerpt":{"rendered":"<p>El presidente Javier Milei volvi\u00f3 a defender a la ministra de Capital Humano, Sandra Pettovello, y responsabiliz\u00f3 al kirchnerismo por las cr\u00edticas hacia la funcionaria. \u201cNo sea cosa que por las distintas estrategias que est\u00e1n montando desde los medios afines a ellos, sedientos de pauta, que reciben pauta de la provincia de Buenos Aires&#8230; No [&hellip;]<\/p>\n","protected":false},"author":2,"featured_media":20758,"comment_status":"closed","ping_status":"closed","sticky":false,"template":"","format":"standard","meta":{"footnotes":""},"categories":[79],"tags":[],"class_list":{"0":"post-20757","1":"post","2":"type-post","3":"status-publish","4":"format-standard","5":"has-post-thumbnail","7":"category-politica"},"_links":{"self":[{"href":"https:\/\/radiobitacora.com.ar\/web\/wp-json\/wp\/v2\/posts\/20757","targetHints":{"allow":["GET"]}}],"collection":[{"href":"https:\/\/radiobitacora.com.ar\/web\/wp-json\/wp\/v2\/posts"}],"about":[{"href":"https:\/\/radiobitacora.com.ar\/web\/wp-json\/wp\/v2\/types\/post"}],"author":[{"embeddable":true,"href":"https:\/\/radiobitacora.com.ar\/web\/wp-json\/wp\/v2\/users\/2"}],"replies":[{"embeddable":true,"href":"https:\/\/radiobitacora.com.ar\/web\/wp-json\/wp\/v2\/comments?post=20757"}],"version-history":[{"count":0,"href":"https:\/\/radiobitacora.com.ar\/web\/wp-json\/wp\/v2\/posts\/20757\/revisions"}],"wp:featuredmedia":[{"embeddable":true,"href":"https:\/\/radiobitacora.com.ar\/web\/wp-json\/wp\/v2\/media\/20758"}],"wp:attachment":[{"href":"https:\/\/radiobitacora.com.ar\/web\/wp-json\/wp\/v2\/media?parent=20757"}],"wp:term":[{"taxonomy":"category","embeddable":true,"href":"https:\/\/radiobitacora.com.ar\/web\/wp-json\/wp\/v2\/categories?post=20757"},{"taxonomy":"post_tag","embeddable":true,"href":"https:\/\/radiobitacora.com.ar\/web\/wp-json\/wp\/v2\/tags?post=20757"}],"curies":[{"name":"wp","href":"https:\/\/api.w.org\/{rel}","templated":true}]}}