{"id":20766,"date":"2024-06-03T07:41:24","date_gmt":"2024-06-03T10:41:24","guid":{"rendered":"https:\/\/radiobitacora.com.ar\/web\/?p=20766"},"modified":"2024-06-03T07:41:24","modified_gmt":"2024-06-03T10:41:24","slug":"un-reconocido-chef-argentino-recordo-su-paso-por-corrientes","status":"publish","type":"post","link":"https:\/\/radiobitacora.com.ar\/web\/2024\/06\/03\/un-reconocido-chef-argentino-recordo-su-paso-por-corrientes\/","title":{"rendered":"Un reconocido chef argentino record\u00f3 su paso por Corrientes"},"content":{"rendered":"<p>El reconocido chef argentino, Francis\u00a0<b>Mallmann,<\/b>\u00a0hiz\u00f3 un posteo en sus redes sociales sobre su paso por los Esteros del Iber\u00e1, en Corrientes.<\/p>\n<p>Mallmann public\u00f3 un mensaje con un texto que decia &#8220;Los esteros de \u00cdbera \u2764\ufe0f&#8221;<\/p>\n<p>El chef record\u00f3 su paso por la provincia, cuando grab\u00f3 los c\u00e1pitulos de &#8220;Misterios del Iber\u00e1&#8221; un programa de cocina que se trasmit\u00eda en televisi\u00f3n.<\/p>\n<p>A partir de 2006, condujo diversos programas en el canal El Gourmet.3\u200b.<\/p>\n<p>Entre sus ciclos se cuentan Los fuegos con Francis Mallmann, Un lugar en Mendoza, Huente-C\u00f3, Desde Garz\u00f3n con Francis Mallmann, Patagonia m\u00eda, La Ruta azul, Los fuegos en Par\u00eds, Vientos del Sur y Misterios del Iber\u00e1.<\/p>\n","protected":false},"excerpt":{"rendered":"<p>El reconocido chef argentino, Francis\u00a0Mallmann,\u00a0hiz\u00f3 un posteo en sus redes sociales sobre su paso por los Esteros del Iber\u00e1, en Corrientes. Mallmann public\u00f3 un mensaje con un texto que decia &#8220;Los esteros de \u00cdbera \u2764\ufe0f&#8221; El chef record\u00f3 su paso por la provincia, cuando grab\u00f3 los c\u00e1pitulos de &#8220;Misterios del Iber\u00e1&#8221; un programa de cocina [&hellip;]<\/p>\n","protected":false},"author":2,"featured_media":20767,"comment_status":"closed","ping_status":"closed","sticky":false,"template":"","format":"standard","meta":{"footnotes":""},"categories":[73],"tags":[],"class_list":{"0":"post-20766","1":"post","2":"type-post","3":"status-publish","4":"format-standard","5":"has-post-thumbnail","7":"category-turismo"},"_links":{"self":[{"href":"https:\/\/radiobitacora.com.ar\/web\/wp-json\/wp\/v2\/posts\/20766","targetHints":{"allow":["GET"]}}],"collection":[{"href":"https:\/\/radiobitacora.com.ar\/web\/wp-json\/wp\/v2\/posts"}],"about":[{"href":"https:\/\/radiobitacora.com.ar\/web\/wp-json\/wp\/v2\/types\/post"}],"author":[{"embeddable":true,"href":"https:\/\/radiobitacora.com.ar\/web\/wp-json\/wp\/v2\/users\/2"}],"replies":[{"embeddable":true,"href":"https:\/\/radiobitacora.com.ar\/web\/wp-json\/wp\/v2\/comments?post=20766"}],"version-history":[{"count":0,"href":"https:\/\/radiobitacora.com.ar\/web\/wp-json\/wp\/v2\/posts\/20766\/revisions"}],"wp:featuredmedia":[{"embeddable":true,"href":"https:\/\/radiobitacora.com.ar\/web\/wp-json\/wp\/v2\/media\/20767"}],"wp:attachment":[{"href":"https:\/\/radiobitacora.com.ar\/web\/wp-json\/wp\/v2\/media?parent=20766"}],"wp:term":[{"taxonomy":"category","embeddable":true,"href":"https:\/\/radiobitacora.com.ar\/web\/wp-json\/wp\/v2\/categories?post=20766"},{"taxonomy":"post_tag","embeddable":true,"href":"https:\/\/radiobitacora.com.ar\/web\/wp-json\/wp\/v2\/tags?post=20766"}],"curies":[{"name":"wp","href":"https:\/\/api.w.org\/{rel}","templated":true}]}}