{"id":20781,"date":"2024-06-04T07:56:54","date_gmt":"2024-06-04T10:56:54","guid":{"rendered":"https:\/\/radiobitacora.com.ar\/web\/?p=20781"},"modified":"2024-06-04T07:56:54","modified_gmt":"2024-06-04T10:56:54","slug":"karina-milei-coloca-a-corrientes-en-la-arquitectura-federal-de-lla","status":"publish","type":"post","link":"https:\/\/radiobitacora.com.ar\/web\/2024\/06\/04\/karina-milei-coloca-a-corrientes-en-la-arquitectura-federal-de-lla\/","title":{"rendered":"Karina Milei coloca a Corrientes en la arquitectura federal de LLA"},"content":{"rendered":"<p>Luego de participar de la gira oficial en El Salvador, la secretaria General de la Presidencia de la Naci\u00f3n, Karina Milei, realiz\u00f3 una rauda visita a Corrientes para estampar su respaldo a la construcci\u00f3n federal de La Libertad Avanza (LLA). El distrito provincial est\u00e1 en v\u00edas de su formalizaci\u00f3n y ya forma parte de la arquitectura del oficialismo nacional con la mirada puesta en las legislativas de 2025, a\u00f1o en que tambi\u00e9n se elige gobernador.<\/p>\n<p>La hermana y persona de m\u00e1xima confianza del presidente, Javier Milei, recorri\u00f3 varias jurisdicciones como La Rioja, donde lidera Menem, C\u00f3rdoba y Santa Fe, para dise\u00f1ar y formalizar el armado pol\u00edtico de LLA como sello nacional. Ayer arrib\u00f3 a la provincia donde particip\u00f3 de la inauguraci\u00f3n de la sede de la fuerza en la ciudad y estuvo presente en la audiencia convocada por el Juzgado Federal para avalar el reconocimiento del distrito Corrientes. Estuvo acompa\u00f1ada por el titular de la C\u00e1mara de Diputados de la Naci\u00f3n, Mart\u00edn Menem. Ambos aterrizaron por la ma\u00f1ana y se trasladaron hasta el Juzgado Federal con competencia electoral a cargo de Juan Carlos Vallejos. All\u00ed se dio curso al tr\u00e1mite de reconocimiento del distrito Corrientes de La Libertad Avanza. En 2023 en la provincia la denominaci\u00f3n funcion\u00f3 como alianza con los partidos Uni\u00f3n Celeste y Blanco y PAIS. Ahora, la &#8220;marca&#8221; de los libertarios ser\u00e1 con sello propio y en la provincia se traduce en un espaldarazo para el diputado nacional Lisandro Almir\u00f3n en medio de las diferencias con otros sectores libertarios por su cercan\u00eda con el peronismo disidente.<\/p>\n<div class=\"1322436-images-embed gallery slick-initialized slick-slider\" data-role=\"m_gallery\"><button class=\"slick-prev slick-arrow\" type=\"button\" aria-label=\"Previous\">Previous<\/button><\/p>\n<div class=\"slick-list draggable\">\n<div class=\"slick-track\">\n<div class=\"image slick-slide slick-current slick-active\" tabindex=\"0\" data-slick-index=\"0\" aria-hidden=\"false\">\n<figure><img decoding=\"async\" src=\"https:\/\/www.diarioepoca.com\/content\/bucket\/0\/1366250h720.jpg.webp\" alt=\"epc040624-003f01.jpg\" \/><figcaption>KARINA MILEI Y MART\u00cdN MENEM, EN LA NUEVA SEDE DE LLA. FUENTE: X.<\/figcaption><\/figure>\n<\/div>\n<div class=\"image slick-slide\" tabindex=\"-1\" data-slick-index=\"1\" aria-hidden=\"true\">\n<figure><img decoding=\"async\" src=\"https:\/\/www.diarioepoca.com\/content\/bucket\/6\/1366276h720.jpg.webp\" alt=\"EPC040624-003F02.JPG\" \/><\/figure>\n<\/div>\n<div class=\"image slick-slide\" tabindex=\"-1\" data-slick-index=\"2\" aria-hidden=\"true\">\n<figure><img decoding=\"async\" src=\"https:\/\/www.diarioepoca.com\/content\/bucket\/7\/1366277h720.jpg.webp\" alt=\"EPC040624-003F03.JPG\" \/><\/figure>\n<\/div>\n<div class=\"image slick-slide\" tabindex=\"-1\" data-slick-index=\"3\" aria-hidden=\"true\">\n<figure><img decoding=\"async\" src=\"https:\/\/www.diarioepoca.com\/content\/bucket\/8\/1366278h720.jpg.webp\" alt=\"EPC040624-003F04.JPG\" \/><\/figure>\n<\/div>\n<div class=\"image slick-slide\" tabindex=\"-1\" data-slick-index=\"4\" aria-hidden=\"true\">\n<figure><img decoding=\"async\" src=\"https:\/\/www.diarioepoca.com\/content\/bucket\/9\/1366279h720.jpg.webp\" alt=\"EPC040624-003F05.JPG\" \/><\/figure>\n<\/div>\n<\/div>\n<\/div>\n<p><button class=\"slick-next slick-arrow\" type=\"button\" aria-label=\"Next\">Next<\/button><\/div>\n<p>Esto abre la posibilidad de un armado s\u00f3lido para las elecciones legislativas de 2025. De repetirse la tendencia del a\u00f1o pasado, el oficialismo nacional podr\u00eda incorporar un nuevo diputado por Corrientes. A lo que se suman las disquisiciones sobre un tercer frente de cara a la carrera por la Gobernaci\u00f3n. &#8220;Este es el puntapi\u00e9 inicial para el 2025 que es muy importante porque Corrientes renueva autoridades provinciales&#8221;, desliz\u00f3 Menem a radio Sudamericana, tras el acto de inauguraci\u00f3n de la sede. Fue el \u00fanico en hablar brevemente con la prensa, ya que Milei opt\u00f3 por no brindar declaraciones. &#8220;Corrientes no es ajena a Argentina, seguramente haremos una buena performance&#8221;, indic\u00f3 con optimismo.<\/p>\n<p>Un gran n\u00famero de militantes libertarios y vecinos se agolparon frente a la nueva sede de la LLA en 25 de Mayo al 1600 para saludar y tomarse fotos con los referentes nacionales. Karina Milei y Mart\u00edn Menem firmaron el libro de visita con una imagen del Presidente en tama\u00f1o natural. El titular de la C\u00e1mara de Diputados de la Naci\u00f3n tom\u00f3 el micr\u00f3fono para los presentes. &#8220;Es un momento muy importante para la pol\u00edtica en Argentina. Empezamos a construir este sue\u00f1o en La Rioja hace dos a\u00f1os. Hoy tenemos un Presidente de La Libertad Avanza y queremos que el partido est\u00e9 en todos los espacios gubernamentales. Este es el punto de partida en Corrientes de la mano de Lisandro Almir\u00f3n&#8221;, expres\u00f3.<\/p>\n","protected":false},"excerpt":{"rendered":"<p>Luego de participar de la gira oficial en El Salvador, la secretaria General de la Presidencia de la Naci\u00f3n, Karina Milei, realiz\u00f3 una rauda visita a Corrientes para estampar su respaldo a la construcci\u00f3n federal de La Libertad Avanza (LLA). El distrito provincial est\u00e1 en v\u00edas de su formalizaci\u00f3n y ya forma parte de la [&hellip;]<\/p>\n","protected":false},"author":2,"featured_media":20782,"comment_status":"closed","ping_status":"closed","sticky":false,"template":"","format":"standard","meta":{"footnotes":""},"categories":[79],"tags":[],"class_list":{"0":"post-20781","1":"post","2":"type-post","3":"status-publish","4":"format-standard","5":"has-post-thumbnail","7":"category-politica"},"_links":{"self":[{"href":"https:\/\/radiobitacora.com.ar\/web\/wp-json\/wp\/v2\/posts\/20781","targetHints":{"allow":["GET"]}}],"collection":[{"href":"https:\/\/radiobitacora.com.ar\/web\/wp-json\/wp\/v2\/posts"}],"about":[{"href":"https:\/\/radiobitacora.com.ar\/web\/wp-json\/wp\/v2\/types\/post"}],"author":[{"embeddable":true,"href":"https:\/\/radiobitacora.com.ar\/web\/wp-json\/wp\/v2\/users\/2"}],"replies":[{"embeddable":true,"href":"https:\/\/radiobitacora.com.ar\/web\/wp-json\/wp\/v2\/comments?post=20781"}],"version-history":[{"count":0,"href":"https:\/\/radiobitacora.com.ar\/web\/wp-json\/wp\/v2\/posts\/20781\/revisions"}],"wp:featuredmedia":[{"embeddable":true,"href":"https:\/\/radiobitacora.com.ar\/web\/wp-json\/wp\/v2\/media\/20782"}],"wp:attachment":[{"href":"https:\/\/radiobitacora.com.ar\/web\/wp-json\/wp\/v2\/media?parent=20781"}],"wp:term":[{"taxonomy":"category","embeddable":true,"href":"https:\/\/radiobitacora.com.ar\/web\/wp-json\/wp\/v2\/categories?post=20781"},{"taxonomy":"post_tag","embeddable":true,"href":"https:\/\/radiobitacora.com.ar\/web\/wp-json\/wp\/v2\/tags?post=20781"}],"curies":[{"name":"wp","href":"https:\/\/api.w.org\/{rel}","templated":true}]}}