{"id":20812,"date":"2024-06-05T07:11:31","date_gmt":"2024-06-05T10:11:31","guid":{"rendered":"https:\/\/radiobitacora.com.ar\/web\/?p=20812"},"modified":"2024-06-05T07:11:31","modified_gmt":"2024-06-05T10:11:31","slug":"la-comida-ya-viaja-pero-a-las-provincias-amigas","status":"publish","type":"post","link":"https:\/\/radiobitacora.com.ar\/web\/2024\/06\/05\/la-comida-ya-viaja-pero-a-las-provincias-amigas\/","title":{"rendered":"La comida ya viaja, pero a las provincias amigas"},"content":{"rendered":"<p>Por fin el gobierno se decidi\u00f3 acatar lo que le reclam\u00f3 la justicia y comenz\u00f3 el operativo para la entrega de alimentos a punto de vencer, que el Ministerio de Capital Humano tiene almacenados mientras miles de comedores y merenderos no cuentan con comida para darle a las personas que m\u00e1s lo necesitan. La distribuci\u00f3n, tal como cont\u00f3 este diario, ser\u00e1 solo de leche en polvo y se har\u00e1 de manera discrecional a cada una de las provincias &#8220;amigas&#8221; en las que hay merenderos y comedores que dependen de Conin, la fundaci\u00f3n que\u00a0<b>Sandra Pettovello<\/b>\u00a0eligi\u00f3 para tercerizar la entrega de alimentos. En Casa Rosada\u00a0<b>dicen que eligieron a Conin, presidida por el antiderechos Abel Albino, porque &#8220;es una fundaci\u00f3n de much\u00edsimo prestigio&#8221;<\/b>, y aclaran que\u00a0<b>&#8220;una vez entregado el stock heredado, la idea es no stockear m\u00e1s\u00a0<\/b>y empezar a usar la cl\u00e1usula gatillo para situaciones de emergencia&#8221;. Con &#8220;cl\u00e1usula gatillo&#8221;, se refieren a la idea que propuso<b>\u00a0Federico Sturzenegger<\/b>\u00a0para privatizar y correr al Estado de la entrega de alimentos. Desde Conin, en tanto, justifican que &#8220;est\u00e1n haciendo algo que excede a sus tareas habituales&#8221;, y que por eso\u00a0<b>&#8220;no pueden llegar a todos&#8221;.<\/b>\u00a0&#8220;Justamente es por eso que el Estado es el que deber\u00eda hacerse cargo: para que el reparto sea equitativo y federal y no quede a merced de un privado que &#8216;hace lo que puede'&#8221;, dicen desde la oposici\u00f3n.<\/p>\n<div class=\"slot-available\"><\/div>\n<div id=\"talkFireEvent\"><\/div>\n<p>Las provincias que m\u00e1s leche en polvo recibir\u00e1n &#8211;siempre en comedores y merenderos que responden a Conin&#8211; son, casualmente, las que tienen gobernadores aliados al gobierno nacional. Es el caso de\u00a0<b>Mendoza<\/b>, gobernada por el radical Alfredo Cornejo, que recibir\u00e1 191 mil kilos (el 48 por ciento del total);\u00a0<b>Entre R\u00edos<\/b>, del exministro macrista Rogelio Frigerio, al que le asignaron 92 mil (el 23 por ciento);\u00a0<b>Tucum\u00e1n<\/b>, gobernada por el aliado Osvaldo Jaldo, que recibir\u00e1 69 mil kilos (el 17 por ciento);\u00a0<b>Chaco<\/b>, del radical Leandro Zdero, que tendr\u00e1 39 mil kilos;\u00a0<b>C\u00f3rdoba<\/b>, que conduce Mart\u00edn Llaryora, donde ingresar\u00e1n 30.840 kilos y la lista sigue con\u00a0<b>Santa Fe<\/b>, del radical macrista Maximiliano Pullaro, con 10 mil kilos; y\u00a0<b>Corrientes<\/b>, del radical Gustavo Vald\u00e9z, con 9.400 kilos. En octavo lugar se encuentra un distrito no afin al gobierno:\u00a0<b>Tierra del Fuego<\/b>, con 8 mil kilos. En tanto,\u00a0<b>Rio Negro<\/b>\u00a0recibir\u00e1 4 mil kilos;\u00a0<b>Salta<\/b>\u00a0con 2.300;\u00a0<b>San Juan<\/b>\u00a0con 800. Por \u00faltimos, quedan las provincias no oficialistas\u00a0<b>La Pampa<\/b>\u00a0con apenas 600 kilos y\u00a0<b>Santiago del Estero<\/b>, 590 kilos.<\/p>\n<div class=\"slot-available\"><\/div>\n<p><b>Buenos Aires<\/b>, que contiene al 30 por ciento de la poblaci\u00f3n argentina, aglutina la mayor cantidad de organizaciones sociales de todo el pa\u00eds, y est\u00e1 gobernada por\u00a0<b>Axel Kicillof<\/b>, recibir\u00e1 menos del 2 por ciento del cargamento. Y hay otras provincias a las que ni siquiera llegar\u00e1 un kilo de la leche en polvo. Es el caso de La Rioja, que conduce Ricardo Quintela; Formosa, que gobierna Gildo Infr\u00e1n, Catamarca, de Ra\u00fal Jalil y tambi\u00e9n el de\u00a0<b>Ciudad de Buenos Aires,\u00a0<\/b><b>\u00a0<\/b><b>Jujuy,\u00a0<\/b><b>Neuqu\u00e9n, Sa<\/b><b>n Luis y Misiones.\u00a0<\/b><\/p>\n<p>Otra provincia que tampoco recibir\u00e1 leche es Santa Cruz, liderada por\u00a0<b>Claudio Vidal<\/b>. El gobernador de la provincia patag\u00f3nica este martes se mostr\u00f3 sonriente junto al ministro de Econom\u00eda\u00a0<b>Luis Caputo<\/b>. El titular de la cartera lo felicit\u00f3 por pagar una deuda que la provincia ten\u00eda con la Naci\u00f3n por 23 mil millones de pesos. &#8220;Les cuento algo que para m\u00ed representa un cambio de \u00e9poca: hoy recibimos junto a Pablo Quirno a Claudio Vidal, gobernador de Santa Cruz, y a su equipo de gobierno. Vino a pedir plata? No, vino a CANCELAR deuda&#8221;, dijo y finaliz\u00f3 &#8220;Excelente gesti\u00f3n del gobernador.\u00a0Pd: feliz cumplea\u00f1os Claudio!&#8221;.<\/p>\n<div class=\"slot-available\"><\/div>\n<p>Desde la gobernaci\u00f3n cuentan que<b>\u00a0efectivamente no reciben, ni recibir\u00e1n alimento de Naci\u00f3n y que, para compensar esa situaci\u00f3n la provincia inici\u00f3 un programa de alimentos &#8220;solidario&#8221;, que se financia con recursos propios.<\/b>\u00a0&#8220;Lleg\u00f3 un env\u00edo el domingo y hoy se empezaron a repartir son 60 mil m\u00f3dulos de una dieta armada desde la provincia&#8221;, explicaron y a\u00f1adieron que se trata de unos &#8220;20 mil m\u00f3dulos por mes&#8221;, y que, en breve, van a proceder a iniciar la siguiente compra.<\/p>\n<p>Desde La Rioja, en tanto, no fueron tan\u00a0condescendientes.\u00a0<b>Alfredo Menem<\/b>, ministro provincial de desarrollo social firm\u00f3 &#8211;junto a otros siete ministros provinciales de esa \u00e1rea&#8211; un comunicado en el que reclamaron al gobierno nacional un\u00a0<b>esquema m\u00e1s equitativo de reparto de los alimentos. E<\/b>l riojano cuestion\u00f3 la decisi\u00f3n del ministerio de Capital Humano de no incluir a La Rioja para la divisi\u00f3n y dijo en di\u00e1logo con<i>\u00a0AM750<\/i>\u00a0&#8220;<b>sentimos una impotencia muy grande<\/b>\u00a0porque todos los d\u00edas tenemos que atender la demanda de los vecinos y vecinas por el alimento y los remedios oncol\u00f3gicos, que los desfinanciaron&#8221;.<\/p>\n<div class=\"slot-available\"><\/div>\n<p>Luego, el ministro de Desarrollo Social riojano a\u00f1adi\u00f3 &#8220;l<b>o que ellos demonizan, que es tercerizar con los movimientos sociales, lo hacen con una fundaci\u00f3n,\u00a0<\/b>y tienen denuncias de corrupci\u00f3n, de sobresueldos, de sobreprecios, y dejaron vencer la leche.\u00a0<b>Est\u00e1n haciendo desastres con la administraci\u00f3n de los recursos de los argentinos<\/b>&#8220;.<\/p>\n<p>Desde Conin, en tanto, dicen que\u00a0<b>&#8220;no saben con exactitud c\u00f3mo va a ir llegando la leche en polvo a los distintos centros&#8221;.<\/b>\u00a0<b>Gabriela Sabio<\/b>, directora de la fundaci\u00f3n, explic\u00f3 que &#8220;es CONIN el que se ocupa de decidir a qui\u00e9nes les llega la leche en polvo&#8221;, y que la van a entregar a los centros con los que ellos ya trabajan. &#8220;Tenemos 22 centros CONIN en Buenos Aires. En el conurbano se entreg\u00f3 poco porque cada centro ten\u00eda que garantizar la log\u00edstica&#8221;, justific\u00f3 en di\u00e1logo radial intentando explicar por qu\u00e9 se entregar\u00e1n solo unos cinco mil kilos de leche en polvo a una de las provincias con m\u00e1s poblaci\u00f3n y mayores necesidades.<\/p>\n<div class=\"slot-available\"><\/div>\n<p>Sabio dijo que no sabe si volver\u00e1n a hacer entrega de alimentos &#8211;en Casa Rosada dicen que ellos no stockear\u00e1n m\u00e1s comida una vez que esta entrega termine&#8211;, y a\u00f1adi\u00f3 que &#8220;la distribuci\u00f3n de la leche por provincias responde a la capacidad de log\u00edstica que tienen los centros CONIN&#8221;. Se\u00f1al\u00f3 que\u00a0<b>La Rioja y Formosa no recibir\u00e1n porque la fundaci\u00f3n no tiene presencia all\u00ed.\u00a0<\/b>Desde el gobierno de Catamarca, seg\u00fan contaron a este diario, estuvieron hablando hasta \u00faltima hora del martes con el gobierno nacional para pedir que se los sume a la lista y les entreguen alimento, pero al cierre de esta edici\u00f3n no hab\u00edan logrado ning\u00fan tipo de confirmaci\u00f3n por parte del Ministerio de Capital Humano.<\/p>\n<p>Mientras la comida retenida por el gobierno nacional se comienza a entregar con urgencia antes de que venza en los galpones de Villa Martelli y Taf\u00ed Viejo, Tucum\u00e1n, todav\u00eda el gobierno tiene que confirmar\u00a0<b>qui\u00e9n reemplazar\u00e1 a\u00a0Pablo de la Torre<\/b>\u00a0en la secretar\u00eda de la Ni\u00f1ez. \u00c9l fue eyectado del cargo acusado de ser el responsable de la no entrega de alimentos y, adem\u00e1s, denunciado por corrupci\u00f3n a partir del convenio que el ministerio ten\u00eda con la OEI. De manera extraoficial en Casa Rosada confirman que el lugar lo ocupar\u00e1\u00a0<b>Yanina Nano Lembo<\/b>, actual directora del Consejo de Pol\u00edticas Sociales y exfuncionaria del gobierno de Horacio Rodr\u00edguez Larreta en CABA.<\/p>\n","protected":false},"excerpt":{"rendered":"<p>Por fin el gobierno se decidi\u00f3 acatar lo que le reclam\u00f3 la justicia y comenz\u00f3 el operativo para la entrega de alimentos a punto de vencer, que el Ministerio de Capital Humano tiene almacenados mientras miles de comedores y merenderos no cuentan con comida para darle a las personas que m\u00e1s lo necesitan. La distribuci\u00f3n, [&hellip;]<\/p>\n","protected":false},"author":2,"featured_media":20813,"comment_status":"closed","ping_status":"closed","sticky":false,"template":"","format":"standard","meta":{"footnotes":""},"categories":[79],"tags":[],"class_list":{"0":"post-20812","1":"post","2":"type-post","3":"status-publish","4":"format-standard","5":"has-post-thumbnail","7":"category-politica"},"_links":{"self":[{"href":"https:\/\/radiobitacora.com.ar\/web\/wp-json\/wp\/v2\/posts\/20812","targetHints":{"allow":["GET"]}}],"collection":[{"href":"https:\/\/radiobitacora.com.ar\/web\/wp-json\/wp\/v2\/posts"}],"about":[{"href":"https:\/\/radiobitacora.com.ar\/web\/wp-json\/wp\/v2\/types\/post"}],"author":[{"embeddable":true,"href":"https:\/\/radiobitacora.com.ar\/web\/wp-json\/wp\/v2\/users\/2"}],"replies":[{"embeddable":true,"href":"https:\/\/radiobitacora.com.ar\/web\/wp-json\/wp\/v2\/comments?post=20812"}],"version-history":[{"count":0,"href":"https:\/\/radiobitacora.com.ar\/web\/wp-json\/wp\/v2\/posts\/20812\/revisions"}],"wp:featuredmedia":[{"embeddable":true,"href":"https:\/\/radiobitacora.com.ar\/web\/wp-json\/wp\/v2\/media\/20813"}],"wp:attachment":[{"href":"https:\/\/radiobitacora.com.ar\/web\/wp-json\/wp\/v2\/media?parent=20812"}],"wp:term":[{"taxonomy":"category","embeddable":true,"href":"https:\/\/radiobitacora.com.ar\/web\/wp-json\/wp\/v2\/categories?post=20812"},{"taxonomy":"post_tag","embeddable":true,"href":"https:\/\/radiobitacora.com.ar\/web\/wp-json\/wp\/v2\/tags?post=20812"}],"curies":[{"name":"wp","href":"https:\/\/api.w.org\/{rel}","templated":true}]}}