{"id":20821,"date":"2024-06-05T07:29:23","date_gmt":"2024-06-05T10:29:23","guid":{"rendered":"https:\/\/radiobitacora.com.ar\/web\/?p=20821"},"modified":"2024-06-05T07:29:23","modified_gmt":"2024-06-05T10:29:23","slug":"quien-es-yanina-nano-lembo-la-funcionara-que-reemplaza-a-pablo-de-la-torre-en-la-secretaria-de-ninez-y-familia","status":"publish","type":"post","link":"https:\/\/radiobitacora.com.ar\/web\/2024\/06\/05\/quien-es-yanina-nano-lembo-la-funcionara-que-reemplaza-a-pablo-de-la-torre-en-la-secretaria-de-ninez-y-familia\/","title":{"rendered":"Qui\u00e9n es Yanina Nano Lembo, la funcionara que reemplaza a Pablo De la Torre en la Secretar\u00eda de Ni\u00f1ez y Familia"},"content":{"rendered":"<p class=\"com-paragraph   --s\"><strong>Yanina Nano Lembo<\/strong>, titular del Consejo Nacional de Coordinaci\u00f3n de Pol\u00edticas Sociales, ser\u00eda la elegida por\u00a0<strong>Sandra Pettovello<\/strong>\u00a0para reemplazar a\u00a0<strong>Pablo De la Torre\u00a0<\/strong>al frente de la Secretar\u00eda de Ni\u00f1ez, Adolescencia y Familia. La actual funcionaria de la administraci\u00f3n libertaria fue directora general de Articulaci\u00f3n P\u00fablico Privada en el Ministerio de Desarrollo Social de la Ciudad de Buenos Aires durante la gesti\u00f3n de\u00a0<strong>Horacio Rodr\u00edguez Larreta<\/strong>.<\/p>\n<p class=\"com-paragraph   --s\"><mark class=\"hl_underline\">\u201cLo anunciaron reci\u00e9n al equipo del ministerio\u201d<\/mark>, reconoci\u00f3 a\u00a0<strong>LA NACION<\/strong>\u00a0una fuente cercana a Capital Humano. A pesar de esta confirmaci\u00f3n extraoficial, la vocer\u00eda del ministerio insist\u00eda en poner en duda la informaci\u00f3n. \u201cNo s\u00e9 ni qui\u00e9n es\u201d, se sincer\u00f3 una de las personas encargadas de la comunicaci\u00f3n de la cartera social sobre\u00a0<strong>Nano Lembo<\/strong>, quien ocup\u00f3 hasta este lunes la jefatura del Consejo de Pol\u00edticas Sociales, un organismo sensible por el manejo del\u00a0<strong>Sintys<\/strong>, una gran base de datos patrimoniales y sociales que sirve a los organismos p\u00fablicos. Hasta hace un mes, fue subsecretaria de ese mismo organismo, pero asumi\u00f3 la titularidad en abril, cuando\u00a0<strong>Gerardo Marcelo Hita<\/strong>, antiguo director, fue desplazado. Por all\u00ed tambi\u00e9n tuvo un paso fugaz\u00a0<a class=\"com-link\" title=\"Maximiliano Keczeli, cabeza del \u00e1rea legal del ministerio y mano derecha de Pettovello\" href=\"https:\/\/www.lanacion.com.ar\/politica\/capital-humano-dos-nuevas-salidas-resienten-la-estructura-de-sandra-pettovello-nid22042024\/\" target=\"_self\" data-mrf-link=\"https:\/\/www.lanacion.com.ar\/politica\/capital-humano-dos-nuevas-salidas-resienten-la-estructura-de-sandra-pettovello-nid22042024\/\" rel=\"noopener\"><strong>Maximiliano Keczeli<\/strong>, cabeza del \u00e1rea legal del ministerio y mano derecha de Pettovello.<\/a><\/p>\n<p class=\"com-paragraph   --s\">Seg\u00fan pudo saber\u00a0<strong>LA NACION<\/strong>, el lugar que ocupar\u00e1 la exfuncionaria de Rodr\u00edguez Larreta fue ofrecido a\u00a0<strong>Bautista Pino<\/strong>, actual jefe de Gabinete del intendente de Tres de Febrero,\u00a0<strong>Diego Valenzuela<\/strong>, quien lo rechaz\u00f3. Adem\u00e1s de su rol en el municipio del conurbano bonaerense, Pino forma parte del CIAS, el instituto dirigido por el jesuita\u00a0<strong>Rodrigo Zarazaga<\/strong>. A pesar de que Valenzuela apoy\u00f3 la campa\u00f1a presidencial del exjefe de gobierno porte\u00f1o, actualmente se muestra cercano a la ministra de Seguridad,\u00a0<strong>Patricia Bullrich<\/strong>, y expone sinton\u00eda con\u00a0<strong>Javier Milei.<\/strong><\/p>\n<p class=\"com-paragraph   --s\">Otro de los nombres en danza para reemplazar a De la Torre fue el de\u00a0<strong>Guido de Graaff<\/strong>, actual funcionario del Consejo Nacional de Pol\u00edticas Sociales con antecedentes en Pro. El economista es el director nacional de Despliegue Territorial y fue parte de los equipos t\u00e9cnicos de\u00a0<strong>Mar\u00eda Migliore<\/strong>, exministra de Desarrollo Social en la Ciudad.<\/p>\n<p class=\"com-paragraph   --s\">El desembarco de Nano Lembo se da luego de que Pettovello decidiera\u00a0<a class=\"com-link\" title=\"despedir \" href=\"https:\/\/www.lanacion.com.ar\/politica\/el-caso-de-los-alimentos-almacenados-agito-las-versiones-de-mas-renuncias-en-el-ministerio-de-nid30052024\/\" target=\"_self\" data-mrf-link=\"https:\/\/www.lanacion.com.ar\/politica\/el-caso-de-los-alimentos-almacenados-agito-las-versiones-de-mas-renuncias-en-el-ministerio-de-nid30052024\/\" rel=\"noopener\">despedir\u00a0<\/a>a De la Torre de la secretar\u00eda de Ni\u00f1ez, Adolescencia y Familia ante una serie de supuestas irregularidades en contrataciones de personal. La ministra activ\u00f3 una investigaci\u00f3n administrativa interna y una denuncia ante la\u00a0<strong>Oficina Anticorrupci\u00f3n (OA)\u00a0<\/strong>\u2013dependiente del Poder Ejecutivo\u2013, vinculada a<a class=\"com-link\" title=\" las contrataciones que la Secretar\u00eda\" href=\"https:\/\/www.lanacion.com.ar\/politica\/ante-las-demoras-en-los-nombramientos-pettovello-contrata-funcionarios-con-un-polemico-mecanismo-nid13052024\/\" target=\"_self\" data-mrf-link=\"https:\/\/www.lanacion.com.ar\/politica\/ante-las-demoras-en-los-nombramientos-pettovello-contrata-funcionarios-con-un-polemico-mecanismo-nid13052024\/\" rel=\"noopener\">\u00a0las contrataciones que la Secretar\u00eda<\/a>\u00a0realiz\u00f3 a trav\u00e9s de la\u00a0<strong>Organizaci\u00f3n de Estados Iberoamericanos (OEI)<\/strong>, con la que firm\u00f3 un convenio por\u00a0<a class=\"com-link\" title=\"m\u00e1s de mil millones de pesos\" href=\"https:\/\/www.lanacion.com.ar\/politica\/capital-humano-firmo-un-convenio-por-mas-de-1000-millones-con-un-organismo-internacional-para-nid28052024\/\" target=\"_self\" data-mrf-link=\"https:\/\/www.lanacion.com.ar\/politica\/capital-humano-firmo-un-convenio-por-mas-de-1000-millones-con-un-organismo-internacional-para-nid28052024\/\" rel=\"noopener\">m\u00e1s de mil millones de pesos<\/a>.<\/p>\n<p class=\"com-paragraph   --s\">El Estado le gira estos recursos para que sea el organismo internacional quien efect\u00fae las contrataciones. La sospecha que recae sobre el mecanismo, que sirvi\u00f3 para pagarle el sueldo a muchos funcionarios sin designaciones oficiales, es que algunos de los que facturaban ante la OEI no trabajan en el ministerio que conduce Pettovello.<\/p>\n<p class=\"com-paragraph   --s\">Otra situaci\u00f3n que golpea a Pettovello es el\u00a0<a class=\"com-link\" title=\"esc\u00e1ndalo desatado por las 5 mil toneladas de alimentos \" href=\"https:\/\/www.lanacion.com.ar\/politica\/el-juez-lijo-interviene-en-la-nueva-denuncia-del-gobierno-contra-de-la-torre-el-funcionario-echado-nid03062024\/\" target=\"_self\" data-mrf-link=\"https:\/\/www.lanacion.com.ar\/politica\/el-juez-lijo-interviene-en-la-nueva-denuncia-del-gobierno-contra-de-la-torre-el-funcionario-echado-nid03062024\/\" rel=\"noopener\">esc\u00e1ndalo desatado por las 5 mil toneladas de alimentos\u00a0<\/a>adquiridas por la gesti\u00f3n anterior que se encuentran pr\u00f3ximas a vecencer y est\u00e1n almacenadas en dep\u00f3sitos del ministerio. Tras hacerse p\u00fablica esta informaci\u00f3n, el gabinete libertario recay\u00f3 en severas contradicciones: primero neg\u00f3 tener alimentos almacenados, despu\u00e9s se\u00f1al\u00f3 que estaban almacenados para casos de emergencias, y finalmente reconoci\u00f3 que parte de la mercader\u00eda estaba pr\u00f3xima y ech\u00f3 a De La Torre.<\/p>\n<p class=\"com-paragraph   --s\">A pesar de los cuestionamientos, la titular de la cartera social fue respaldada por el Presidente. Con un mensaje en X, defendi\u00f3 la gesti\u00f3n de la ministra y dijo que recibi\u00f3 \u201cataques miserables\u201d.<\/p>\n<div class=\"com-embed --twitter\">\n<div class=\"twitter-tweet twitter-tweet-rendered\"><iframe id=\"twitter-widget-0\" class=\"\" title=\"X Post\" src=\"https:\/\/platform.twitter.com\/embed\/Tweet.html?dnt=false&amp;embedId=twitter-widget-0&amp;features=eyJ0ZndfdGltZWxpbmVfbGlzdCI6eyJidWNrZXQiOltdLCJ2ZXJzaW9uIjpudWxsfSwidGZ3X2ZvbGxvd2VyX2NvdW50X3N1bnNldCI6eyJidWNrZXQiOnRydWUsInZlcnNpb24iOm51bGx9LCJ0ZndfdHdlZXRfZWRpdF9iYWNrZW5kIjp7ImJ1Y2tldCI6Im9uIiwidmVyc2lvbiI6bnVsbH0sInRmd19yZWZzcmNfc2Vzc2lvbiI6eyJidWNrZXQiOiJvbiIsInZlcnNpb24iOm51bGx9LCJ0ZndfZm9zbnJfc29mdF9pbnRlcnZlbnRpb25zX2VuYWJsZWQiOnsiYnVja2V0Ijoib24iLCJ2ZXJzaW9uIjpudWxsfSwidGZ3X21peGVkX21lZGlhXzE1ODk3Ijp7ImJ1Y2tldCI6InRyZWF0bWVudCIsInZlcnNpb24iOm51bGx9LCJ0ZndfZXhwZXJpbWVudHNfY29va2llX2V4cGlyYXRpb24iOnsiYnVja2V0IjoxMjA5NjAwLCJ2ZXJzaW9uIjpudWxsfSwidGZ3X3Nob3dfYmlyZHdhdGNoX3Bpdm90c19lbmFibGVkIjp7ImJ1Y2tldCI6Im9uIiwidmVyc2lvbiI6bnVsbH0sInRmd19kdXBsaWNhdGVfc2NyaWJlc190b19zZXR0aW5ncyI6eyJidWNrZXQiOiJvbiIsInZlcnNpb24iOm51bGx9LCJ0ZndfdXNlX3Byb2ZpbGVfaW1hZ2Vfc2hhcGVfZW5hYmxlZCI6eyJidWNrZXQiOiJvbiIsInZlcnNpb24iOm51bGx9LCJ0ZndfdmlkZW9faGxzX2R5bmFtaWNfbWFuaWZlc3RzXzE1MDgyIjp7ImJ1Y2tldCI6InRydWVfYml0cmF0ZSIsInZlcnNpb24iOm51bGx9LCJ0ZndfbGVnYWN5X3RpbWVsaW5lX3N1bnNldCI6eyJidWNrZXQiOnRydWUsInZlcnNpb24iOm51bGx9LCJ0ZndfdHdlZXRfZWRpdF9mcm9udGVuZCI6eyJidWNrZXQiOiJvbiIsInZlcnNpb24iOm51bGx9fQ%3D%3D&amp;frame=false&amp;hideCard=false&amp;hideThread=false&amp;id=1797252284511887417&amp;lang=es&amp;origin=https%3A%2F%2Fwww.lanacion.com.ar%2Fpolitica%2Fyanina-nano-lembo-una-funcionaria-ligada-a-pro-sera-la-elegida-por-pettovello-para-reemplazar-a-nid03062024%2F&amp;sessionId=4bd392e5caa6c64f51f7afe259cbfbe1860fae00&amp;theme=light&amp;widgetsVersion=2615f7e52b7e0%3A1702314776716&amp;width=550px\" frameborder=\"0\" scrolling=\"no\" allowfullscreen=\"allowfullscreen\" data-tweet-id=\"1797252284511887417\" data-mce-fragment=\"1\"><\/iframe><\/div>\n<\/div>\n<div class=\"row FirmaAutor\">\n<div class=\"col-12\">\n<section class=\"mod-autor\">\n<div class=\"container-text\">\n<div class=\"container-firma\"><\/div>\n<\/div>\n<\/section>\n<\/div>\n<\/div>\n","protected":false},"excerpt":{"rendered":"<p>Yanina Nano Lembo, titular del Consejo Nacional de Coordinaci\u00f3n de Pol\u00edticas Sociales, ser\u00eda la elegida por\u00a0Sandra Pettovello\u00a0para reemplazar a\u00a0Pablo De la Torre\u00a0al frente de la Secretar\u00eda de Ni\u00f1ez, Adolescencia y Familia. La actual funcionaria de la administraci\u00f3n libertaria fue directora general de Articulaci\u00f3n P\u00fablico Privada en el Ministerio de Desarrollo Social de la Ciudad de [&hellip;]<\/p>\n","protected":false},"author":2,"featured_media":20822,"comment_status":"closed","ping_status":"closed","sticky":false,"template":"","format":"standard","meta":{"footnotes":""},"categories":[79],"tags":[],"class_list":{"0":"post-20821","1":"post","2":"type-post","3":"status-publish","4":"format-standard","5":"has-post-thumbnail","7":"category-politica"},"_links":{"self":[{"href":"https:\/\/radiobitacora.com.ar\/web\/wp-json\/wp\/v2\/posts\/20821","targetHints":{"allow":["GET"]}}],"collection":[{"href":"https:\/\/radiobitacora.com.ar\/web\/wp-json\/wp\/v2\/posts"}],"about":[{"href":"https:\/\/radiobitacora.com.ar\/web\/wp-json\/wp\/v2\/types\/post"}],"author":[{"embeddable":true,"href":"https:\/\/radiobitacora.com.ar\/web\/wp-json\/wp\/v2\/users\/2"}],"replies":[{"embeddable":true,"href":"https:\/\/radiobitacora.com.ar\/web\/wp-json\/wp\/v2\/comments?post=20821"}],"version-history":[{"count":0,"href":"https:\/\/radiobitacora.com.ar\/web\/wp-json\/wp\/v2\/posts\/20821\/revisions"}],"wp:featuredmedia":[{"embeddable":true,"href":"https:\/\/radiobitacora.com.ar\/web\/wp-json\/wp\/v2\/media\/20822"}],"wp:attachment":[{"href":"https:\/\/radiobitacora.com.ar\/web\/wp-json\/wp\/v2\/media?parent=20821"}],"wp:term":[{"taxonomy":"category","embeddable":true,"href":"https:\/\/radiobitacora.com.ar\/web\/wp-json\/wp\/v2\/categories?post=20821"},{"taxonomy":"post_tag","embeddable":true,"href":"https:\/\/radiobitacora.com.ar\/web\/wp-json\/wp\/v2\/tags?post=20821"}],"curies":[{"name":"wp","href":"https:\/\/api.w.org\/{rel}","templated":true}]}}