{"id":20827,"date":"2024-06-05T07:43:47","date_gmt":"2024-06-05T10:43:47","guid":{"rendered":"https:\/\/radiobitacora.com.ar\/web\/?p=20827"},"modified":"2024-06-05T07:43:47","modified_gmt":"2024-06-05T10:43:47","slug":"dia-del-ambiente-afuera","status":"publish","type":"post","link":"https:\/\/radiobitacora.com.ar\/web\/2024\/06\/05\/dia-del-ambiente-afuera\/","title":{"rendered":"D\u00eda del Ambiente: \u00a1Afuera!"},"content":{"rendered":"<p class=\"paragraph\" data-mrf-recirculation=\"Links inline\">Antes que nada, perd\u00f3n por la autorreferencia. En 2007 Planeta public\u00f3 un libro de mi autor\u00eda llamado\u00a0<b>\u201cEl medio ambiente no le importa a nadie\u201d<\/b>. La tesis era que las cuestiones ambientales hab\u00edan adquirido la condici\u00f3n de \u201cruido\u201d, lo que las hab\u00eda convertido en -apenas- un discurso pol\u00edticamente correcto destinado a responder en el plano ret\u00f3rico a las demandas sociales de la \u00e9poca. Basta ver que tanto a escala global como local\u00a0<b>todos los indicadores ambientales aparecen empeorados<\/b> para constatar que el medio ambiente no importa (en el sentido de adoptar decisiones para modificar las causas de ese deterioro ecol\u00f3gico) a aquellos que detentan poder.<\/p>\n<p class=\"paragraph\" data-mrf-recirculation=\"Links inline\">En consonancia, la efem\u00e9ride del 5 de junio, el\u00a0<b>D\u00eda Mundial del Medio Ambiente<\/b>, se convirti\u00f3 a lo largo del tiempo en un significante vac\u00edo.<\/p>\n<p class=\"paragraph\" data-mrf-recirculation=\"Links inline\">Llamativamente,<b>\u00a0este gobierno auspici\u00f3 que ese vac\u00edo retomara vigor\u00a0<\/b>y se cristalizara en forma de pol\u00edtica de Estado, y que la percepci\u00f3n de que el medio ambiente no le importa a nadie adquiriera a\u00fan m\u00e1s relevancia y se transparentara como un dato certero.<\/p>\n<p class=\"paragraph\" data-mrf-recirculation=\"Links inline\">En medio a\u00f1o de gesti\u00f3n se logr\u00f3:<\/p>\n<ul class=\"list\" data-icon=\"\u2b24\">\n<li data-icon=\"\u2b24\">Degradar un\u00a0<b>Ministerio de Ambiente a rango de Subsecretar\u00eda<\/b>, renunciando expl\u00edcitamente a toda intenci\u00f3n de dise\u00f1o y aplicaci\u00f3n desde el Estado de una pol\u00edtica ambiental con incidencia real.<\/li>\n<li data-icon=\"\u2b24\">Asegurar que la permanencia de una \u201cdependencia\u201d que se ocupa del Ambiente tenga una clara finalidad, seg\u00fan la confesi\u00f3n del Secretario de Turismo, Ambiente y Deportes,\u00a0<b>Daniel Scioli<\/b>: \u201cQueremos ser una m\u00e1quina de facilitar procesos productivos\u201d. Como el \u00e1rea de Ambiente debe, por ley, aprobar por ejemplo estudios de impacto ambiental y otras cuestiones molestas para la inversi\u00f3n extractivista, la repartici\u00f3n ambiental argentina se postula para facilitar los tr\u00e1mites, pero no para controlar, monitorear o garantizar la performance ecol\u00f3gicamente adecuada de esos proyectos.<\/li>\n<li data-icon=\"\u2b24\">Abandonar, como consecuencia de esa degradaci\u00f3n institucional, recursos, competencias y proyectos. Un ejemplo contundente lo constituye la decisi\u00f3n de no utilizar el pr\u00e9stamo del BID para\u00a0<b>erradicaci\u00f3n de basurales a cielo abierto\u00a0<\/b>y dejar inconclusos los proyectos existentes. As\u00ed se destruye cualquier intento por instaurar una pol\u00edtica de Estado, caracterizada por la continuidad de los procesos.<\/li>\n<li data-icon=\"\u2b24\">Determinar que para el Estado argentino (as\u00ed lo inform\u00f3 oficialmente Daniel Scioli y su subsecretaria Ana Lamas)\u00a0<b>no existe el cambio clim\u00e1tico sino simplemente \u201calteraciones clim\u00e1ticas\u201d<\/b>. No solo se osa desautorizar y desmentir as\u00ed a todo el sistema cient\u00edfico mundial, sino que se plantan los fundamentos para no llevar a cabo ninguna pol\u00edtica p\u00fablica de adaptaci\u00f3n a las consecuencias -comprobadas- del cambio clim\u00e1tico -tambi\u00e9n comprobado. Por eso, el temporal de Bah\u00eda Blanca o las inundaciones del Litoral conducen a un \u00fanico postulado desde el gobierno nacional: son inclemencias frente a las que cada uno tiene que arreglarse como pueda.<\/li>\n<li data-icon=\"\u2b24\">Imponer a partir de las modificaciones normativas (el c\u00e9lebre DNU y el proyecto de Ley Bases) la noci\u00f3n de que las regulaciones ambientales son un escollo para la inversi\u00f3n y no una adecuaci\u00f3n a las exigencias de la \u00e9poca. La\u00a0<b>Ley de Bosques<\/b>, la\u00a0<b>Ley de Glaciares<\/b>\u00a0y la\u00a0<b>Ley de Tierras\u00a0<\/b>deben ser diluidas o eliminadas, pues son concebidas como formas de bloqueo a la libre llegada de las dichosas inversiones -que demandan no tener condicionamiento alguno-. Ins\u00f3litamente, se cuestiona la certeza de que, en caso de no existir regulaci\u00f3n alguna, los recursos naturales de la Argentina enfrentan el destino de la desaparici\u00f3n lisa y llana, con el perjuicio ambiental, social y econ\u00f3mico futuro que tambi\u00e9n eso supone. Se impone en cambio la idea de que los recursos naturales no son m\u00e1s que la ofrenda para la constituci\u00f3n de un enclave local para la operaci\u00f3n de intereses trasnacionales.<\/li>\n<\/ul>\n<p class=\"paragraph\" data-mrf-recirculation=\"Links inline\">\u00bfC\u00f3mo llegamos a que la visi\u00f3n y la pr\u00e1ctica anti-ambiental sea la mirada vigente? Muy probablemente, entre otros factores, por la\u00a0<b>falta de resultados positivos<\/b>, a lo largo de muchos a\u00f1os, en la resoluci\u00f3n de los problemas ambientales m\u00e1s acuciantes: miles de basurales a cielo abierto; r\u00edos, lagos y mares contaminados por doquier; bosques nativos arrasados; tierras degradadas y plaguicidas esparcidos por un modelo de monocultivo, y decenas de etc\u00e9teras, son el paisaje ecol\u00f3gico de la Argentina.<\/p>\n<p class=\"paragraph\" data-mrf-recirculation=\"Links inline\">Para eso debiera servir este marchito d\u00eda: para reflexionar por qu\u00e9 no hemos podido revertir la percepci\u00f3n (o la certeza) de que el medio ambiente no le importa a nadie. Y conseguir que importe. Y nos importe.<\/p>\n","protected":false},"excerpt":{"rendered":"<p>Antes que nada, perd\u00f3n por la autorreferencia. En 2007 Planeta public\u00f3 un libro de mi autor\u00eda llamado\u00a0\u201cEl medio ambiente no le importa a nadie\u201d. La tesis era que las cuestiones ambientales hab\u00edan adquirido la condici\u00f3n de \u201cruido\u201d, lo que las hab\u00eda convertido en -apenas- un discurso pol\u00edticamente correcto destinado a responder en el plano ret\u00f3rico [&hellip;]<\/p>\n","protected":false},"author":2,"featured_media":20828,"comment_status":"closed","ping_status":"closed","sticky":false,"template":"","format":"standard","meta":{"footnotes":""},"categories":[86],"tags":[],"class_list":{"0":"post-20827","1":"post","2":"type-post","3":"status-publish","4":"format-standard","5":"has-post-thumbnail","7":"category-sociedad"},"_links":{"self":[{"href":"https:\/\/radiobitacora.com.ar\/web\/wp-json\/wp\/v2\/posts\/20827","targetHints":{"allow":["GET"]}}],"collection":[{"href":"https:\/\/radiobitacora.com.ar\/web\/wp-json\/wp\/v2\/posts"}],"about":[{"href":"https:\/\/radiobitacora.com.ar\/web\/wp-json\/wp\/v2\/types\/post"}],"author":[{"embeddable":true,"href":"https:\/\/radiobitacora.com.ar\/web\/wp-json\/wp\/v2\/users\/2"}],"replies":[{"embeddable":true,"href":"https:\/\/radiobitacora.com.ar\/web\/wp-json\/wp\/v2\/comments?post=20827"}],"version-history":[{"count":0,"href":"https:\/\/radiobitacora.com.ar\/web\/wp-json\/wp\/v2\/posts\/20827\/revisions"}],"wp:featuredmedia":[{"embeddable":true,"href":"https:\/\/radiobitacora.com.ar\/web\/wp-json\/wp\/v2\/media\/20828"}],"wp:attachment":[{"href":"https:\/\/radiobitacora.com.ar\/web\/wp-json\/wp\/v2\/media?parent=20827"}],"wp:term":[{"taxonomy":"category","embeddable":true,"href":"https:\/\/radiobitacora.com.ar\/web\/wp-json\/wp\/v2\/categories?post=20827"},{"taxonomy":"post_tag","embeddable":true,"href":"https:\/\/radiobitacora.com.ar\/web\/wp-json\/wp\/v2\/tags?post=20827"}],"curies":[{"name":"wp","href":"https:\/\/api.w.org\/{rel}","templated":true}]}}