{"id":20839,"date":"2024-06-05T08:07:03","date_gmt":"2024-06-05T11:07:03","guid":{"rendered":"https:\/\/radiobitacora.com.ar\/web\/?p=20839"},"modified":"2024-06-05T08:07:03","modified_gmt":"2024-06-05T11:07:03","slug":"como-es-la-herencia-que-maximo-menem-bolocco-podria-recibir-de-su-padre-cuales-son-los-bienes-que-estan-en-juego","status":"publish","type":"post","link":"https:\/\/radiobitacora.com.ar\/web\/2024\/06\/05\/como-es-la-herencia-que-maximo-menem-bolocco-podria-recibir-de-su-padre-cuales-son-los-bienes-que-estan-en-juego\/","title":{"rendered":"C\u00f3mo es la herencia que M\u00e1ximo Menem Bolocco podr\u00eda recibir de su padre: cu\u00e1les son los bienes que est\u00e1n en juego"},"content":{"rendered":"<p>A tres a\u00f1os de la muerte del expresidente de Argentina,\u00a0<strong>Carlos Menem<\/strong>, la herencia que dividi\u00f3 a los hijos del exmandatario riojano a\u00fan contin\u00faa en disputa y bajo la lupa de la Justicia. Es que, tras una denuncia de parte de\u00a0<strong>Carlos Nair Menem<\/strong>\u00a0por sospechas de un &#8220;mal movimiento del reparto de los bienes de su padre&#8221;, fue que\u00a0<strong>se abrieron causas por irregularidades<\/strong>\u00a0(\u201cCircunvenci\u00f3n de Incapaces\u201d y \u201cAdministraci\u00f3n Fraudulenta\u201d) en la sucesi\u00f3n de su pap\u00e1.<\/p>\n<p>Cabe mencionar que la Justicia argentina determin\u00f3 que\u00a0<strong>la herencia deb\u00eda repartirse en partes iguales<\/strong> entre sus tres hijos, Zulema, Carlos Nair y M\u00e1ximo, y adem\u00e1s con la nieta del expresidente, Antonella, hija de Carlos Menem Jr.,quien falleci\u00f3 en 1995.<\/p>\n<p>Pero antes correspond\u00eda hacer un inventario de los bienes de Menem y se estableci\u00f3 que el tambi\u00e9n exsenador pose\u00eda\u00a0<strong>26 terrenos\u00a0<\/strong>en el sector de\u00a0<strong>Chilecito<\/strong>,\u00a0<strong>La Rioja<\/strong>, de los cuales\u00a0<strong>le pertenec\u00eda el 50%, compartiendo la titularidad con Germ\u00e1n Kammerath<\/strong>.<\/p>\n<p>A los inmuebles se le suman<strong>\u00a0obras de arte, varios autos, acciones en la empresa Telecom y adem\u00e1s dinero en efectivo,<\/strong>\u00a0posesiones que se tendr\u00e1n que repartir en partes iguales entre los herederos.<\/p>\n<figure class=\"wp-block-image size-large\"><img decoding=\"async\" class=\"wp-image-336429\" src=\"https:\/\/www.revistagente.com\/wp-content\/uploads\/2022\/02\/Zulemita-Carlos-Menem-y-Maximo-720x405.jpg.webp\" alt=\"\" data-tapa-url=\"https:\/\/www.revistagente.com\/wp-content\/uploads\/2022\/02\/Zulemita-Carlos-Menem-y-Maximo-720x405.jpg.webp\" data-loaded=\"true\" data-cargado=\"true\" \/><figcaption class=\"wp-element-caption\">Imagen de archivo: Carlos Menem junto a su hija Zulemita y su hijo M\u00e1ximo.<\/figcaption><\/figure>\n<p>No obstante, hubo algunos otros bienes que no aplicaron como patrimonio del exmandatario argentino, que ser\u00eda uno de los movimientos que genera sospechas en una parte de la familia.<\/p>\n<p>Puntualmente se se\u00f1ala la gran casona en Belgrano que era habitada por \u00e9l<strong>\u00a0result\u00f3 estar registrada a nombre de su hija, Zulemita Menem<\/strong>. La misma situaci\u00f3n ocurre con la mansi\u00f3n en La Rioja, conocida como \u201cLa Rosadita, que tampoco estaba a nombre de Menem.<\/p>\n<h2 class=\"wp-block-heading\"><strong>La denuncia de\u00a0Antonella Menem, hija de Carlos Menem Jr. y nieta de Carlos Menem, contra Zulemita Menem<\/strong><\/h2>\n<p>En una entrevista televisiva de 2023,\u00a0<strong>Antonella Menem, hija de Carlos Menem Jr y nieta de Carlos Menem<\/strong>, habl\u00f3 sobre el conflictivo entramado familiar que deja mal parada a Zulema y Zulemita Menem.<\/p>\n<p>&#8220;Zulemita dice que s\u00f3lo hab\u00eda 150 mil pesos en la cuenta bancaria de mi abuelo. Bueno y despu\u00e9s esta el tema de la casa de Echeverria, las propiedades en La Rioja&#8230; se vendi\u00f3 todo y sin hacer la sucesi\u00f3n&#8221;, comenz\u00f3 relatando la mujer de 35 a\u00f1os.<\/p>\n<figure class=\"wp-block-image size-full\"><img decoding=\"async\" class=\"wp-image-472201\" src=\"https:\/\/www.revistagente.com\/wp-content\/uploads\/2023\/11\/Carlos-Menem-Jr-y-su-madre-Zulema-Yoma-720x831.png.webp\" alt=\"Carlos Menem Jr y su madre, Zulema Yoma\" data-tapa-url=\"https:\/\/www.revistagente.com\/wp-content\/uploads\/2023\/11\/Carlos-Menem-Jr-y-su-madre-Zulema-Yoma-720x831.png.webp\" data-loaded=\"true\" data-cargado=\"true\" \/><figcaption class=\"wp-element-caption\">Imagen de archivo: Carlos Menem Jr y su madre, Zulema Yoma, en una de las varias propiedades del exmandatario.<\/figcaption><\/figure>\n<p>&#8220;<strong>En Miami hay tres departamentos los cuales est\u00e1n nombres de amigos o testaferros de Zulemita.<\/strong>\u00a0Ellos aprietan para que no hablemos, no me lo dicen directamente pero yo me doy cuenta&#8221;, continu\u00f3 detallando sobre las amenazas que, seg\u00fan ella, recibe a diario.<\/p>\n<p>&#8220;<strong>La concesionaria Toyota que estaba en Libertador tambi\u00e9n era de mi pap\u00e1 y se la termin\u00f3 quedando ella a trav\u00e9s de una transacci\u00f3n<\/strong>&#8220;, concluy\u00f3 indignada por lo vivido.<\/p>\n<h2 class=\"wp-block-heading\"><strong>La estrategia legal de Cecilia Bolocco para defender el patrimonio de su hijo M\u00e1ximo<\/strong><\/h2>\n<p>Por su parte, seg\u00fan trascendi\u00f3 a finales de 2021, en cuanto a la estrategia de\u00a0<strong>Cecilia Bolocco<\/strong>\u00a0para que su hijo\u00a0<strong>M\u00e1ximo Menem Bolocco\u00a0<\/strong>reclame la parte que le corresponde de la herencia, la modelo y conductora chilena contrato un equipo de abogados para seguir de cerca el tema.<\/p>\n<p>En ese marco, el periodista chileno\u00a0<strong>Yordan Ponce<\/strong>, consultado por el ciclo argentino\u00a0<em>A La Tarde<\/em>, comunic\u00f3 que\u00a0<strong>Menem<\/strong>\u00a0tiene en el pa\u00eds trasandino unos\u00a0<em>&#8220;valiosos&#8221;\u00a0<\/em>terrenos en la zona de Vichuqu\u00e9n, en un sector exclusivo, que tendr\u00edan una valuaci\u00f3n de\u00a0<strong>un mill\u00f3n de d\u00f3lares.<\/strong><\/p>\n<figure class=\"wp-block-image size-large\"><img decoding=\"async\" class=\"wp-image-471040\" src=\"https:\/\/www.revistagente.com\/wp-content\/uploads\/2023\/11\/El-bautismo-de-Maximo-Menem-Bolocco-720x757.jpg.webp\" alt=\"Cecilia Bolocco y Carlos Menem sosteniendo a su hijo en su bautismo cat\u00f3lico.\" data-tapa-url=\"https:\/\/www.revistagente.com\/wp-content\/uploads\/2023\/11\/El-bautismo-de-Maximo-Menem-Bolocco-720x757.jpg.webp\" data-loaded=\"true\" data-cargado=\"true\" \/><figcaption class=\"wp-element-caption\">Cecilia Bolocco y Carlos Menem sosteniendo a su hijo en su bautismo cat\u00f3lico.<\/figcaption><\/figure>\n<p>&#8220;<strong>A M\u00e1ximo Menem le corresponde lo mismo que a los otros herederos seg\u00fan lo estipula la ley chilena<\/strong>&#8220;, indic\u00f3 Ponce, que tambi\u00e9n aclar\u00f3 que Bolocco es una celebridad en su pa\u00eds y due\u00f1a de una fortuna.<\/p>\n<p>Sin embargo, tambi\u00e9n se coment\u00f3 en el programa que m\u00e1s all\u00e1 de que le corresponde por ley,\u00a0<strong>se barajaba la posibilidad de que\u00a0M\u00e1ximo\u00a0pida su parte de la herencia a\u00a0modo de compensaci\u00f3n por haber tenido un padre ausente.<\/strong><\/p>\n","protected":false},"excerpt":{"rendered":"<p>A tres a\u00f1os de la muerte del expresidente de Argentina,\u00a0Carlos Menem, la herencia que dividi\u00f3 a los hijos del exmandatario riojano a\u00fan contin\u00faa en disputa y bajo la lupa de la Justicia. Es que, tras una denuncia de parte de\u00a0Carlos Nair Menem\u00a0por sospechas de un &#8220;mal movimiento del reparto de los bienes de su padre&#8221;, [&hellip;]<\/p>\n","protected":false},"author":2,"featured_media":20840,"comment_status":"closed","ping_status":"closed","sticky":false,"template":"","format":"standard","meta":{"footnotes":""},"categories":[86],"tags":[],"class_list":{"0":"post-20839","1":"post","2":"type-post","3":"status-publish","4":"format-standard","5":"has-post-thumbnail","7":"category-sociedad"},"_links":{"self":[{"href":"https:\/\/radiobitacora.com.ar\/web\/wp-json\/wp\/v2\/posts\/20839","targetHints":{"allow":["GET"]}}],"collection":[{"href":"https:\/\/radiobitacora.com.ar\/web\/wp-json\/wp\/v2\/posts"}],"about":[{"href":"https:\/\/radiobitacora.com.ar\/web\/wp-json\/wp\/v2\/types\/post"}],"author":[{"embeddable":true,"href":"https:\/\/radiobitacora.com.ar\/web\/wp-json\/wp\/v2\/users\/2"}],"replies":[{"embeddable":true,"href":"https:\/\/radiobitacora.com.ar\/web\/wp-json\/wp\/v2\/comments?post=20839"}],"version-history":[{"count":0,"href":"https:\/\/radiobitacora.com.ar\/web\/wp-json\/wp\/v2\/posts\/20839\/revisions"}],"wp:featuredmedia":[{"embeddable":true,"href":"https:\/\/radiobitacora.com.ar\/web\/wp-json\/wp\/v2\/media\/20840"}],"wp:attachment":[{"href":"https:\/\/radiobitacora.com.ar\/web\/wp-json\/wp\/v2\/media?parent=20839"}],"wp:term":[{"taxonomy":"category","embeddable":true,"href":"https:\/\/radiobitacora.com.ar\/web\/wp-json\/wp\/v2\/categories?post=20839"},{"taxonomy":"post_tag","embeddable":true,"href":"https:\/\/radiobitacora.com.ar\/web\/wp-json\/wp\/v2\/tags?post=20839"}],"curies":[{"name":"wp","href":"https:\/\/api.w.org\/{rel}","templated":true}]}}