{"id":20848,"date":"2024-06-05T08:26:15","date_gmt":"2024-06-05T11:26:15","guid":{"rendered":"https:\/\/radiobitacora.com.ar\/web\/?p=20848"},"modified":"2024-06-05T08:26:16","modified_gmt":"2024-06-05T11:26:16","slug":"valdes-en-washington-reunion-con-altos-funcionarios-para-posicionar-a-la-produccion-local","status":"publish","type":"post","link":"https:\/\/radiobitacora.com.ar\/web\/2024\/06\/05\/valdes-en-washington-reunion-con-altos-funcionarios-para-posicionar-a-la-produccion-local\/","title":{"rendered":"VALD\u00c9S EN WASHINGTON: REUNI\u00d3N CON ALTOS FUNCIONARIOS PARA POSICIONAR A LA PRODUCCI\u00d3N LOCAL"},"content":{"rendered":"<h3>Tras su arribo a la capital estadounidense, el gobernador Gustavo Vald\u00e9s tom\u00f3 contacto directo con el titular de Pol\u00edtica Agr\u00edcola y el director para el Cono Sur del Departamento de Estado de los Estados Unidos. La ocasi\u00f3n fue propicia para posicionar a los productos c\u00edtricos de la provincia en el mercado internacional y continuar atrayendo inversiones para el sector.<\/h3>\n<p>Acompa\u00f1ado por el ministro de Coordinaci\u00f3n y Planificaci\u00f3n, Miguel Olivieri, y otros funcionarios provinciales, el mandatario correntino inform\u00f3 del encuentro a trav\u00e9s de sus redes oficiales (@gustavovaldesok). \u201cArribamos a Washington, donde nos reunimos con Paul Harrison, Director de la Oficina de Pol\u00edtica Agr\u00edcola, y Bruce Friedman, Director Interino para Brasil y Cono Sur, en el Departamento de Estado\u201d, cont\u00f3 a trav\u00e9s de las plataformas sociales.<\/p>\n<p>En este marco, el titular del Ejecutivo a\u00f1adi\u00f3: \u201cTrabajamos sobre la posibilidad de exportaci\u00f3n de c\u00edtricos dulces, saliendo a buscar inversiones en un mercado con mucha demanda para una de las \u00e1reas productivas m\u00e1s importantes\u201d, a la vez que cit\u00f3 a las localidades de Mocoret\u00e1, Monte Caseros y Bella Vista, en este \u00e1mbito.<\/p>\n<div class=\"at-below-post addthis_tool\" data-url=\"https:\/\/883radiociudad.gob.ar\/valdes-en-washington-reunion-con-altos-funcionarios-para-posicionar-a-la-produccion-local\/\"><\/div>\n<div class=\"post-item-metadata entry-meta\"><\/div>\n<nav class=\"navigation post-navigation\" aria-label=\"Continue Reading\">\n<h2 class=\"screen-reader-text\">Continue Reading<\/h2>\n<div class=\"nav-links\">\n<div class=\"nav-previous\"><\/div>\n<\/div>\n<\/nav>\n","protected":false},"excerpt":{"rendered":"<p>Tras su arribo a la capital estadounidense, el gobernador Gustavo Vald\u00e9s tom\u00f3 contacto directo con el titular de Pol\u00edtica Agr\u00edcola y el director para el Cono Sur del Departamento de Estado de los Estados Unidos. La ocasi\u00f3n fue propicia para posicionar a los productos c\u00edtricos de la provincia en el mercado internacional y continuar atrayendo [&hellip;]<\/p>\n","protected":false},"author":2,"featured_media":20849,"comment_status":"closed","ping_status":"closed","sticky":false,"template":"","format":"standard","meta":{"footnotes":""},"categories":[79],"tags":[],"class_list":{"0":"post-20848","1":"post","2":"type-post","3":"status-publish","4":"format-standard","5":"has-post-thumbnail","7":"category-politica"},"_links":{"self":[{"href":"https:\/\/radiobitacora.com.ar\/web\/wp-json\/wp\/v2\/posts\/20848","targetHints":{"allow":["GET"]}}],"collection":[{"href":"https:\/\/radiobitacora.com.ar\/web\/wp-json\/wp\/v2\/posts"}],"about":[{"href":"https:\/\/radiobitacora.com.ar\/web\/wp-json\/wp\/v2\/types\/post"}],"author":[{"embeddable":true,"href":"https:\/\/radiobitacora.com.ar\/web\/wp-json\/wp\/v2\/users\/2"}],"replies":[{"embeddable":true,"href":"https:\/\/radiobitacora.com.ar\/web\/wp-json\/wp\/v2\/comments?post=20848"}],"version-history":[{"count":0,"href":"https:\/\/radiobitacora.com.ar\/web\/wp-json\/wp\/v2\/posts\/20848\/revisions"}],"wp:featuredmedia":[{"embeddable":true,"href":"https:\/\/radiobitacora.com.ar\/web\/wp-json\/wp\/v2\/media\/20849"}],"wp:attachment":[{"href":"https:\/\/radiobitacora.com.ar\/web\/wp-json\/wp\/v2\/media?parent=20848"}],"wp:term":[{"taxonomy":"category","embeddable":true,"href":"https:\/\/radiobitacora.com.ar\/web\/wp-json\/wp\/v2\/categories?post=20848"},{"taxonomy":"post_tag","embeddable":true,"href":"https:\/\/radiobitacora.com.ar\/web\/wp-json\/wp\/v2\/tags?post=20848"}],"curies":[{"name":"wp","href":"https:\/\/api.w.org\/{rel}","templated":true}]}}