{"id":20854,"date":"2024-06-05T08:35:56","date_gmt":"2024-06-05T11:35:56","guid":{"rendered":"https:\/\/radiobitacora.com.ar\/web\/?p=20854"},"modified":"2024-06-05T08:35:56","modified_gmt":"2024-06-05T11:35:56","slug":"quita-de-subsidios-de-luz-y-de-gas-el-gobierno-oficializo-aumentos-mayores-al-155","status":"publish","type":"post","link":"https:\/\/radiobitacora.com.ar\/web\/2024\/06\/05\/quita-de-subsidios-de-luz-y-de-gas-el-gobierno-oficializo-aumentos-mayores-al-155\/","title":{"rendered":"Quita de subsidios de luz y de gas: el Gobierno oficializ\u00f3 aumentos mayores al 155%"},"content":{"rendered":"<p>El Gobierno de Javier Milei oficializ\u00f3 este mi\u00e9rcoles los detalles de la quita de subsidios a las tarifas de energ\u00eda que comenzar\u00e1 a regir en junio como parte de la transici\u00f3n hacia un nuevo esquema de asistencia. Todos los usuarios, pero sobre todo los residenciales de ingresos medios y bajos, pagar\u00e1n m\u00e1s caro por la luz y el gas que utilicen pero tambi\u00e9n tendr\u00e1n nuevos topes de consumo subsidiado m\u00e1s bajos.<\/p>\n<p>Es por eso que los usuarios residenciales podr\u00edan recibir aumentos que en algunos casos superar\u00e1n el 150% seg\u00fan las primeras estimaciones privadas que recogi\u00f3 Infobae. Como en invierno el consumo suele dispararse, algunos sectores tendr\u00e1n saltos mucho m\u00e1s grandes en sus boletas.<\/p>\n<p>Aumentos de la luz<\/p>\n<p>Es importante resaltar que por la segmentaci\u00f3n de subsidios actual, existen tres tipos de hogares: los de ingresos altos (N1), ingresos bajos (N2) e ingresos medios (N3). Los N2 y N3 cubren solo una peque\u00f1a parte de los costos de la energ\u00eda que consumen, que es uno de los \u00edtems de las facturas, adem\u00e1s del costo de transporte, de distribuci\u00f3n y los impuestos nacionales, municipales y provinciales.<\/p>\n<div class=\"container_publi\" data-tipo=\"tipo_desktop \" data-pos=\"AMP_P1_cuerpo\">\n<div class=\"gpt-load\" data-gpt=\"\/22675780113\/nota\/AMP_cuerpo_x\" data-size=\"[750,300]\"><\/div>\n<\/div>\n<p>La Resoluci\u00f3n 92\/2024 de la Secretar\u00eda de Energ\u00eda llev\u00f3 el Precio Estacional de la Energ\u00eda (PEST) para el per\u00edodo mayo-octubre a $57.214 por megawatt hora (MWh) para todos los usuarios residenciales. Los N1 al igual que comercios e industrias, pagar\u00e1n el 100% del costo de la electricidad, lo que redundar\u00e1 en un incremento final del 20% aproximadamente. Los N2 tendr\u00e1n una bonificaci\u00f3n del 71,9% y los N2 del 55,9% sobre ese precio en la factura. Estos dos \u00faltimos segmentos pagaban el 4% y el 3% del valor vigente hasta abril.<\/p>\n<p>A modo ilustrativo de las boletas finales, la Secretar\u00eda de Energ\u00eda de Eduardo Rodr\u00edguez Chirilo realiz\u00f3 una estimaci\u00f3n de incrementos considerando consumos promedios residenciales de 260 KWh:<\/p>\n<p>\u25cf N1 pasar\u00e1 de $24.710 a $30.355 (22,8%).<\/p>\n<p>\u25cf N3 pasar\u00e1 de $6.585 a $16.850 (155,9%).<\/p>\n<p>\u25cf N2 pasar\u00e1 de $6.295 a $12.545 (99,3%).<\/p>\n<p>Nuevos topes de subsidios para electricidad<\/p>\n<p>Por otro lado, la Resoluci\u00f3n 90\/2024 que public\u00f3 Energ\u00eda dispone nuevos topes de consumo con subsidio. Eso implica que los usuarios N2 y N3 que excedan esos l\u00edmites, pagar\u00e1n m\u00e1s caro por la electricidad y las boletas podr\u00edan ser incluso m\u00e1s pesadas.<\/p>\n<div class=\"container_publi\" data-tipo=\"tipo_desktop \" data-pos=\"AMP_P2_cuerpo\">\n<div class=\"gpt-load\" data-gpt=\"\/22675780113\/nota\/AMP_cuerpo_x\" data-size=\"[750,300]\"><\/div>\n<\/div>\n<p>\u201cPara la demanda de usuarios categorizados en el Nivel 2 el l\u00edmite del consumo base se fija en TRESCIENTOS CINCUENTA (350) kWh\/mes\u201d, dice la norma. Este segmento no ten\u00eda tope de consumo con subvenciones con el esquema que reg\u00eda desde 2022 y que el Gobierno modific\u00f3 este mi\u00e9rcoles. Para las zonas fr\u00edas el l\u00edmite der\u00e1 de 700 kWh\/mes.<\/p>\n<p>\u201cPara la demanda de usuarios categorizados en el Nivel 3 (con excepci\u00f3n de los usuarios incluidos en el Art\u00edculo 2\u00b0 de la presente medida y por el per\u00edodo all\u00ed establecido), el l\u00edmite del consumo base se fija en DOSCIENTOS CINCUENTA (250) kWh\/mes\u201d, consign\u00f3 la resoluci\u00f3n. Estos hogares ten\u00edan subsidiado hasta 400 KWh hasta esta nueva medida. Para las zonas fr\u00edas ser\u00e1 de 500 kWh\/mes.<\/p>\n<p>Aumento del gas<\/p>\n<p>A trav\u00e9s de la Resoluci\u00f3n 91\/2024 tambi\u00e9n se estableci\u00f3 el precio de gas natural en el Punto de Ingreso al Sistema de Transporte (PIST) a trasladar a las tarifas finales. El PIST es el precio del gas que consumen los usuarios, cuyo costo para el per\u00edodo mayo-octubre es de USD 4 por mill\u00f3n de BTU (unidad de medida brit\u00e1nica para el gas).<\/p>\n<p>Los usuarios de N1 (altos ingresos) continuar\u00e1n pagando USD 4 por mill\u00f3n de BTU debido a que no percibe subsidios.<\/p>\n<div class=\"container_publi\" data-tipo=\"tipo_desktop \" data-pos=\"AMP_P3_cuerpo\">\n<div class=\"gpt-load\" data-gpt=\"\/22675780113\/nota\/AMP_cuerpo_x\" data-size=\"[750,300]\"><\/div>\n<\/div>\n<p>Los usuarios N2 tendr\u00e1n una bonificaci\u00f3n del 64% sobre el precio que pagan los de altos ingresos, es decir cubrir\u00e1n USD 1,6 por mill\u00f3n de BTU. Hasta abril abonaban USD 0,8 por mill\u00f3n de BTU, por lo que pagar\u00e1n casi 100% m\u00e1s caro por el gas.<\/p>\n<p>Los residenciales N3 tendr\u00e1n una bonificaci\u00f3n del 55% sobre el PIST, por lo que solo pagar\u00e1n casi USD 2 por mill\u00f3n de BTU. Hasta abril pagaban USD 1,1 por mill\u00f3n de BTU, lo que implica una suba del 81% en ese concepto.<\/p>\n<p>La resoluci\u00f3n unifica los topes de consumo para los usuarios de ingresos bajos y medios: \u201cDurante el Per\u00edodo de Transici\u00f3n, desde el 1\u00ba de junio hasta el 30 de noviembre de 2024, para los consumos de gas natural por red, se extienden a los usuarios incluidos en el Nivel 2, los topes de consumo establecidos para los usuarios del Nivel 3 en la Resoluci\u00f3n N\u00ba 686 de fecha 5 de octubre de 2022 de la SECRETAR\u00cdA DE ENERG\u00cdA del MINISTERIO DE ECONOM\u00cdA (\u201dconsumo base\u201d). Los consumos realizados por encima de los \u2018consumos base\u2019 se considerar\u00e1n \u2018consumos excedentes\u2019 a los efectos de la bonificaci\u00f3n a aplicar al componente Energ\u00eda que ser\u00e1 trasladado a las tarifas\u201d. Vale recordar que por el excedente se pagar\u00e1 sin subvenci\u00f3n.<\/p>\n<p>Sinton\u00eda fina<\/p>\n<p>Los usuarios que se anotaron en el Registro de Acceso a los subsidios a la Energ\u00eda (RASE) para pedir el subsidio no necesitan volver inscribirse. Quienes no lo hayan realizado, aunque perciban asistencia, en un plazo de 60 d\u00edas quedar\u00e1n excluidos.<\/p>\n<div class=\"container_publi\" data-tipo=\"tipo_desktop \" data-pos=\"AMP_P4_cuerpo\">\n<div class=\"gpt-load\" data-gpt=\"\/22675780113\/nota\/AMP_cuerpo_x\" data-size=\"[750,300]\"><\/div>\n<\/div>\n<p>Es importante entender que los fuertes aumentos del primer cuatrimestre, en torno al 350%, se dieron en dos componentes de la factura: el transporte de la energ\u00eda y la distribuci\u00f3n. Seg\u00fan se oficializ\u00f3 la semana pasada a trav\u00e9s del Decreto 465\/2024, la Secretar\u00eda de Energ\u00eda de Eduardo Rodr\u00edguez Chirillo avanzar\u00e1 sobre el porcentaje que pagan los usuarios del costo de generaci\u00f3n, que para la electricidad se conoce como Precio Estacional de la Energ\u00eda (PEST) y para el gas natural es el Punto de Ingreso al Sistema de Transporte (PIST).<\/p>\n<p>Es en ese \u00faltimo punto en donde se canalizan las subvenciones que paga el Estado argentino sobre la diferencia entre el \u201ccosto real\u201d de la energ\u00eda y lo que abonan los usuarios. El Tesoro compensa a los generadores con transferencias que realiza a trav\u00e9s de Cammesa, la administradora del Mercado El\u00e9ctrico Mayorista.<\/p>\n<p>El Gobierno busca una sinton\u00eda fina entre el equilibrio fiscal y apuntalar la desaceleraci\u00f3n de la inflaci\u00f3n, en una \u00e9poca en la que los precios de la energ\u00eda suelen ser m\u00e1s altos. Es por eso que tambi\u00e9n preparan un nuevo sistema de indexaci\u00f3n mensual para transporte y distribuci\u00f3n en base a expectativas de inflaci\u00f3n futura del Relevamiento de Expectativas de Mercado (REM) del BCRA.<\/p>\n","protected":false},"excerpt":{"rendered":"<p>El Gobierno de Javier Milei oficializ\u00f3 este mi\u00e9rcoles los detalles de la quita de subsidios a las tarifas de energ\u00eda que comenzar\u00e1 a regir en junio como parte de la transici\u00f3n hacia un nuevo esquema de asistencia. Todos los usuarios, pero sobre todo los residenciales de ingresos medios y bajos, pagar\u00e1n m\u00e1s caro por la [&hellip;]<\/p>\n","protected":false},"author":2,"featured_media":20855,"comment_status":"closed","ping_status":"closed","sticky":false,"template":"","format":"standard","meta":{"footnotes":""},"categories":[65],"tags":[],"class_list":{"0":"post-20854","1":"post","2":"type-post","3":"status-publish","4":"format-standard","5":"has-post-thumbnail","7":"category-economia"},"_links":{"self":[{"href":"https:\/\/radiobitacora.com.ar\/web\/wp-json\/wp\/v2\/posts\/20854","targetHints":{"allow":["GET"]}}],"collection":[{"href":"https:\/\/radiobitacora.com.ar\/web\/wp-json\/wp\/v2\/posts"}],"about":[{"href":"https:\/\/radiobitacora.com.ar\/web\/wp-json\/wp\/v2\/types\/post"}],"author":[{"embeddable":true,"href":"https:\/\/radiobitacora.com.ar\/web\/wp-json\/wp\/v2\/users\/2"}],"replies":[{"embeddable":true,"href":"https:\/\/radiobitacora.com.ar\/web\/wp-json\/wp\/v2\/comments?post=20854"}],"version-history":[{"count":0,"href":"https:\/\/radiobitacora.com.ar\/web\/wp-json\/wp\/v2\/posts\/20854\/revisions"}],"wp:featuredmedia":[{"embeddable":true,"href":"https:\/\/radiobitacora.com.ar\/web\/wp-json\/wp\/v2\/media\/20855"}],"wp:attachment":[{"href":"https:\/\/radiobitacora.com.ar\/web\/wp-json\/wp\/v2\/media?parent=20854"}],"wp:term":[{"taxonomy":"category","embeddable":true,"href":"https:\/\/radiobitacora.com.ar\/web\/wp-json\/wp\/v2\/categories?post=20854"},{"taxonomy":"post_tag","embeddable":true,"href":"https:\/\/radiobitacora.com.ar\/web\/wp-json\/wp\/v2\/tags?post=20854"}],"curies":[{"name":"wp","href":"https:\/\/api.w.org\/{rel}","templated":true}]}}