{"id":20872,"date":"2024-06-06T08:25:04","date_gmt":"2024-06-06T11:25:04","guid":{"rendered":"https:\/\/radiobitacora.com.ar\/web\/?p=20872"},"modified":"2024-06-06T08:25:04","modified_gmt":"2024-06-06T11:25:04","slug":"milei-anticipo-que-vetara-la-nueva-formula-jubilatoria","status":"publish","type":"post","link":"https:\/\/radiobitacora.com.ar\/web\/2024\/06\/06\/milei-anticipo-que-vetara-la-nueva-formula-jubilatoria\/","title":{"rendered":"MILEI ANTICIP\u00d3 QUE VETAR\u00c1 LA NUEVA F\u00d3RMULA JUBILATORIA"},"content":{"rendered":"<h3>El proyecto de la oposici\u00f3n obtuvo 160 votos a favor, 72 en contra y 8 abstenciones. Esto fue el resultado de varias horas de negociaciones en la C\u00e1mara de Diputados.<\/h3>\n<p>La media sanci\u00f3n de la nueva f\u00f3rmula de movilidad jubilatoria ha generado una fuerte reacci\u00f3n tanto del presidente Milei como de otros actores pol\u00edticos, poniendo en evidencia las tensiones y divisiones dentro del Congreso y el Gobierno.<\/p>\n<p>El presidente Javier Milei no tard\u00f3 en expresar su rechazo y adelant\u00f3 que vetar\u00e1 la ley si llega a esa instancia. \u201cDefender\u00e9 la caja a veto puro si es necesario\u201d, afirm\u00f3. Milei tambi\u00e9n utiliz\u00f3 sus redes sociales para criticar la medida, se\u00f1alando que no permitir\u00e1 que se repita el d\u00e9ficit fiscal que, seg\u00fan \u00e9l, empobreci\u00f3 al pa\u00eds.<\/p>\n<p>El flamante jefe de Gabinete, Guillermo Francos, y el vocero presidencial, Manuel Adorni, se manifestaron en contra del proyecto. Adorni declar\u00f3 que \u201cel Presidente ya lo dijo, todo lo que atente contra el equilibrio fiscal lo va a vetar. Tambi\u00e9n critic\u00f3 al kirchnerismo por su enfoque en el gasto p\u00fablico\u201d.<\/p>\n<p>La bancada del PRO y LLA se opusieron al proyecto, argumentando que romper\u00eda el super\u00e1vit fiscal y afectar\u00eda las cuentas p\u00fablicas del Estado. Seg\u00fan la Oficina de Presupuesto del Congreso, el costo fiscal del proyecto rondar\u00eda el 0,43% del PBI, lo que la oposici\u00f3n consider\u00f3 un costo razonable.<\/p>\n<p>El PRO cuestion\u00f3 al radicalismo por llegar a un acuerdo con los diputados kirchneristas. El jefe de la bancada amarilla en la C\u00e1mara baja, Cristian Ritondo, critic\u00f3: \u201cNos propon\u00edamos no prestarnos al show que el radicalismo y sus nuevos socios del kirchnerismo quer\u00edan hacer en este recinto\u201d.<\/p>\n<p>LLA emiti\u00f3 un comunicado en sus redes sociales criticando la votaci\u00f3n y la demora en la aprobaci\u00f3n de la Ley Bases. Reci\u00e9n en la C\u00e1mara de Diputados de la Naci\u00f3n, 160 legisladores acaban de votar una Ley para quebrar al Estado Nacional el mismo d\u00eda que se aumentaron los sueldos, cuestionaron.<\/p>\n","protected":false},"excerpt":{"rendered":"<p>El proyecto de la oposici\u00f3n obtuvo 160 votos a favor, 72 en contra y 8 abstenciones. Esto fue el resultado de varias horas de negociaciones en la C\u00e1mara de Diputados. La media sanci\u00f3n de la nueva f\u00f3rmula de movilidad jubilatoria ha generado una fuerte reacci\u00f3n tanto del presidente Milei como de otros actores pol\u00edticos, poniendo [&hellip;]<\/p>\n","protected":false},"author":2,"featured_media":20873,"comment_status":"closed","ping_status":"closed","sticky":false,"template":"","format":"standard","meta":{"footnotes":""},"categories":[79],"tags":[],"class_list":{"0":"post-20872","1":"post","2":"type-post","3":"status-publish","4":"format-standard","5":"has-post-thumbnail","7":"category-politica"},"_links":{"self":[{"href":"https:\/\/radiobitacora.com.ar\/web\/wp-json\/wp\/v2\/posts\/20872","targetHints":{"allow":["GET"]}}],"collection":[{"href":"https:\/\/radiobitacora.com.ar\/web\/wp-json\/wp\/v2\/posts"}],"about":[{"href":"https:\/\/radiobitacora.com.ar\/web\/wp-json\/wp\/v2\/types\/post"}],"author":[{"embeddable":true,"href":"https:\/\/radiobitacora.com.ar\/web\/wp-json\/wp\/v2\/users\/2"}],"replies":[{"embeddable":true,"href":"https:\/\/radiobitacora.com.ar\/web\/wp-json\/wp\/v2\/comments?post=20872"}],"version-history":[{"count":0,"href":"https:\/\/radiobitacora.com.ar\/web\/wp-json\/wp\/v2\/posts\/20872\/revisions"}],"wp:featuredmedia":[{"embeddable":true,"href":"https:\/\/radiobitacora.com.ar\/web\/wp-json\/wp\/v2\/media\/20873"}],"wp:attachment":[{"href":"https:\/\/radiobitacora.com.ar\/web\/wp-json\/wp\/v2\/media?parent=20872"}],"wp:term":[{"taxonomy":"category","embeddable":true,"href":"https:\/\/radiobitacora.com.ar\/web\/wp-json\/wp\/v2\/categories?post=20872"},{"taxonomy":"post_tag","embeddable":true,"href":"https:\/\/radiobitacora.com.ar\/web\/wp-json\/wp\/v2\/tags?post=20872"}],"curies":[{"name":"wp","href":"https:\/\/api.w.org\/{rel}","templated":true}]}}