{"id":20875,"date":"2024-06-06T08:30:13","date_gmt":"2024-06-06T11:30:13","guid":{"rendered":"https:\/\/radiobitacora.com.ar\/web\/?p=20875"},"modified":"2024-06-06T08:30:13","modified_gmt":"2024-06-06T11:30:13","slug":"en-washington-valdes-se-reunio-con-el-representante-argentino-ante-el-banco-mundial-para-dialogar-sobre-infraestructura-e-inversiones","status":"publish","type":"post","link":"https:\/\/radiobitacora.com.ar\/web\/2024\/06\/06\/en-washington-valdes-se-reunio-con-el-representante-argentino-ante-el-banco-mundial-para-dialogar-sobre-infraestructura-e-inversiones\/","title":{"rendered":"EN WASHINGTON, VALD\u00c9S SE REUNI\u00d3 CON EL REPRESENTANTE ARGENTINO ANTE EL BANCO MUNDIAL PARA DIALOGAR SOBRE INFRAESTRUCTURA E INVERSIONES"},"content":{"rendered":"<h3>Continuando con su estad\u00eda en la ciudad estadounidense de Washington, el gobernador Gustavo Vald\u00e9s se reuni\u00f3 con el representante argentino ante el Banco Mundial, Daniel Pierini para dialogar sobre infraestructura e inversiones en empresas productoras de materias primas, as\u00ed como sobre proyectos p\u00fablicos de asistencia social, educaci\u00f3n y capital humano.<\/h3>\n<p>El encuentro fue en la sede de la mencionada entidad financiera, donde tambi\u00e9n particip\u00f3 el ministro de Coordinaci\u00f3n y Planificaci\u00f3n, Miguel Olivieri.<\/p>\n<p>Esta semana, Vald\u00e9s tambi\u00e9n mantuvo una reuni\u00f3n con funcionarios estadounidenses buscando posicionar los productos c\u00edtricos de la provincia en el mercado internacional\u00a0y continuar atrayendo inversiones para el sector.<\/p>\n","protected":false},"excerpt":{"rendered":"<p>Continuando con su estad\u00eda en la ciudad estadounidense de Washington, el gobernador Gustavo Vald\u00e9s se reuni\u00f3 con el representante argentino ante el Banco Mundial, Daniel Pierini para dialogar sobre infraestructura e inversiones en empresas productoras de materias primas, as\u00ed como sobre proyectos p\u00fablicos de asistencia social, educaci\u00f3n y capital humano. El encuentro fue en la [&hellip;]<\/p>\n","protected":false},"author":2,"featured_media":20876,"comment_status":"closed","ping_status":"closed","sticky":false,"template":"","format":"standard","meta":{"footnotes":""},"categories":[79],"tags":[],"class_list":{"0":"post-20875","1":"post","2":"type-post","3":"status-publish","4":"format-standard","5":"has-post-thumbnail","7":"category-politica"},"_links":{"self":[{"href":"https:\/\/radiobitacora.com.ar\/web\/wp-json\/wp\/v2\/posts\/20875","targetHints":{"allow":["GET"]}}],"collection":[{"href":"https:\/\/radiobitacora.com.ar\/web\/wp-json\/wp\/v2\/posts"}],"about":[{"href":"https:\/\/radiobitacora.com.ar\/web\/wp-json\/wp\/v2\/types\/post"}],"author":[{"embeddable":true,"href":"https:\/\/radiobitacora.com.ar\/web\/wp-json\/wp\/v2\/users\/2"}],"replies":[{"embeddable":true,"href":"https:\/\/radiobitacora.com.ar\/web\/wp-json\/wp\/v2\/comments?post=20875"}],"version-history":[{"count":0,"href":"https:\/\/radiobitacora.com.ar\/web\/wp-json\/wp\/v2\/posts\/20875\/revisions"}],"wp:featuredmedia":[{"embeddable":true,"href":"https:\/\/radiobitacora.com.ar\/web\/wp-json\/wp\/v2\/media\/20876"}],"wp:attachment":[{"href":"https:\/\/radiobitacora.com.ar\/web\/wp-json\/wp\/v2\/media?parent=20875"}],"wp:term":[{"taxonomy":"category","embeddable":true,"href":"https:\/\/radiobitacora.com.ar\/web\/wp-json\/wp\/v2\/categories?post=20875"},{"taxonomy":"post_tag","embeddable":true,"href":"https:\/\/radiobitacora.com.ar\/web\/wp-json\/wp\/v2\/tags?post=20875"}],"curies":[{"name":"wp","href":"https:\/\/api.w.org\/{rel}","templated":true}]}}