{"id":20906,"date":"2024-06-07T07:40:27","date_gmt":"2024-06-07T10:40:27","guid":{"rendered":"https:\/\/radiobitacora.com.ar\/web\/?p=20906"},"modified":"2024-06-07T07:40:27","modified_gmt":"2024-06-07T10:40:27","slug":"el-segundo-puente-y-otras-obras-la-agenda-de-valdes-con-el-presidente-del-bid","status":"publish","type":"post","link":"https:\/\/radiobitacora.com.ar\/web\/2024\/06\/07\/el-segundo-puente-y-otras-obras-la-agenda-de-valdes-con-el-presidente-del-bid\/","title":{"rendered":"El segundo puente y otras obras: la agenda de Vald\u00e9s con el presidente del BID"},"content":{"rendered":"<p>El gobernador de Corrientes, Gustavo Vald\u00e9s, durante su visita en Washington se reuni\u00f3 este jueves con el presidente del Banco Interamericano de Desarrollo (BID), Ilan Goldfajn, para repasar\u00a0\u00a0<strong>las obras que el organismo ejecuta en Corrientes y las posibles a realizarse en la provincia.<\/strong><\/p>\n<p>As\u00ed, siguiendo por su gira en Estados Unidos el mandatario junto al ministro de Coordinaci\u00f3n y Planificaci\u00f3n, Miguel Olivieri,\u00a0coment\u00f3 las acciones abordadas durante el encuentro.<\/p>\n<p><strong>\u201cDialogamos sobre el potencial foresto-industrial de la provincia\u201d<\/strong>,\u00a0 dijo y explic\u00f3 que entre el abanico de temas abordados se encuentran: el parque industrial y el puerto de Ituzaing\u00f3, adem\u00e1s, de la ubicaci\u00f3n estrat\u00e9gica en el Mercosur y los proyectos de infraestructura en los que invierte el Gobierno de Corrientes como puertos, polos industriales y energ\u00eda.<\/p>\n<p>A su vez, Vald\u00e9s indic\u00f3 que los \u201cproblemas clim\u00e1ticos del siglo XXI y su impacto en la regi\u00f3n con las inundaciones y sequ\u00eda\u201d, fue otro de los temas entablados en el encuentro.<\/p>\n<div class=\"container_publi\" data-tipo=\"tipo_desktop \" data-pos=\"AMP_P1_cuerpo\">\n<div class=\"gpt-load\" data-gpt=\"\/22675780113\/nota\/AMP_cuerpo_x\" data-size=\"[750,300]\"><\/div>\n<\/div>\n<p>Por \u00faltimo, mencion\u00f3 que\u00a0\u00a0<strong>\u201cla reciente aprobaci\u00f3n para la licitaci\u00f3n del segundo puente con el Chaco\u201d<\/strong>\u00a0 estuvo presente en la mesa de di\u00e1logo teniendo en cuenta la magnitud e importancia de la obra \u201cpara la log\u00edstica del norte argentino\u201d.<\/p>\n<p>&nbsp;<\/p>\n<div class=\"fixed-container f_height\"><img decoding=\"async\" class=\"i-amphtml-fill-content i-amphtml-replaced-content\" src=\"https:\/\/pxc.cdn.ellitoral.com.ar\/litoral\/062024\/1717703906152.webp?cw=1200&amp;ch=900&amp;extw=jpg\" alt=\"El segundo puente y otras obras: la agenda de Vald\u00e9s con el presidente del BID\" \/><\/div>\n<p>&nbsp;<\/p>\n<p><strong>Acciones previas<\/strong><\/p>\n<p>Cabe recordar que durante la visita a Estados Unidos, el Gobernador se reuni\u00f3 con el representante argentino ante el Banco Mundial, Daniel Pierini para dialogar sobre infraestructura e inversiones en empresas productoras de materias primas y proyectos p\u00fablicos de asistencia social, educaci\u00f3n y capital humano.<\/p>\n<p>Adem\u00e1s, tambi\u00e9n entabl\u00f3 contacto con el titular de Pol\u00edtica Agr\u00edcola y el director para el Cono Sur del Departamento de Estado de los Estados Unidos para posicionar a los productos c\u00edtricos de la provincia en el mercado internacional y continuar atrayendo inversiones para el sector.<\/p>\n<p>Ya a fines de mayo, Vald\u00e9s en su estad\u00eda en Suiza, en la ciudad de Ginebra, se reuni\u00f3 con Scott Hylen, fundador de la empresa 54Trees Consulting, con quien acord\u00f3 la exportaci\u00f3n de un primer lote de flores de cannabis secas que ser\u00e1n distribuidas entre compradores europeos.<\/p>\n<div class=\"container_publi\" data-tipo=\"tipo_desktop \" data-pos=\"AMP_P2_cuerpo\">\n<div class=\"gpt-load\" data-gpt=\"\/22675780113\/nota\/AMP_cuerpo_x\" data-size=\"[750,300]\"><\/div>\n<\/div>\n<p>En la misma ciudad, tom\u00f3 contacto con referentes de la empresa MSC, l\u00edder global en transporte fluvial y por tierra, con el objetivo de atraer inversiones a la provincia.<\/p>\n<p>Y tambi\u00e9n dialog\u00f3 con referentes de la empresa Mediterranean Shipping Company, l\u00edder global en transporte fluvial y por tierra, con el objetivo de atraer inversiones a la provincia. En ese marco, Vald\u00e9s se refiri\u00f3 al avance de distintos proyectos, como los portuarios de Capital y el Interior, as\u00ed como tambi\u00e9n a las facilidades impositivas con las que cuenta el territorio para la inversi\u00f3n.<\/p>\n","protected":false},"excerpt":{"rendered":"<p>El gobernador de Corrientes, Gustavo Vald\u00e9s, durante su visita en Washington se reuni\u00f3 este jueves con el presidente del Banco Interamericano de Desarrollo (BID), Ilan Goldfajn, para repasar\u00a0\u00a0las obras que el organismo ejecuta en Corrientes y las posibles a realizarse en la provincia. As\u00ed, siguiendo por su gira en Estados Unidos el mandatario junto al [&hellip;]<\/p>\n","protected":false},"author":2,"featured_media":20907,"comment_status":"closed","ping_status":"closed","sticky":false,"template":"","format":"standard","meta":{"footnotes":""},"categories":[79],"tags":[],"class_list":{"0":"post-20906","1":"post","2":"type-post","3":"status-publish","4":"format-standard","5":"has-post-thumbnail","7":"category-politica"},"_links":{"self":[{"href":"https:\/\/radiobitacora.com.ar\/web\/wp-json\/wp\/v2\/posts\/20906","targetHints":{"allow":["GET"]}}],"collection":[{"href":"https:\/\/radiobitacora.com.ar\/web\/wp-json\/wp\/v2\/posts"}],"about":[{"href":"https:\/\/radiobitacora.com.ar\/web\/wp-json\/wp\/v2\/types\/post"}],"author":[{"embeddable":true,"href":"https:\/\/radiobitacora.com.ar\/web\/wp-json\/wp\/v2\/users\/2"}],"replies":[{"embeddable":true,"href":"https:\/\/radiobitacora.com.ar\/web\/wp-json\/wp\/v2\/comments?post=20906"}],"version-history":[{"count":0,"href":"https:\/\/radiobitacora.com.ar\/web\/wp-json\/wp\/v2\/posts\/20906\/revisions"}],"wp:featuredmedia":[{"embeddable":true,"href":"https:\/\/radiobitacora.com.ar\/web\/wp-json\/wp\/v2\/media\/20907"}],"wp:attachment":[{"href":"https:\/\/radiobitacora.com.ar\/web\/wp-json\/wp\/v2\/media?parent=20906"}],"wp:term":[{"taxonomy":"category","embeddable":true,"href":"https:\/\/radiobitacora.com.ar\/web\/wp-json\/wp\/v2\/categories?post=20906"},{"taxonomy":"post_tag","embeddable":true,"href":"https:\/\/radiobitacora.com.ar\/web\/wp-json\/wp\/v2\/tags?post=20906"}],"curies":[{"name":"wp","href":"https:\/\/api.w.org\/{rel}","templated":true}]}}