{"id":20909,"date":"2024-06-07T07:46:11","date_gmt":"2024-06-07T10:46:11","guid":{"rendered":"https:\/\/radiobitacora.com.ar\/web\/?p=20909"},"modified":"2024-06-07T07:46:11","modified_gmt":"2024-06-07T10:46:11","slug":"la-venta-de-combustibles-acumula-siete-meses-a-la-baja-en-corrientes","status":"publish","type":"post","link":"https:\/\/radiobitacora.com.ar\/web\/2024\/06\/07\/la-venta-de-combustibles-acumula-siete-meses-a-la-baja-en-corrientes\/","title":{"rendered":"La venta de combustibles acumula siete meses a la baja en Corrientes"},"content":{"rendered":"<p>Las ventas en las estaciones de servicio de Corrientes est\u00e1n frenadas desde hace varios meses. En abril, seg\u00fan los \u00faltimos datos proporcionados por la C\u00e1mara local que nuclea al sector (CESCOR), los surtidores correntinos sirvieron 25.436 metros c\u00fabicos de nafta y gasoil, un 14,7% menos que en marzo (en ese mes se vendieron 29.849 m3).<\/p>\n<p>Si la comparaci\u00f3n es con igual mes del a\u00f1o pasado, el coeficiente fue a\u00fan m\u00e1s preocupante (-36,6%), ya que en abril de 2023 se despacharon 40.138 m3 (+14.702 m3). Ahora, a la espera de los datos de mayo, \u00e9poca dialog\u00f3 con el presidente de CESCOR, Carlos Gold, quien hizo un semblanteo general de la coyuntura vivida en los surtidores de la provincia.<\/p>\n<p>&#8220;Si bien a\u00fan faltan los datos oficiales de Energ\u00eda de la Naci\u00f3n, es casi un hecho que mayo arrojar\u00e1 un resultado negativo respecto a abril. Lo que consolidar\u00e1 un nuevo mes con tendencia a la baja. Estar\u00edamos ya en siete meses de ca\u00edda consecutiva y lo transcurrido de junio no parece articular una reactivaci\u00f3n&#8221;, describi\u00f3 Gold.<\/p>\n<div class=\"center medium m_image\">\n<figure><picture><source srcset=\"https:\/\/www.diarioepoca.com\/content\/bucket\/4\/1366754w380h222c.jpg.webp\" type=\"image\/webp\" media=\"(min-width: 640px)\" \/><source srcset=\"https:\/\/www.diarioepoca.com\/content\/bucket\/4\/1366754w440h257c.jpg.webp\" type=\"image\/webp\" media=\"(min-width: 300px)\" \/><source srcset=\"https:\/\/www.diarioepoca.com\/content\/bucket\/4\/1366754w380h222c.jpg\" media=\"(min-width: 300px)\" \/><img loading=\"lazy\" decoding=\"async\" class=\"pic\" src=\"https:\/\/www.diarioepoca.com\/content\/bucket\/4\/1366754w380h222c.jpg.webp\" alt=\"\" width=\"380\" height=\"222\" \/><\/picture><\/figure>\n<\/div>\n<p>Hay que recordar que la venta de combustibles en abril fue la m\u00e1s baja en 34 meses en Argentina, tras un retroceso de 13,7%, el m\u00e1s fuerte en tres a\u00f1os y medio.<\/p>\n<p>La ca\u00edda tiene origen en la recesi\u00f3n econ\u00f3mica interna, pero adem\u00e1s en la baja que se produjo en las zonas lim\u00edtrofes por la suba del precio de los combustibles.<\/p>\n<h2>Importes<\/h2>\n<p>El referente gremial empresarial tambi\u00e9n se refiri\u00f3 al tema de los precios, a sabiendas que en lo que va del a\u00f1o se aplicaron seis alzas en las pizarras de todas las estaciones. &#8220;Al comienzo de este mes, hubo una leve suba y el importe del di\u00e9sel, pr\u00e1cticamente, ya est\u00e1 en paridad de importaci\u00f3n. Es decir que el litro de gasoil est\u00e1 &#8220;dolarizado&#8221; dentro del pa\u00eds y sale, pr\u00e1cticamente, lo mismo que importar&#8221;, refiri\u00f3.<\/p>\n<p>Respecto a la nafta, Gold puntualiz\u00f3: &#8220;Todav\u00eda hay una brecha de entre 12% y 15% con la paridad de importaci\u00f3n, lo cual permitir\u00eda avizorar o prever un escenario de nuevo aumento hasta lograr esa paridad que es lo que estipul\u00f3 el Gobierno&#8221;<\/p>\n","protected":false},"excerpt":{"rendered":"<p>Las ventas en las estaciones de servicio de Corrientes est\u00e1n frenadas desde hace varios meses. En abril, seg\u00fan los \u00faltimos datos proporcionados por la C\u00e1mara local que nuclea al sector (CESCOR), los surtidores correntinos sirvieron 25.436 metros c\u00fabicos de nafta y gasoil, un 14,7% menos que en marzo (en ese mes se vendieron 29.849 m3). [&hellip;]<\/p>\n","protected":false},"author":2,"featured_media":20910,"comment_status":"closed","ping_status":"closed","sticky":false,"template":"","format":"standard","meta":{"footnotes":""},"categories":[65],"tags":[],"class_list":{"0":"post-20909","1":"post","2":"type-post","3":"status-publish","4":"format-standard","5":"has-post-thumbnail","7":"category-economia"},"_links":{"self":[{"href":"https:\/\/radiobitacora.com.ar\/web\/wp-json\/wp\/v2\/posts\/20909","targetHints":{"allow":["GET"]}}],"collection":[{"href":"https:\/\/radiobitacora.com.ar\/web\/wp-json\/wp\/v2\/posts"}],"about":[{"href":"https:\/\/radiobitacora.com.ar\/web\/wp-json\/wp\/v2\/types\/post"}],"author":[{"embeddable":true,"href":"https:\/\/radiobitacora.com.ar\/web\/wp-json\/wp\/v2\/users\/2"}],"replies":[{"embeddable":true,"href":"https:\/\/radiobitacora.com.ar\/web\/wp-json\/wp\/v2\/comments?post=20909"}],"version-history":[{"count":0,"href":"https:\/\/radiobitacora.com.ar\/web\/wp-json\/wp\/v2\/posts\/20909\/revisions"}],"wp:featuredmedia":[{"embeddable":true,"href":"https:\/\/radiobitacora.com.ar\/web\/wp-json\/wp\/v2\/media\/20910"}],"wp:attachment":[{"href":"https:\/\/radiobitacora.com.ar\/web\/wp-json\/wp\/v2\/media?parent=20909"}],"wp:term":[{"taxonomy":"category","embeddable":true,"href":"https:\/\/radiobitacora.com.ar\/web\/wp-json\/wp\/v2\/categories?post=20909"},{"taxonomy":"post_tag","embeddable":true,"href":"https:\/\/radiobitacora.com.ar\/web\/wp-json\/wp\/v2\/tags?post=20909"}],"curies":[{"name":"wp","href":"https:\/\/api.w.org\/{rel}","templated":true}]}}