{"id":20966,"date":"2024-06-11T07:45:11","date_gmt":"2024-06-11T10:45:11","guid":{"rendered":"https:\/\/radiobitacora.com.ar\/web\/?p=20966"},"modified":"2024-06-11T07:45:11","modified_gmt":"2024-06-11T10:45:11","slug":"corrientes-consolida-una-alianza-estrategica-para-produccion-y-comercializacion-de-citricos","status":"publish","type":"post","link":"https:\/\/radiobitacora.com.ar\/web\/2024\/06\/11\/corrientes-consolida-una-alianza-estrategica-para-produccion-y-comercializacion-de-citricos\/","title":{"rendered":"CORRIENTES CONSOLIDA UNA ALIANZA ESTRAT\u00c9GICA PARA PRODUCCI\u00d3N Y COMERCIALIZACI\u00d3N DE C\u00cdTRICOS"},"content":{"rendered":"<h3>La pasada semana, convocados\u00a0por Coca Cola Argentina, el ministro de Producci\u00f3n, Claudio Anselmo, junto al secretario de Agricultura y Ganader\u00eda, Norberto M\u00f3rtola, participaron de la presentaci\u00f3n del programa \u201cAliados por el Campo\u201d, que apunta a mejorar la producci\u00f3n de peque\u00f1os productores agr\u00edcolas del pa\u00eds, con el objetivo de que puedan ser proveedores o puedan estar ligados al sistema de la firma.<\/h3>\n<p>El proyecto de la Empresa Coca Cola, inicia con un plan piloto de peque\u00f1os productores de citr\u00edcolas de las provincias de Corriente y Entre R\u00edos que les permitir\u00e1 ampliar el \u00e1rea sembrada. El objetivo, es que a trav\u00e9s de un programa que impulsa la empresa en conjunto con la provincia, los peque\u00f1os productores correntinos puedan ingresar a un sistema donde se certifique la producci\u00f3n sustentable.<\/p>\n<p>En el caso de Corrientes, el proyecto lo van a iniciar con uno de sus proveedores Litoral Citrus, que tiene planta de jugos en Bella Vista que es el que a su vez se vincular\u00e1 a trav\u00e9s de este programa,\u00a0con los peque\u00f1os productores que lo abastecen.<\/p>\n<p>El ministro de Producci\u00f3n, Claudio Anselmo resalt\u00f3: \u201cNosotros vemos este proyecto con optimismo por lo que significa el sector citr\u00edcola en Corrientes y para que pueda extenderse el programa a m\u00e1s peque\u00f1os productores no s\u00f3lo de naranja sino tambi\u00e9n de mandarina y lim\u00f3n donde Coca Cola es el principal comprador de la Argentina\u201d.<\/p>\n<p>\u201cA nosotros nos interesa, que nuestros productores puedan agregar valor a su producci\u00f3n y que sea un agregado local y es parte del plan de industrializaci\u00f3n que tenemos, por eso ya desarrollamos el plan lim\u00f3n donde ya hay industrias importantes que elaboran jugos y ya son 5 en la provincia y queremos que sigan creciendo\u201d, mencion\u00f3 Anselmo.<\/p>\n<p>Este programa es interesante para ampliar y mejorar los negocios de esta cadena productiva que es importante en la provincia y que nos permitir\u00e1 mejorar en el caso de los peque\u00f1os productores muchas veces la calidad de la fruta y de los jugos que ya produce Corrientes y, sobre todo, certificado bajo un programa de sustentabilidad ambiental que es lo que propone tambi\u00e9n al igual que nosotros, la empresa.<\/p>\n<p>El proyecto \u201cAliados por el campo\u201d\u00a0comenzar\u00e1 con un plan piloto de seis productores en la zona de Bella Vista que bajo este programa producir\u00e1n sus c\u00edtricos para la elaboraci\u00f3n de jugo. Ese jugo, ser\u00e1 comercializado a la Coca Cola y el programa prev\u00e9 ir extendiendo a otras \u00e1reas de la provincia beneficiando a mas productores.<\/p>\n<p>Corrientes cerr\u00f3 de esta manera, la primera semana de junio con dos importantes novedades para el sector citr\u00edcola, el gobernador Gustavo Vald\u00e9s en el marco de su gira por los EEUU validando la posibilidad de exportar c\u00edtricos, fruta fresca, de manera directa a uno de los principales compradores mundiales y por el otro lado que la producci\u00f3n correntina de jugos de naranja sea adquirida por la firma coca cola para la elaboraci\u00f3n de sus productos bajo un programa de sustentabilidad que beneficia principalmente a peque\u00f1os productores.<\/p>\n<p>&nbsp;<\/p>\n","protected":false},"excerpt":{"rendered":"<p>La pasada semana, convocados\u00a0por Coca Cola Argentina, el ministro de Producci\u00f3n, Claudio Anselmo, junto al secretario de Agricultura y Ganader\u00eda, Norberto M\u00f3rtola, participaron de la presentaci\u00f3n del programa \u201cAliados por el Campo\u201d, que apunta a mejorar la producci\u00f3n de peque\u00f1os productores agr\u00edcolas del pa\u00eds, con el objetivo de que puedan ser proveedores o puedan estar [&hellip;]<\/p>\n","protected":false},"author":2,"featured_media":20967,"comment_status":"closed","ping_status":"closed","sticky":false,"template":"","format":"standard","meta":{"footnotes":""},"categories":[65],"tags":[],"class_list":{"0":"post-20966","1":"post","2":"type-post","3":"status-publish","4":"format-standard","5":"has-post-thumbnail","7":"category-economia"},"_links":{"self":[{"href":"https:\/\/radiobitacora.com.ar\/web\/wp-json\/wp\/v2\/posts\/20966","targetHints":{"allow":["GET"]}}],"collection":[{"href":"https:\/\/radiobitacora.com.ar\/web\/wp-json\/wp\/v2\/posts"}],"about":[{"href":"https:\/\/radiobitacora.com.ar\/web\/wp-json\/wp\/v2\/types\/post"}],"author":[{"embeddable":true,"href":"https:\/\/radiobitacora.com.ar\/web\/wp-json\/wp\/v2\/users\/2"}],"replies":[{"embeddable":true,"href":"https:\/\/radiobitacora.com.ar\/web\/wp-json\/wp\/v2\/comments?post=20966"}],"version-history":[{"count":0,"href":"https:\/\/radiobitacora.com.ar\/web\/wp-json\/wp\/v2\/posts\/20966\/revisions"}],"wp:featuredmedia":[{"embeddable":true,"href":"https:\/\/radiobitacora.com.ar\/web\/wp-json\/wp\/v2\/media\/20967"}],"wp:attachment":[{"href":"https:\/\/radiobitacora.com.ar\/web\/wp-json\/wp\/v2\/media?parent=20966"}],"wp:term":[{"taxonomy":"category","embeddable":true,"href":"https:\/\/radiobitacora.com.ar\/web\/wp-json\/wp\/v2\/categories?post=20966"},{"taxonomy":"post_tag","embeddable":true,"href":"https:\/\/radiobitacora.com.ar\/web\/wp-json\/wp\/v2\/tags?post=20966"}],"curies":[{"name":"wp","href":"https:\/\/api.w.org\/{rel}","templated":true}]}}