{"id":20972,"date":"2024-06-11T07:52:12","date_gmt":"2024-06-11T10:52:12","guid":{"rendered":"https:\/\/radiobitacora.com.ar\/web\/?p=20972"},"modified":"2024-06-11T07:52:12","modified_gmt":"2024-06-11T10:52:12","slug":"valdes-junto-a-los-gobernadores-de-jxc-pidio-que-se-apruebe-la-ley-bases","status":"publish","type":"post","link":"https:\/\/radiobitacora.com.ar\/web\/2024\/06\/11\/valdes-junto-a-los-gobernadores-de-jxc-pidio-que-se-apruebe-la-ley-bases\/","title":{"rendered":"Vald\u00e9s, junto a los gobernadores de JxC, pidi\u00f3 que se apruebe la Ley Bases"},"content":{"rendered":"<p>Los diez gobernadores de Juntos por el Cambio (JxC), entre los que figura Gustavo Vald\u00e9s,\u00a0emitieron un comunicado manifestando &#8220;su apoyo contundente a la ratificaci\u00f3n y sanci\u00f3n de la Ley Bases y del paquete fiscal&#8221;. El pronunciamiento se conoci\u00f3 hace minutos y busca despejar la incertidumbre sobre los votos para la sesi\u00f3n del mi\u00e9rcoles en el Senado ante un panorama que se vislumbra ajustado para el gobierno de Javier Milei.<\/p>\n<p>&#8220;Cualquier dilaci\u00f3n que pueda ocurrir en el tr\u00e1mite legislativo puede afectar no s\u00f3lo a las finanzas nacionales, sino tambi\u00e9n a las provinciales. Necesitamos dar una clara se\u00f1al a los mercados, al mundo y a los argentinos que nuestro pa\u00eds avanza hacia el equilibrio fiscal, apuesta a la inversi\u00f3n privada y moderniza su sistema laboral&#8221;, se\u00f1ala en el comunicado<\/p>\n<p>La misiva lleva la firma de Jorge Macri (CABA), Leandro Zdero (Chaco), Ignacio Torres (Chubut), Gustavo Vald\u00e9s (Corrientes), Rogelio Frigerio (Entre R\u00edos), Carlos Sadir (Jujuy), Alfredo Cornejo (Mendoza), Marcelo Orrego (San Juan), Claudio Poggi (San Luis) y Maximiliano Pullaro (Santa Fe).<\/p>\n<p>&#8220;Resulta indispensable darle las herramientas al gobierno nacional para avanzar con las transformaciones que vot\u00f3 mayoritariamente la sociedad argentina. Cualquier dilaci\u00f3n que pueda ocurrir en el tr\u00e1mite legislativo puede afectar no s\u00f3lo a las finanzas nacionales, sino tambi\u00e9n a las provinciales&#8221;, sostienen los mandatarios provinciales.<\/p>\n<div class=\"container_publi\" data-tipo=\"tipo_desktop \" data-pos=\"AMP_P1_cuerpo\">\n<div class=\"gpt-load\" data-gpt=\"\/22675780113\/nota\/AMP_cuerpo_x\" data-size=\"[750,300]\"><\/div>\n<\/div>\n<p>El conteo de votos viene parejo en el Senado. Aunque se muestran optimistas, desde La Libertad Avanza no descartan que la votaci\u00f3n en general termine en un empate y sea la titular del cuerpo, Victoria Villarruel, quien deba desempatar. El inconveniente para la Vicepresidenta es que la nueva gira de Milei a Italia, en ocasi\u00f3n de la Cumbre del G7, la encontrar\u00e1 presidiendo el Ejecutivo en su reemplazo en medio de la jornada clave.<\/p>\n<p>&#8220;Necesitamos dar una clara se\u00f1al a los mercados, al mundo y a los argentinos que nuestro pa\u00eds avanza hacia el equilibrio fiscal, apuesta a la inversi\u00f3n privada y moderniza su sistema laboral. Todos estos ejes han encontrado un consenso mayoritario entre el oficialismo y un sector de la oposici\u00f3n constructiva y dialoguista. No hay m\u00e1s tiempo que perder. La mayor\u00eda de las provincias ha manifestado su apoyo a los instrumentos requeridos por el Presidente de la Naci\u00f3n y el gobierno nacional&#8221;, cierra el comunicado.<\/p>\n<p>El comunicado establece el respaldo en bloque a la votaci\u00f3n en general, la primera prueba que debe sortear la Ley Bases y el Paquete Fiscal, pero se discuten alg\u00fanos art\u00edculos para la votaci\u00f3n en particular.<\/p>\n","protected":false},"excerpt":{"rendered":"<p>Los diez gobernadores de Juntos por el Cambio (JxC), entre los que figura Gustavo Vald\u00e9s,\u00a0emitieron un comunicado manifestando &#8220;su apoyo contundente a la ratificaci\u00f3n y sanci\u00f3n de la Ley Bases y del paquete fiscal&#8221;. El pronunciamiento se conoci\u00f3 hace minutos y busca despejar la incertidumbre sobre los votos para la sesi\u00f3n del mi\u00e9rcoles en el [&hellip;]<\/p>\n","protected":false},"author":2,"featured_media":20973,"comment_status":"closed","ping_status":"closed","sticky":false,"template":"","format":"standard","meta":{"footnotes":""},"categories":[79],"tags":[],"class_list":{"0":"post-20972","1":"post","2":"type-post","3":"status-publish","4":"format-standard","5":"has-post-thumbnail","7":"category-politica"},"_links":{"self":[{"href":"https:\/\/radiobitacora.com.ar\/web\/wp-json\/wp\/v2\/posts\/20972","targetHints":{"allow":["GET"]}}],"collection":[{"href":"https:\/\/radiobitacora.com.ar\/web\/wp-json\/wp\/v2\/posts"}],"about":[{"href":"https:\/\/radiobitacora.com.ar\/web\/wp-json\/wp\/v2\/types\/post"}],"author":[{"embeddable":true,"href":"https:\/\/radiobitacora.com.ar\/web\/wp-json\/wp\/v2\/users\/2"}],"replies":[{"embeddable":true,"href":"https:\/\/radiobitacora.com.ar\/web\/wp-json\/wp\/v2\/comments?post=20972"}],"version-history":[{"count":0,"href":"https:\/\/radiobitacora.com.ar\/web\/wp-json\/wp\/v2\/posts\/20972\/revisions"}],"wp:featuredmedia":[{"embeddable":true,"href":"https:\/\/radiobitacora.com.ar\/web\/wp-json\/wp\/v2\/media\/20973"}],"wp:attachment":[{"href":"https:\/\/radiobitacora.com.ar\/web\/wp-json\/wp\/v2\/media?parent=20972"}],"wp:term":[{"taxonomy":"category","embeddable":true,"href":"https:\/\/radiobitacora.com.ar\/web\/wp-json\/wp\/v2\/categories?post=20972"},{"taxonomy":"post_tag","embeddable":true,"href":"https:\/\/radiobitacora.com.ar\/web\/wp-json\/wp\/v2\/tags?post=20972"}],"curies":[{"name":"wp","href":"https:\/\/api.w.org\/{rel}","templated":true}]}}