{"id":20979,"date":"2024-06-11T08:18:20","date_gmt":"2024-06-11T11:18:20","guid":{"rendered":"https:\/\/radiobitacora.com.ar\/web\/?p=20979"},"modified":"2024-06-11T08:18:20","modified_gmt":"2024-06-11T11:18:20","slug":"corrientes-como-vienen-las-ventas-y-que-proyectan-por-el-dia-del-padre","status":"publish","type":"post","link":"https:\/\/radiobitacora.com.ar\/web\/2024\/06\/11\/corrientes-como-vienen-las-ventas-y-que-proyectan-por-el-dia-del-padre\/","title":{"rendered":"Corrientes: c\u00f3mo vienen las ventas y qu\u00e9 proyectan por el D\u00eda del Padre"},"content":{"rendered":"<p>Un aire pesimista se sent\u00eda ayer por los negocios de venta de indumentaria masculina y calzado ubicados sobre la peatonal Jun\u00edn. Interiores vac\u00edos y vendedores parados en las puertas dejaban en evidencia un escaso movimiento comercial.<\/p>\n<p>La mayor\u00eda de los locales espera el aluvi\u00f3n de compras reci\u00e9n para el viernes y s\u00e1bado, por lo que estiman que las ventas a \u00faltimo momento vuelvan a definir el balance del D\u00eda del Padre. Solo unos pocos vendedores ten\u00edan el privilegio de sonre\u00edr y decir con agrado: &#8220;Nos est\u00e1 yendo bien&#8221;.<\/p>\n<p>Desde la legendaria Casa Ruiz comentaron a diario \u00e9poca que el movimiento de clientes estaba &#8220;demasiado tranquilo&#8221;, una tendencia que se consolid\u00f3 hace m\u00e1s de un mes. &#8220;Estamos en las puertas del infierno&#8221;, dramatiz\u00f3 con vehemencia un encargado. All\u00ed solo trabajan con tarjeta de cr\u00e9dito, d\u00e9bito y efectivo.<\/p>\n<p>&#8220;Las ventas iniciaron hoy y la gente se est\u00e1 acercando de apoco. Est\u00e1n aprovechando las promociones al estilo dos al precio de uno en remeras y camisas. Dentro de todo nos est\u00e1 yendo bien&#8221;, brindaron un panorama desde un comercio de ropa en la esquina de Jun\u00edn y Catamarca. A solo 10 metros, en un local con las prendas m\u00e1s econ\u00f3micas del centro, el clima era completamente diferente: &#8220;No hay plata, la semana pasada fue un sufrimiento que se consolid\u00f3 desde la \u00faltima semana de mayo. Adem\u00e1s, las temperaturas subieron y en consecuencia no hay demanda de las ropas de invierno&#8221;.<\/p>\n<div class=\" large m_image\">\n<figure><picture><source srcset=\"https:\/\/www.diarioepoca.com\/content\/bucket\/4\/1367344w790h547c.jpg.webp\" type=\"image\/webp\" media=\"(min-width: 640px)\" \/><source srcset=\"https:\/\/www.diarioepoca.com\/content\/bucket\/4\/1367344w440h305c.jpg.webp\" type=\"image\/webp\" media=\"(min-width: 300px)\" \/><source srcset=\"https:\/\/www.diarioepoca.com\/content\/bucket\/4\/1367344w790h547c.jpg\" media=\"(min-width: 300px)\" \/><img loading=\"lazy\" decoding=\"async\" class=\"pic\" src=\"https:\/\/www.diarioepoca.com\/content\/bucket\/4\/1367344w790h547c.jpg.webp\" alt=\"\" width=\"790\" height=\"547\" \/><\/picture><figcaption>PROMO REMERAS DE CALIDAD EN JUNIN 1321.<\/figcaption><\/figure>\n<\/div>\n<p>En otro comercio de la misma caracter\u00edstica, la esquina de Jun\u00edn y San Lorenzo, el balance de ventas era id\u00e9ntico. &#8220;No estamos teniendo demanda y con la llegada del calor se atrasan todas las ventas de ropa de invierno&#8221;, sostuvo una de las encargadas de atenci\u00f3n a diario \u00e9poca. Ah\u00ed se pod\u00edan conseguir camperas y buzos por $10.000. &#8220;Esperamos que mejore el clima porque con las altas temperaturas va estar complicado&#8221;, puntualiz\u00f3.<\/p>\n<p>En el negocio dedicado a calzados &#8220;Kivem&#8221;, mostraron su optimismo y estimaron que para el fin de semana habr\u00e1 m\u00e1s personas buscando &#8220;un regalo para pap\u00e1&#8221;. &#8220;Esperamos el pico de la demanda entre el jueves y s\u00e1bado. B\u00e1sicamente algo que viene sucediendo todas las semanas&#8221;, analiz\u00f3 una de las vendedoras. All\u00ed hab\u00eda promociones con Tarjeta Naranja X y 3 y 6 cuotas sin inter\u00e9s con Visa y Mastercard, a su vez algunas ofertas puntuales como zapatillas Ringo a $60.000, una marca reconocida para hombres.<\/p>\n<div class=\" large m_image\">\n<figure><picture><source srcset=\"https:\/\/www.diarioepoca.com\/content\/bucket\/3\/1367323w790h547c.jpg.webp\" type=\"image\/webp\" media=\"(min-width: 640px)\" \/><source srcset=\"https:\/\/www.diarioepoca.com\/content\/bucket\/3\/1367323w440h305c.jpg.webp\" type=\"image\/webp\" media=\"(min-width: 300px)\" \/><source srcset=\"https:\/\/www.diarioepoca.com\/content\/bucket\/3\/1367323w790h547c.jpg\" media=\"(min-width: 300px)\" \/><img loading=\"lazy\" decoding=\"async\" class=\"pic\" src=\"https:\/\/www.diarioepoca.com\/content\/bucket\/3\/1367323w790h547c.jpg.webp\" alt=\"\" width=\"790\" height=\"547\" \/><\/picture><figcaption>ZAPATILLAS CON DESCUENTO EN JUN\u00cdN 1491.<\/figcaption><\/figure>\n<\/div>\n<p>Dos vendedores de Locuras, sobre Jun\u00edn 1321, declararon que las transacciones comerciales &#8220;vienen flojas&#8221; y esperaban que entre el jueves y s\u00e1bado lleguen los clientes. &#8220;Apostamos a promociones con Tarjeta Naranja X y Plan Z de hasta 5 cuotas sin inter\u00e9s para atraer compradores&#8221;, dijeron a este medio.<\/p>\n<p>Por \u00faltimo, una comerciante de un local de indumentaria, situado sobre Jun\u00edn, entre San Lorenzo y Catamarca, coment\u00f3 que las ventas se encuentran estancadas desde la semana pasada. En el local ofrec\u00edan promos al estilo dos buzos por $56.000 o un buzo m\u00e1s un jean a $50.000. Sin embargo, solo las prendas m\u00e1s econ\u00f3micas ten\u00edan salida.<\/p>\n<div class=\" large m_image\">\n<figure><picture><source srcset=\"https:\/\/www.diarioepoca.com\/content\/bucket\/5\/1367345w790h1006c.jpg.webp\" type=\"image\/webp\" media=\"(min-width: 640px)\" \/><source srcset=\"https:\/\/www.diarioepoca.com\/content\/bucket\/5\/1367345w440h561c.jpg.webp\" type=\"image\/webp\" media=\"(min-width: 300px)\" \/><source srcset=\"https:\/\/www.diarioepoca.com\/content\/bucket\/5\/1367345w790h1006c.jpg\" media=\"(min-width: 300px)\" \/><img loading=\"lazy\" decoding=\"async\" class=\"pic\" src=\"https:\/\/www.diarioepoca.com\/content\/bucket\/5\/1367345w790h1006c.jpg.webp\" alt=\"\" width=\"790\" height=\"1006\" \/><\/picture><figcaption>LAS FINACIACIONES CON TARJETA NARANJA ESTIMULAN LA DEMANDA.<\/figcaption><\/figure>\n<\/div>\n<p>En conclusi\u00f3n, las ventas vienen lentas y sobre todo frenadas por el calor que desalienta la demanda de ropa de abrigo. Solo en grandes locales como Balbi y Dexter se pudo ver ayer una importante concurrencia. El jueves ser\u00e1 un d\u00eda clave para ver si las compras se activan a \u00faltima hora al igual a lo ocurrido para el D\u00eda del Padre 2023.<\/p>\n","protected":false},"excerpt":{"rendered":"<p>Un aire pesimista se sent\u00eda ayer por los negocios de venta de indumentaria masculina y calzado ubicados sobre la peatonal Jun\u00edn. Interiores vac\u00edos y vendedores parados en las puertas dejaban en evidencia un escaso movimiento comercial. La mayor\u00eda de los locales espera el aluvi\u00f3n de compras reci\u00e9n para el viernes y s\u00e1bado, por lo que [&hellip;]<\/p>\n","protected":false},"author":2,"featured_media":20980,"comment_status":"closed","ping_status":"closed","sticky":false,"template":"","format":"standard","meta":{"footnotes":""},"categories":[86],"tags":[],"class_list":{"0":"post-20979","1":"post","2":"type-post","3":"status-publish","4":"format-standard","5":"has-post-thumbnail","7":"category-sociedad"},"_links":{"self":[{"href":"https:\/\/radiobitacora.com.ar\/web\/wp-json\/wp\/v2\/posts\/20979","targetHints":{"allow":["GET"]}}],"collection":[{"href":"https:\/\/radiobitacora.com.ar\/web\/wp-json\/wp\/v2\/posts"}],"about":[{"href":"https:\/\/radiobitacora.com.ar\/web\/wp-json\/wp\/v2\/types\/post"}],"author":[{"embeddable":true,"href":"https:\/\/radiobitacora.com.ar\/web\/wp-json\/wp\/v2\/users\/2"}],"replies":[{"embeddable":true,"href":"https:\/\/radiobitacora.com.ar\/web\/wp-json\/wp\/v2\/comments?post=20979"}],"version-history":[{"count":0,"href":"https:\/\/radiobitacora.com.ar\/web\/wp-json\/wp\/v2\/posts\/20979\/revisions"}],"wp:featuredmedia":[{"embeddable":true,"href":"https:\/\/radiobitacora.com.ar\/web\/wp-json\/wp\/v2\/media\/20980"}],"wp:attachment":[{"href":"https:\/\/radiobitacora.com.ar\/web\/wp-json\/wp\/v2\/media?parent=20979"}],"wp:term":[{"taxonomy":"category","embeddable":true,"href":"https:\/\/radiobitacora.com.ar\/web\/wp-json\/wp\/v2\/categories?post=20979"},{"taxonomy":"post_tag","embeddable":true,"href":"https:\/\/radiobitacora.com.ar\/web\/wp-json\/wp\/v2\/tags?post=20979"}],"curies":[{"name":"wp","href":"https:\/\/api.w.org\/{rel}","templated":true}]}}