{"id":20991,"date":"2024-06-11T08:52:11","date_gmt":"2024-06-11T11:52:11","guid":{"rendered":"https:\/\/radiobitacora.com.ar\/web\/?p=20991"},"modified":"2024-06-11T08:52:11","modified_gmt":"2024-06-11T11:52:11","slug":"javier-milei-enfrenta-horas-cruciales-por-la-ley-bases-y-se-mantiene-la-tension-por-el-posible-reordenamiento-de-su-gabinete","status":"publish","type":"post","link":"https:\/\/radiobitacora.com.ar\/web\/2024\/06\/11\/javier-milei-enfrenta-horas-cruciales-por-la-ley-bases-y-se-mantiene-la-tension-por-el-posible-reordenamiento-de-su-gabinete\/","title":{"rendered":"Javier Milei enfrenta horas cruciales por la Ley Bases y se mantiene la tensi\u00f3n por el posible reordenamiento de su gabinete"},"content":{"rendered":"<p class=\"paragraph\" data-mrf-recirculation=\"Links inline\">Si ratifica sus declaraciones de hace poco m\u00e1s de quince d\u00edas,<b>\u00a0<\/b><a href=\"https:\/\/www.infobae.com\/politica\/2024\/06\/10\/javier-milei-viajara-al-g-7-solo-con-su-hermana-karina-y-por-ahora-no-hay-reuniones-bilaterales-confirmadas\/\" target=\"_blank\" rel=\"noopener noreferrer\" data-mrf-link=\"https:\/\/www.infobae.com\/politica\/2024\/06\/10\/javier-milei-viajara-al-g-7-solo-con-su-hermana-karina-y-por-ahora-no-hay-reuniones-bilaterales-confirmadas\/\"><b>Javier Milei<\/b><\/a>\u00a0realizar\u00e1 una \u201cevaluaci\u00f3n de resultados\u201d y un an\u00e1lisis de todo el gabinete una vez que el Senado defina, a partir del mi\u00e9rcoles, el futuro de la\u00a0<a href=\"https:\/\/www.infobae.com\/politica\/2024\/06\/10\/el-senado-debatira-por-separado-la-ley-bases-y-el-paquete-fiscal-y-se-espera-una-maratonica-sesion\/\" target=\"_blank\" rel=\"noopener noreferrer\" data-mrf-link=\"https:\/\/www.infobae.com\/politica\/2024\/06\/10\/el-senado-debatira-por-separado-la-ley-bases-y-el-paquete-fiscal-y-se-espera-una-maratonica-sesion\/\"><b>Ley Bases y del paquete fiscal<\/b><\/a>, los dos proyectos emblemas del Ejecutivo cuya sanci\u00f3n definitiva proyectaba anoche un desenlace a\u00fan incierto en medio de intensas negociaciones y operaciones cruzadas.\u00a0<b>\u201cEsto es fluido\u201d<\/b>, se sincer\u00f3 a \u00faltima hora una alta fuente oficial sobre el resultado de esas conversaciones a contrarreloj.<\/p>\n<p class=\"paragraph\" data-mrf-recirculation=\"Links inline\">Ayer, en una reuni\u00f3n que comparti\u00f3 al mediod\u00eda fuera de Casa Rosada, en un alto en las tratativas,\u00a0<b>Guillermo Francos<\/b>\u00a0fue consultado sobre el avance de las negociaciones con los senadores: el jefe de Gabinete se mostr\u00f3 confiado respecto al resultado de la votaci\u00f3n en general del pr\u00f3ximo mi\u00e9rcoles, y anticip\u00f3 un escenario indefinido en torno a la discusi\u00f3n en particular, en especial a los cap\u00edtulos m\u00e1s resistidos de ambos proyectos, como el\u00a0<b>R\u00e9gimen de Incentivo de las Grandes Inversiones<\/b>\u00a0(RIGI), las privatizaciones -anoche todav\u00eda se especulaba con la posibilidad de\u00a0<b>dejar a Aerol\u00edneas Argentinas afuera\u00a0<\/b>de una eventual venta-, el blanqueo, Ganancias o la delegaci\u00f3n de facultades, un rubro de particular inter\u00e9s para Milei que, seg\u00fan confiaron las fuentes, preve\u00eda un final muy ajustado.<\/p>\n<p class=\"paragraph\" data-mrf-recirculation=\"Links inline\">Con el presidente recluido en Olivos, Francos hab\u00eda sido delegado como la cara visible de la negociaci\u00f3n con el Senado, un rol que acentu\u00f3 en las \u00faltimas semanas, con mucho mayor \u00e9nfasis desde que\u00a0<a href=\"https:\/\/www.infobae.com\/politica\/2024\/05\/30\/guillermo-francos-descarto-nuevos-cambios-en-el-gabinete\/\" target=\"_blank\" rel=\"noopener noreferrer\" data-mrf-link=\"https:\/\/www.infobae.com\/politica\/2024\/05\/30\/guillermo-francos-descarto-nuevos-cambios-en-el-gabinete\/\">asumi\u00f3 la Jefatura de Gabinete en lugar de\u00a0<b>Nicol\u00e1s Posse<\/b><\/a>, un cambio de piezas en el sistema de toma de decisiones perif\u00e9rico a la conducci\u00f3n central del \u201ctri\u00e1ngulo de hierro\u201d integrado por el presidente, su hermana<b>\u00a0Karina Milei<\/b>\u00a0y el asesor\u00a0<b>Santiago Caputo<\/b>, por donde se define el rumbo de la gesti\u00f3n.<\/p>\n<div class=\"visual__image\"><img loading=\"lazy\" decoding=\"async\" class=\"\" src=\"https:\/\/www.infobae.com\/new-resizer\/ePNLAGPSfe0rTMyXVpbE_-1FFho=\/420x236\/filters:format(webp):quality(85)\/cloudfront-us-east-1.images.arcpublishing.com\/infobae\/A5PTPT6VVFFLZDIE5PD65WJV3M.jpg%20420w\" sizes=\"auto, (min-width: 1560px) 856px, (min-width: 1000px) calc(74.63vw - 293px), (min-width: 780px) calc(100vw - 376px), (min-width: 580px) calc(100vw - 32px), 100vw\" srcset=\"https:\/\/www.infobae.com\/new-resizer\/ePNLAGPSfe0rTMyXVpbE_-1FFho=\/420x236\/filters:format(webp):quality(85)\/cloudfront-us-east-1.images.arcpublishing.com\/infobae\/A5PTPT6VVFFLZDIE5PD65WJV3M.jpg 420w,https:\/\/www.infobae.com\/new-resizer\/JejaJbQUsX_LthJV2G8O4g5cm7s=\/768x432\/filters:format(webp):quality(85)\/cloudfront-us-east-1.images.arcpublishing.com\/infobae\/A5PTPT6VVFFLZDIE5PD65WJV3M.jpg 768w,https:\/\/www.infobae.com\/new-resizer\/9KFHi4xzB3uc6cLA7G6M-izP8Nw=\/992x558\/filters:format(webp):quality(85)\/cloudfront-us-east-1.images.arcpublishing.com\/infobae\/A5PTPT6VVFFLZDIE5PD65WJV3M.jpg 992w,https:\/\/www.infobae.com\/new-resizer\/vHkCcE4o1wo3MQg0bU4OGSIdOsQ=\/1200x675\/filters:format(webp):quality(85)\/cloudfront-us-east-1.images.arcpublishing.com\/infobae\/A5PTPT6VVFFLZDIE5PD65WJV3M.jpg 1200w,https:\/\/www.infobae.com\/new-resizer\/y3rAdOIMjXIYJlhWpmco_7naglA=\/1440x810\/filters:format(webp):quality(85)\/cloudfront-us-east-1.images.arcpublishing.com\/infobae\/A5PTPT6VVFFLZDIE5PD65WJV3M.jpg 1440w\" alt=\"Guillermo Francos fue el hombre designado por Javier Milei para ponerse al frente de la negociaci\u00f3n de la Ley Bases. Foto: Maximiliano Luna\" width=\"1920\" height=\"1080\" data-src=\"https:\/\/www.infobae.com\/new-resizer\/ePNLAGPSfe0rTMyXVpbE_-1FFho=\/420x236\/filters:format(webp):quality(85)\/cloudfront-us-east-1.images.arcpublishing.com\/infobae\/A5PTPT6VVFFLZDIE5PD65WJV3M.jpg 420w\" \/>Guillermo Francos fue el hombre designado por Javier Milei para ponerse al frente de la negociaci\u00f3n de la Ley Bases. Foto: Maximiliano Luna<\/div>\n<p class=\"paragraph\" data-mrf-recirculation=\"Links inline\">Milei no esper\u00f3 el resultado de la Ley Bases y el paquete fiscal en el Senado para avanzar con la salida de Posse, un viejo amigo que, seg\u00fan el diagn\u00f3stico del mandatario, no funcion\u00f3: la confianza entre ambos se termin\u00f3 de quebrar cuando, seg\u00fan las fuentes, el ex funcionario le llev\u00f3 al jefe de Estado informaci\u00f3n sensible sobre su entorno m\u00e1s cercano. Tras la renuncia de Posse, por caso, la AFI qued\u00f3 bajo la \u00f3rbita de Caputo.<\/p>\n<p class=\"paragraph\" data-mrf-recirculation=\"Links inline\">Durante la entrevista de fines de mayo en la que resalt\u00f3 que, desde ese momento y hasta la aprobaci\u00f3n, o no, de la Ley Bases y el paquete fiscal,\u00a0<a href=\"https:\/\/www.infobae.com\/politica\/2024\/05\/23\/javier-milei-hablo-sobre-el-futuro-de-nicolas-posse-despues-de-la-ley-bases-todo-el-gabinete-queda-bajo-analisis\/\" target=\"_blank\" rel=\"noopener noreferrer\" data-mrf-link=\"https:\/\/www.infobae.com\/politica\/2024\/05\/23\/javier-milei-hablo-sobre-el-futuro-de-nicolas-posse-despues-de-la-ley-bases-todo-el-gabinete-queda-bajo-analisis\/\"><b>todo el gabinete quedaba \u201cbajo an\u00e1lisis\u201d<\/b><\/a>, Milei se refiri\u00f3 al desenlace de ambas leyes como \u201cel primer hito\u201d del gobierno, y dijo que reci\u00e9n despu\u00e9s de eso definir\u00eda la suerte de sus colaboradores.<\/p>\n<p class=\"paragraph\" data-mrf-recirculation=\"Links inline\">Lo cierto es que, despu\u00e9s de esas declaraciones, Milei anticip\u00f3 la salida de Posse, las negociaciones en el Senado entraron en un terreno algo m\u00e1s empantanado de lo que estaban y el sistema de toma de decisiones del gobierno exhibi\u00f3 un evidente desgaste, en especial en la \u00faltima semana, potenciado por el creciente ruido interno en el ministerio de Capital Humano a cargo de\u00a0<b>Sandra Pettovello<\/b>, jaqueada por una fuga masiva de funcionarios y serias ineficiencias en la gesti\u00f3n m\u00e1s all\u00e1 de la bater\u00eda de denuncias contra la anterior administraci\u00f3n, bien fundamentadas en un buen n\u00famero.<\/p>\n<p class=\"paragraph\" data-mrf-recirculation=\"Links inline\">Ayer, el presidente confirm\u00f3 a trav\u00e9s de sus redes que\u00a0<a href=\"https:\/\/www.infobae.com\/politica\/2024\/06\/10\/rompieron-un-cerco-electrico-e-intentaron-ingresar-a-la-casa-de-sandra-pettovello\/\" target=\"_blank\" rel=\"noopener noreferrer\" data-mrf-link=\"https:\/\/www.infobae.com\/politica\/2024\/06\/10\/rompieron-un-cerco-electrico-e-intentaron-ingresar-a-la-casa-de-sandra-pettovello\/\">intentaron vandalizar el domicilio de la ministra, en la zona oeste del Gran Buenos Aires<\/a>, un episodio confuso que Pettovello denunci\u00f3 en la Justicia y que, seg\u00fan fuentes del ministerio, se sum\u00f3 a otros de las \u00faltimas semanas, atravesados, en teor\u00eda, por una disputa entre diversos bandos. Capital Humano es, como qued\u00f3 en evidencia, un verdadero polvor\u00edn.<\/p>\n<p class=\"paragraph\" data-mrf-recirculation=\"Links inline\">En ese contexto, la discusi\u00f3n de este mi\u00e9rcoles en el Senado en torno a la Ley Bases y el paquete fiscal se configura para Milei como un suceso bisagra para el segundo semestre de su primer a\u00f1o de mandato, en coincidencia con la posible reconfiguraci\u00f3n de sus equipos que, seg\u00fan fuentes oficiales, podr\u00eda terminar de decidir el presidente en estos d\u00edas, despu\u00e9s del debate parlamentario en la C\u00e1mara alta y en Diputados, si es que se introducen, como pareciera, modificaciones a la media sanci\u00f3n en cuesti\u00f3n.<\/p>\n<div class=\"visual__image\"><img loading=\"lazy\" decoding=\"async\" class=\"\" src=\"https:\/\/www.infobae.com\/new-resizer\/Zaekq9HfyyM3-udDnx8MVC4lj7g=\/420x280\/filters:format(webp):quality(85)\/cloudfront-us-east-1.images.arcpublishing.com\/infobae\/JHFME6DB3BHHHC73JT5ZGZSZS4.JPG%20420w\" sizes=\"auto, (min-width: 1560px) 856px, (min-width: 1000px) calc(74.63vw - 293px), (min-width: 780px) calc(100vw - 376px), (min-width: 580px) calc(100vw - 32px), 100vw\" srcset=\"https:\/\/www.infobae.com\/new-resizer\/Zaekq9HfyyM3-udDnx8MVC4lj7g=\/420x280\/filters:format(webp):quality(85)\/cloudfront-us-east-1.images.arcpublishing.com\/infobae\/JHFME6DB3BHHHC73JT5ZGZSZS4.JPG 420w,https:\/\/www.infobae.com\/new-resizer\/ZyLjgl_luPhtj5nR3hQyCg6W8us=\/768x512\/filters:format(webp):quality(85)\/cloudfront-us-east-1.images.arcpublishing.com\/infobae\/JHFME6DB3BHHHC73JT5ZGZSZS4.JPG 768w,https:\/\/www.infobae.com\/new-resizer\/lhrGJmjAF6q5X3NghcgHI9oA-yk=\/992x661\/filters:format(webp):quality(85)\/cloudfront-us-east-1.images.arcpublishing.com\/infobae\/JHFME6DB3BHHHC73JT5ZGZSZS4.JPG 992w,https:\/\/www.infobae.com\/new-resizer\/Leqc6lik0G9aPl0LLU6eQLzT0Xk=\/1200x800\/filters:format(webp):quality(85)\/cloudfront-us-east-1.images.arcpublishing.com\/infobae\/JHFME6DB3BHHHC73JT5ZGZSZS4.JPG 1200w,https:\/\/www.infobae.com\/new-resizer\/bJBvLENfna0KjwIDvlmSDuiXxRQ=\/1440x960\/filters:format(webp):quality(85)\/cloudfront-us-east-1.images.arcpublishing.com\/infobae\/JHFME6DB3BHHHC73JT5ZGZSZS4.JPG 1440w\" alt=\"Bajo la mirada de Victoria Villarruel, el Senado debatir\u00e1 la Ley Bases y el paquete fiscal \" width=\"3000\" height=\"2000\" data-src=\"https:\/\/www.infobae.com\/new-resizer\/Zaekq9HfyyM3-udDnx8MVC4lj7g=\/420x280\/filters:format(webp):quality(85)\/cloudfront-us-east-1.images.arcpublishing.com\/infobae\/JHFME6DB3BHHHC73JT5ZGZSZS4.JPG 420w\" \/>Bajo la mirada de Victoria Villarruel, el Senado debatir\u00e1 la Ley Bases y el paquete fiscal<\/div>\n<p class=\"paragraph\" data-mrf-recirculation=\"Links inline\">El presidente y su anillo m\u00e1s pr\u00f3ximo siguen convencidos, sin embargo, del acompa\u00f1amiento de buena parte del humor social. Seg\u00fan el \u00faltimo estudio de la consultora\u00a0<b>Casa Tres<\/b>, entre enero y mayo la imagen positiva de Milei casi no vari\u00f3: se mantuvo en torno al 50%. Seg\u00fan Mora Jozami, su directora, sostenida por las expectativas a futuro y \u201cla capacidad de enfrentar lo que se odia\u201d. No se trata entonces del presente, si no m\u00e1s bien del futuro. Para ese futuro, la aprobaci\u00f3n de la Ley Bases y el paquete fiscal representa para el gobierno la necesidad, m\u00e1s all\u00e1 de las herramientas, de darle un sost\u00e9n pol\u00edtico a su programa econ\u00f3mico.<\/p>\n<p class=\"paragraph\" data-mrf-recirculation=\"Links inline\">Justo frente a ese desenlace, y tras la salida de Posse que reemplaz\u00f3, como un gesto al sistema, con el desembarco de Francos, un funcionario dialoguista, que conoce desde adentro la funci\u00f3n p\u00fablica y que siempre prefiere el acuerdo antes que el conflicto, Milei se abraz\u00f3 a la causa Pettovello con mucho m\u00e1s decisi\u00f3n que la propia ministra, agobiada por las disputas internas y los sinsabores de una estructura gigantesca para una funcionaria sin experiencia en la funci\u00f3n p\u00fablica.<\/p>\n<p class=\"paragraph\" data-mrf-recirculation=\"Links inline\">El fin de semana trascendi\u00f3, seg\u00fan fuentes oficiales, que la ministra le hab\u00eda dado el visto bueno a la opci\u00f3n de recalar en otro rol espec\u00edfico, vinculado con las denuncias que propici\u00f3 desde que se hizo cargo de Capital Humano. Circul\u00f3, por caso, el nombre de la Oficina Anticorrupci\u00f3n. Como un salida elegante.<\/p>\n<p class=\"paragraph\" data-mrf-recirculation=\"Links inline\">Pero Milei no quiso, al menos por ahora, saber nada con una posible mudanza de su ministra preferida. No tras la renuncia de Posse, al que, hasta el momento, no se prev\u00e9 reinsertar en la administraci\u00f3n. Durante la semana dio sobradas muestras de respaldo: la recibi\u00f3 en Olivos, la visit\u00f3 en su oficina, consensu\u00f3 con ella el reemplazo de Pablo de la Torre y volvi\u00f3 a recibirla en la quinta presidencial este domingo. Ayer se rumore\u00f3 que pod\u00eda haber novedades al cierre de esta semana, cuando el presidente est\u00e9 de viaje por Italia, para participar de la cumbre del G7, y una vez que empiece a despejarse el pron\u00f3stico en torno a la Ley Bases y el paquete fiscal.<\/p>\n<div class=\"visual__image\"><img loading=\"lazy\" decoding=\"async\" class=\"\" src=\"https:\/\/www.infobae.com\/new-resizer\/Uxk5-lgPn0RlEi_TYQ8va-a9VSg=\/992x614\/filters:format(webp):quality(85)\/cloudfront-us-east-1.images.arcpublishing.com\/infobae\/FGH4C2ITUBDQPNNK2PBQAN4O2Q.jpg%20992w\" sizes=\"auto, (min-width: 1560px) 856px, (min-width: 1000px) calc(74.63vw - 293px), (min-width: 780px) calc(100vw - 376px), (min-width: 580px) calc(100vw - 32px), 100vw\" srcset=\"https:\/\/www.infobae.com\/new-resizer\/Uxk5-lgPn0RlEi_TYQ8va-a9VSg=\/992x614\/filters:format(webp):quality(85)\/cloudfront-us-east-1.images.arcpublishing.com\/infobae\/FGH4C2ITUBDQPNNK2PBQAN4O2Q.jpg 992w\" alt=\"Sandra Pettovello junto a Javier Milei\" width=\"962\" height=\"616\" data-src=\"https:\/\/www.infobae.com\/new-resizer\/Uxk5-lgPn0RlEi_TYQ8va-a9VSg=\/992x614\/filters:format(webp):quality(85)\/cloudfront-us-east-1.images.arcpublishing.com\/infobae\/FGH4C2ITUBDQPNNK2PBQAN4O2Q.jpg 992w\" \/>Sandra Pettovello junto a Javier Milei<\/div>\n<p class=\"paragraph\" data-mrf-recirculation=\"Links inline\">Anoche, por el contrario, en Casa Rosada se evidenciaron pocas se\u00f1ales de patrocinio a la canciller\u00a0<b>Diana Mondino<\/b>\u00a0que, hasta ayer, estaba fuera de la comitiva presidencial que estar\u00e1 desde este jueves a orillas del Mar Adri\u00e1tico, en Italia, para el G7. Un traspi\u00e9 azuzado por la reciente definici\u00f3n de\u00a0<b>Karina Milei\u00a0<\/b>que absorbi\u00f3 el manejo de la agencia de inversiones de Canciller\u00eda -ya estaba previsto, confiaron-, que sum\u00f3 a la gesti\u00f3n de la Marca Pa\u00eds, una estructura que interesa al diputado\u00a0<b>Hern\u00e1n Lombardi<\/b>.<\/p>\n<p class=\"paragraph\" data-mrf-recirculation=\"Links inline\">En fuentes oficiales, y en la propia Canciller\u00eda, se avizoraba ayer un panorama complejo para Mondino, en un sill\u00f3n muy codiciado, en especial por algunos referentes internacionales del PRO. Sobrevol\u00f3, adem\u00e1s, el nombre de\u00a0<b>Daniel Scioli<\/b>, bien conceptuado por Milei, muy cercano a Francos, y algo resistido por otros sectores.<\/p>\n<p class=\"paragraph\" data-mrf-recirculation=\"Links inline\">El viernes, la ministra hab\u00eda quedado salpicada por\u00a0<a href=\"https:\/\/www.infobae.com\/politica\/2024\/06\/07\/javier-milei-falto-al-acto-en-el-centro-cultural-islamico-para-evitar-un-encuentro-con-el-representante-de-palestina\/\" target=\"_blank\" rel=\"noopener noreferrer\" data-mrf-link=\"https:\/\/www.infobae.com\/politica\/2024\/06\/07\/javier-milei-falto-al-acto-en-el-centro-cultural-islamico-para-evitar-un-encuentro-con-el-representante-de-palestina\/\">la repentina ausencia de Milei en la reuni\u00f3n con embajadores<\/a>\u00a0que el presidente suspendi\u00f3 a \u00faltimo momento cuando se enter\u00f3 que figuraba entre los presentes el representante de Palestina. La canciller fue la primera apuntada por el desplante, aunque en el Palacio San Mart\u00edn explicaron que el listado con los participantes del encuentro fue revisado no solo por protocolo de Canciller\u00eda si no tambi\u00e9n por ceremonial del gobierno.<\/p>\n<p class=\"paragraph\" data-mrf-recirculation=\"Links inline\">Un malentendido similar al de marzo pasado del Ejecutivo cuando se avanz\u00f3 con un aumento de sueldos para la planta pol\u00edtica que, al final, fue suspendido por orden del mandatario cuando se filtr\u00f3 a los medios: como ahora, en aquel momento tampoco qued\u00f3 del todo claro de qui\u00e9n fue el error. Seg\u00fan trascendi\u00f3, fue el principio del final de Posse.<\/p>\n<p class=\"paragraph\" data-mrf-recirculation=\"Links inline\">M\u00e1s all\u00e1 de la eventual reorganizaci\u00f3n del gobierno que Milei podr\u00eda ejecutar pr\u00f3ximamente -todav\u00eda se desconoce qu\u00e9 funci\u00f3n oficial tendr\u00e1\u00a0<b>Federico Sturzenegger\u00a0<\/b>que, en los hechos, colabor\u00f3 sin nombramiento en algunas de las principales decisiones del presidente-, las horas previas al inicio del debate de la Ley Bases y el paquete fiscal de este mi\u00e9rcoles desnudaron la tensi\u00f3n en la negociaci\u00f3n entre el gobierno y sectores de la oposici\u00f3n. En particular, con\u00a0<b>Mart\u00edn Lousteau<\/b>.<\/p>\n<p class=\"paragraph\" data-mrf-recirculation=\"Links inline\">En Casa Rosada existe un especial inter\u00e9s por los movimientos del senador -multisectoriales- y presidente del comit\u00e9 nacional del radicalismo que present\u00f3 un texto alternativo al dictamen de mayor\u00eda que consigui\u00f3 el oficialismo con los aliados. El antecedente de los dos tercios de la f\u00f3rmula de movilidad jubilatoria de la C\u00e1mara de Diputados de la semana pasada encendi\u00f3 luces de alarma en el gobierno: se aliaron, transitoriamente, el kirchnerismo, la UCR, la Coalici\u00f3n C\u00edvica y el bloque liderado por Miguel \u00c1ngel Pichetto.<\/p>\n<div class=\"visual__image\"><img loading=\"lazy\" decoding=\"async\" class=\"\" src=\"https:\/\/www.infobae.com\/new-resizer\/DEZtPJ-afhQ6rAzaguMFehAeDAU=\/420x280\/filters:format(webp):quality(85)\/cloudfront-us-east-1.images.arcpublishing.com\/infobae\/7LP7BLR2MFD4PPCS4AT6NZBYAQ.jpeg%20420w\" sizes=\"auto, (min-width: 1560px) 856px, (min-width: 1000px) calc(74.63vw - 293px), (min-width: 780px) calc(100vw - 376px), (min-width: 580px) calc(100vw - 32px), 100vw\" srcset=\"https:\/\/www.infobae.com\/new-resizer\/DEZtPJ-afhQ6rAzaguMFehAeDAU=\/420x280\/filters:format(webp):quality(85)\/cloudfront-us-east-1.images.arcpublishing.com\/infobae\/7LP7BLR2MFD4PPCS4AT6NZBYAQ.jpeg 420w,https:\/\/www.infobae.com\/new-resizer\/Z-y1Xa0sgL7CRIDuBeS1IVyDiG4=\/768x512\/filters:format(webp):quality(85)\/cloudfront-us-east-1.images.arcpublishing.com\/infobae\/7LP7BLR2MFD4PPCS4AT6NZBYAQ.jpeg 768w,https:\/\/www.infobae.com\/new-resizer\/goUNVmyU90axJcZ0CBkAXeK5uQY=\/992x661\/filters:format(webp):quality(85)\/cloudfront-us-east-1.images.arcpublishing.com\/infobae\/7LP7BLR2MFD4PPCS4AT6NZBYAQ.jpeg 992w,https:\/\/www.infobae.com\/new-resizer\/2Ai631oT0ACDE8OEsqpI1B_pbEw=\/1200x800\/filters:format(webp):quality(85)\/cloudfront-us-east-1.images.arcpublishing.com\/infobae\/7LP7BLR2MFD4PPCS4AT6NZBYAQ.jpeg 1200w,https:\/\/www.infobae.com\/new-resizer\/G2cLPHjBqosViRSAgXoClHLCRM4=\/1440x960\/filters:format(webp):quality(85)\/cloudfront-us-east-1.images.arcpublishing.com\/infobae\/7LP7BLR2MFD4PPCS4AT6NZBYAQ.jpeg 1440w\" alt=\"El senador Mart\u00edn Lousteau, uno de los nombres que estar\u00e1n bajo la mira del Gobierno el pr\u00f3ximo mi\u00e9rcoles en el debate de la Ley Bases\" width=\"1600\" height=\"1066\" data-src=\"https:\/\/www.infobae.com\/new-resizer\/DEZtPJ-afhQ6rAzaguMFehAeDAU=\/420x280\/filters:format(webp):quality(85)\/cloudfront-us-east-1.images.arcpublishing.com\/infobae\/7LP7BLR2MFD4PPCS4AT6NZBYAQ.jpeg 420w\" \/>El senador Mart\u00edn Lousteau, uno de los nombres que estar\u00e1n bajo la mira del Gobierno el pr\u00f3ximo mi\u00e9rcoles en el debate de la Ley Bases<\/div>\n<p class=\"paragraph\" data-mrf-recirculation=\"Links inline\">En el gobierno quieren evitar una sociedad similar en el Senado, como aquella que se alcanz\u00f3 para rechazar el DNU 70 ideado por Sturzenegger. Lo llamativo, de todos modos, es el vaiv\u00e9n en las negociaciones: semanas atr\u00e1s, antes de que se vaya Posse, Lousteau y su entorno hab\u00edan entablado una serie de conversaciones con el Ejecutivo. Con\u00a0<b>Francos, Santiago Caputo y Eduardo \u201cLule\u201d Menem<\/b>.<\/p>\n<p class=\"paragraph\" data-mrf-recirculation=\"Links inline\">En las \u00faltimas horas, desde el Gobierno segu\u00edan de cerca, adem\u00e1s, a un grupo de senadores que no est\u00e1n particularmente referenciados con sus gobernadores. Entre ellos, Edgardo Kueider, Carlos \u201cCamau\u201d Esp\u00ednola o Lucila Crexell. En este \u00faltimo caso, circul\u00f3 un posible ofrecimiento para un destino en el exterior a cambio del acompa\u00f1amiento de la ley. En despachos del peronismo trascendi\u00f3 que la ex presidenta\u00a0<b>Cristina Kirchner<\/b>, muy activa puertas adentro, avis\u00f3 que los legisladores que le responden no dar\u00edan el visto bueno si se tratara, por ejemplo, de una embajada que, en ese caso, deber\u00eda tener convalidaci\u00f3n del Senado.<\/p>\n<p class=\"paragraph\" data-mrf-recirculation=\"Links inline\">Ayer por la tarde, los gobernadores de Juntos por el Cambio emitieron en paralelo un comunicado en el que subrayaron que \u201cno hay m\u00e1s tiempo que perder\u201d, en alusi\u00f3n al tratamiento de ambas leyes. Lo firmaron los 10 jefes provinciales del radicalismo y del PRO. Entre ellos, Maximiliano Pullaro, de Santa Fe. Un rato despu\u00e9s, el ex diputado\u00a0<b>Emiliano Yacobitti<\/b>, mano derecha de Lousteau, escribi\u00f3 un posteo en sus redes en el que abund\u00f3 en que el texto era \u201cFALSO\u201d. Cerca de Yacobitti explicaron que la firma de Pullaro, muy cercano a ambos, se hab\u00eda incluido sin su consentimiento. Desde Santa Fe esgrimieron que hubo un cortocircuito. Antes de fin de mes, podr\u00eda haber una foto de ese sector en esa provincia.<\/p>\n<p class=\"paragraph\" data-mrf-recirculation=\"Links inline\">Antes de eso deber\u00eda empezar a definirse el futuro de la Ley Bases y del paquete fiscal.\u00a0<b>\u201cEs un tremendo quilombo si no sale\u201d<\/b>, dijo anoche uno de los 10 gobernadores que firm\u00f3 la solicitada y que hoy a las 11 y media de la ma\u00f1ana ten\u00eda previsto reunirse de manera virtual con el resto para unificar a\u00fan m\u00e1s una postura en com\u00fan.<\/p>\n","protected":false},"excerpt":{"rendered":"<p>Si ratifica sus declaraciones de hace poco m\u00e1s de quince d\u00edas,\u00a0Javier Milei\u00a0realizar\u00e1 una \u201cevaluaci\u00f3n de resultados\u201d y un an\u00e1lisis de todo el gabinete una vez que el Senado defina, a partir del mi\u00e9rcoles, el futuro de la\u00a0Ley Bases y del paquete fiscal, los dos proyectos emblemas del Ejecutivo cuya sanci\u00f3n definitiva proyectaba anoche un desenlace [&hellip;]<\/p>\n","protected":false},"author":2,"featured_media":20992,"comment_status":"closed","ping_status":"closed","sticky":false,"template":"","format":"standard","meta":{"footnotes":""},"categories":[79],"tags":[],"class_list":{"0":"post-20991","1":"post","2":"type-post","3":"status-publish","4":"format-standard","5":"has-post-thumbnail","7":"category-politica"},"_links":{"self":[{"href":"https:\/\/radiobitacora.com.ar\/web\/wp-json\/wp\/v2\/posts\/20991","targetHints":{"allow":["GET"]}}],"collection":[{"href":"https:\/\/radiobitacora.com.ar\/web\/wp-json\/wp\/v2\/posts"}],"about":[{"href":"https:\/\/radiobitacora.com.ar\/web\/wp-json\/wp\/v2\/types\/post"}],"author":[{"embeddable":true,"href":"https:\/\/radiobitacora.com.ar\/web\/wp-json\/wp\/v2\/users\/2"}],"replies":[{"embeddable":true,"href":"https:\/\/radiobitacora.com.ar\/web\/wp-json\/wp\/v2\/comments?post=20991"}],"version-history":[{"count":0,"href":"https:\/\/radiobitacora.com.ar\/web\/wp-json\/wp\/v2\/posts\/20991\/revisions"}],"wp:featuredmedia":[{"embeddable":true,"href":"https:\/\/radiobitacora.com.ar\/web\/wp-json\/wp\/v2\/media\/20992"}],"wp:attachment":[{"href":"https:\/\/radiobitacora.com.ar\/web\/wp-json\/wp\/v2\/media?parent=20991"}],"wp:term":[{"taxonomy":"category","embeddable":true,"href":"https:\/\/radiobitacora.com.ar\/web\/wp-json\/wp\/v2\/categories?post=20991"},{"taxonomy":"post_tag","embeddable":true,"href":"https:\/\/radiobitacora.com.ar\/web\/wp-json\/wp\/v2\/tags?post=20991"}],"curies":[{"name":"wp","href":"https:\/\/api.w.org\/{rel}","templated":true}]}}