{"id":21049,"date":"2024-06-13T07:25:45","date_gmt":"2024-06-13T10:25:45","guid":{"rendered":"https:\/\/radiobitacora.com.ar\/web\/?p=21049"},"modified":"2024-06-13T07:25:45","modified_gmt":"2024-06-13T10:25:45","slug":"se-busca-la-reinsercion-laboral-de-los-internos-de-la-alcaidia","status":"publish","type":"post","link":"https:\/\/radiobitacora.com.ar\/web\/2024\/06\/13\/se-busca-la-reinsercion-laboral-de-los-internos-de-la-alcaidia\/","title":{"rendered":"SE BUSCA LA REINSERCI\u00d3N LABORAL DE LOS INTERNOS DE LA ALCAID\u00cdA"},"content":{"rendered":"<h3><strong>En la Unidad Penal 8 \u2013 Alcaid\u00eda de Procesados Varones se ha logrado establecer un puente entre el mundo correccional y la sociedad, promoviendo la dignidad y el potencial de los internos a trav\u00e9s de la expresi\u00f3n art\u00edstica y la inserci\u00f3n laboral en la sociedad.\u00a0 La Municipalidad colabora con este trabajo.<\/strong><\/h3>\n<p>En una reciente entrevista en Radio Ciudad, Diego Duvullar, director de la Unidad Penal 8 \u2013 Alcaid\u00eda de Procesados Varones, resalt\u00f3 el enfoque de esta instituci\u00f3n en la reinserci\u00f3n laboral y social de los internos a trav\u00e9s de la capacitaci\u00f3n y el trabajo. Adem\u00e1s, destac\u00f3 el talento artesanal de algunos de los internos, cuyas creaciones se exhiben y venden en la Plaza Mitre durante las ferias de artesanos.<\/p>\n<p>Duvullar enfatiz\u00f3: \u201cLa Unidad lleva ocho a\u00f1os en funcionamiento y yo estoy aqu\u00ed desde hace 45 d\u00edas, designado por el jefe de la instituci\u00f3n mediante una resoluci\u00f3n ministerial. Estoy enfocado en mi funci\u00f3n en esta mal llamada \u201cc\u00e1rcel\u201d. Nosotros la calificamos como \u201cAlcaid\u00eda de Procesados Varones\u201d porque alojamos a detenidos varones. Nuestra \u00e1rea se encarga de controlar a las personas que han infringido la ley y que son puestas bajo la \u00f3rbita del Servicio Penitenciario a trav\u00e9s de detenciones y procesos. Luego, contin\u00faan con la condena y pasan a una c\u00e1rcel de condenados. Este proceso implica una convivencia en el contexto de encierro\u201d.<\/p>\n<p><strong>EXCELENTE CALIDAD ARTESANAL<\/strong><\/p>\n<p>El Director resalt\u00f3 el trabajo artesanal realizado por los internos, invitando a la poblaci\u00f3n a acercarse y apreciar sus creaciones. Adem\u00e1s, mencion\u00f3 que los interesados pueden contactar directamente a las personas privadas de la libertad para realizar pedidos. Esta iniciativa permite que los internos encuentren una forma de reintegrarse a la sociedad y recibir apoyo de la comunidad.<\/p>\n<p>Duvullar agreg\u00f3: \u201cEs algo admirable. Para nosotros, es muy valioso ver c\u00f3mo se sienten valorados y \u00fatiles como personas, y c\u00f3mo les estamos brindando otra posibilidad de reintegrarse en la comunidad. Por m\u00e1s que se los llame \u201creclusos\u201d o \u201cpresos\u201d seg\u00fan la ley, hay que referirse a ellos por su apellido y nombre. No dejan de ser personas por haber cometido un error\u201d.<\/p>\n<p><strong>PRONTA REINSERCI\u00d3N<\/strong><\/p>\n<p>En consonancia con los nuevos c\u00f3digos implementados en Corrientes, se busca una pronta reinserci\u00f3n de las personas privadas de libertad, brind\u00e1ndoles oportunidades laborales y alternativas educativas. La mirada hacia la reinserci\u00f3n se enfoca en lo positivo y en la pr\u00e1ctica. Duvullar se\u00f1al\u00f3: \u201cLlevamos un mes trabajando con talleres de carpinter\u00eda y manualidades, tratando de brindarles una reinserci\u00f3n a estas personas dentro de la sociedad\u201d.<\/p>\n<p><strong>COLABORACI\u00d3N MUNICIPAL<\/strong><\/p>\n<p>El Director destac\u00f3 la colaboraci\u00f3n con la Directora de Promoci\u00f3n Social, Mercedes Pintos, y resalt\u00f3 la importancia de llevar y exhibir los trabajos realizados por los internos en el penal, para que la sociedad pueda apreciar sus habilidades. Tambi\u00e9n enfatiz\u00f3 que la realidad de las personas privadas de la libertad no se asemeja a lo que se muestra en las series, con violencia y drogas. Los internos est\u00e1n cumpliendo una condena judicial y, aunque la condena social est\u00e1 presente, Duvullar dej\u00f3 claro que ellos no son justicieros, sino auxiliares de la justicia, y su labor consiste en ofrecer los medios para adquirir aptitudes que no tuvieron en la sociedad.<\/p>\n<p>Por \u00faltimo, Duvullar coment\u00f3 su experiencia dentro de un ala del hospital psiqui\u00e1trico. Destac\u00f3 la necesidad de continuar capacit\u00e1ndose, ya que en la escuela de formaci\u00f3n no se brind\u00f3 suficiente instrucci\u00f3n sobre el tratamiento de estas personas. Adem\u00e1s, se\u00f1al\u00f3 que las leyes y los delitos han cambiado en los \u00faltimos a\u00f1os, por lo que es importante adaptarse a estos cambios y seguir aprendiendo para brindar una mejor atenci\u00f3n y reinserci\u00f3n a los internos.<\/p>\n","protected":false},"excerpt":{"rendered":"<p>En la Unidad Penal 8 \u2013 Alcaid\u00eda de Procesados Varones se ha logrado establecer un puente entre el mundo correccional y la sociedad, promoviendo la dignidad y el potencial de los internos a trav\u00e9s de la expresi\u00f3n art\u00edstica y la inserci\u00f3n laboral en la sociedad.\u00a0 La Municipalidad colabora con este trabajo. En una reciente entrevista [&hellip;]<\/p>\n","protected":false},"author":2,"featured_media":21050,"comment_status":"closed","ping_status":"closed","sticky":false,"template":"","format":"standard","meta":{"footnotes":""},"categories":[56],"tags":[],"class_list":{"0":"post-21049","1":"post","2":"type-post","3":"status-publish","4":"format-standard","5":"has-post-thumbnail","7":"category-locales"},"_links":{"self":[{"href":"https:\/\/radiobitacora.com.ar\/web\/wp-json\/wp\/v2\/posts\/21049","targetHints":{"allow":["GET"]}}],"collection":[{"href":"https:\/\/radiobitacora.com.ar\/web\/wp-json\/wp\/v2\/posts"}],"about":[{"href":"https:\/\/radiobitacora.com.ar\/web\/wp-json\/wp\/v2\/types\/post"}],"author":[{"embeddable":true,"href":"https:\/\/radiobitacora.com.ar\/web\/wp-json\/wp\/v2\/users\/2"}],"replies":[{"embeddable":true,"href":"https:\/\/radiobitacora.com.ar\/web\/wp-json\/wp\/v2\/comments?post=21049"}],"version-history":[{"count":0,"href":"https:\/\/radiobitacora.com.ar\/web\/wp-json\/wp\/v2\/posts\/21049\/revisions"}],"wp:featuredmedia":[{"embeddable":true,"href":"https:\/\/radiobitacora.com.ar\/web\/wp-json\/wp\/v2\/media\/21050"}],"wp:attachment":[{"href":"https:\/\/radiobitacora.com.ar\/web\/wp-json\/wp\/v2\/media?parent=21049"}],"wp:term":[{"taxonomy":"category","embeddable":true,"href":"https:\/\/radiobitacora.com.ar\/web\/wp-json\/wp\/v2\/categories?post=21049"},{"taxonomy":"post_tag","embeddable":true,"href":"https:\/\/radiobitacora.com.ar\/web\/wp-json\/wp\/v2\/tags?post=21049"}],"curies":[{"name":"wp","href":"https:\/\/api.w.org\/{rel}","templated":true}]}}