{"id":21095,"date":"2024-06-14T09:34:42","date_gmt":"2024-06-14T12:34:42","guid":{"rendered":"https:\/\/radiobitacora.com.ar\/web\/?p=21095"},"modified":"2024-06-14T09:34:42","modified_gmt":"2024-06-14T12:34:42","slug":"avanza-la-expulsion-de-camau-espinola-del-partido-justicialista","status":"publish","type":"post","link":"https:\/\/radiobitacora.com.ar\/web\/2024\/06\/14\/avanza-la-expulsion-de-camau-espinola-del-partido-justicialista\/","title":{"rendered":"Avanza la expulsi\u00f3n de \u201cCamau\u201d Esp\u00ednola del Partido Justicialista"},"content":{"rendered":"<p>El Partido Justicialista (PJ) de Corrientes avanza en la desafiliaci\u00f3n de Carlos &#8220;Camau&#8221; Esp\u00ednola, luego de votar a favor de la Ley de Bases, lo confirmaron este jueves los normalizadores.<\/p>\n<p>\u201cAyer durante el plenario de la militancia, le pedimos por favor a (Carlos) \u201cCamau\u201d Esp\u00ednola (Senador Nacional por Corrientes) que votara de acuerdo a la bancada a la que pertenece. Y que, si no fuera as\u00ed, \u00edbamos a pedir su expulsi\u00f3n&#8221;, record\u00f3 Mar\u00eda Teresa Garc\u00eda, una de las normalizadoras del partido.<\/p>\n<p>En ese sentido, sostuvo:\u00a0&#8220;Vot\u00f3 a favor de la Ley Bases, en contra del pueblo argentino y correntino. En atribuci\u00f3n de nuestras facultades, estamos pidiendo su desafiliaci\u00f3n y su expulsi\u00f3n del Partido Justicialista&#8221;.<\/p>\n<p>&#8220;Lo estamos comunicando al Juzgado Federal Electoral\u201d, agreg\u00f3 la senadora durante un encuentro con sindicatos de la CGT Corrientes.<\/p>\n","protected":false},"excerpt":{"rendered":"<p>El Partido Justicialista (PJ) de Corrientes avanza en la desafiliaci\u00f3n de Carlos &#8220;Camau&#8221; Esp\u00ednola, luego de votar a favor de la Ley de Bases, lo confirmaron este jueves los normalizadores. \u201cAyer durante el plenario de la militancia, le pedimos por favor a (Carlos) \u201cCamau\u201d Esp\u00ednola (Senador Nacional por Corrientes) que votara de acuerdo a la [&hellip;]<\/p>\n","protected":false},"author":2,"featured_media":21096,"comment_status":"closed","ping_status":"closed","sticky":false,"template":"","format":"standard","meta":{"footnotes":""},"categories":[79],"tags":[],"class_list":{"0":"post-21095","1":"post","2":"type-post","3":"status-publish","4":"format-standard","5":"has-post-thumbnail","7":"category-politica"},"_links":{"self":[{"href":"https:\/\/radiobitacora.com.ar\/web\/wp-json\/wp\/v2\/posts\/21095","targetHints":{"allow":["GET"]}}],"collection":[{"href":"https:\/\/radiobitacora.com.ar\/web\/wp-json\/wp\/v2\/posts"}],"about":[{"href":"https:\/\/radiobitacora.com.ar\/web\/wp-json\/wp\/v2\/types\/post"}],"author":[{"embeddable":true,"href":"https:\/\/radiobitacora.com.ar\/web\/wp-json\/wp\/v2\/users\/2"}],"replies":[{"embeddable":true,"href":"https:\/\/radiobitacora.com.ar\/web\/wp-json\/wp\/v2\/comments?post=21095"}],"version-history":[{"count":0,"href":"https:\/\/radiobitacora.com.ar\/web\/wp-json\/wp\/v2\/posts\/21095\/revisions"}],"wp:featuredmedia":[{"embeddable":true,"href":"https:\/\/radiobitacora.com.ar\/web\/wp-json\/wp\/v2\/media\/21096"}],"wp:attachment":[{"href":"https:\/\/radiobitacora.com.ar\/web\/wp-json\/wp\/v2\/media?parent=21095"}],"wp:term":[{"taxonomy":"category","embeddable":true,"href":"https:\/\/radiobitacora.com.ar\/web\/wp-json\/wp\/v2\/categories?post=21095"},{"taxonomy":"post_tag","embeddable":true,"href":"https:\/\/radiobitacora.com.ar\/web\/wp-json\/wp\/v2\/tags?post=21095"}],"curies":[{"name":"wp","href":"https:\/\/api.w.org\/{rel}","templated":true}]}}