{"id":21101,"date":"2024-06-14T09:46:25","date_gmt":"2024-06-14T12:46:25","guid":{"rendered":"https:\/\/radiobitacora.com.ar\/web\/?p=21101"},"modified":"2024-06-14T09:46:25","modified_gmt":"2024-06-14T12:46:25","slug":"la-limpieza-y-reparacion-de-destrozos-en-congreso-costaran-62-millones","status":"publish","type":"post","link":"https:\/\/radiobitacora.com.ar\/web\/2024\/06\/14\/la-limpieza-y-reparacion-de-destrozos-en-congreso-costaran-62-millones\/","title":{"rendered":"La limpieza y reparaci\u00f3n de destrozos en Congreso costar\u00e1n 62 millones"},"content":{"rendered":"<p>Mientras los senadores debat\u00edan el proyecto de Ley Bases, una fuerte movilizaci\u00f3n, convocados por algunos sindicatos, agrupaciones pol\u00edticas y organizaciones sociales, se aglutinaba en frente al Senado de la Naci\u00f3n. \u00a0El pico de tensi\u00f3n ocurri\u00f3 cerca de las 16 hs, cuando se registraron pedradas y bombas molotov, mientras que las fuerzas de seguridad afectadas al operativo antipiquetes respondieron con gases lacrim\u00f3genos y camiones hidrantes.<\/p>\n<p>Entre los actos vand\u00e1licos, un grupo carg\u00f3 contra un m\u00f3vil de Cadena 3, agrediendo al periodista\u00a0<strong>Orlando Morales<\/strong>\u00a0y prendiendo fuego al veh\u00edculo de la emisora radial cordobesa. Otro momento destacado, fue cuando el ministro de Seguridad de la ciudad de Buenos Aires,\u00a0<strong>Waldo Wolff<\/strong>, inform\u00f3 que un detenido por las fuerzas de seguridad porte\u00f1a ten\u00eda en su poder una granada de gas.<\/p>\n<p><img decoding=\"async\" src=\"https:\/\/fotos.perfil.com\/\/2024\/06\/13\/900\/0\/ministerio-de-espacio-publico-e-higiene-urbana-1818820.jpg\" alt=\" Ministerio de Espacio P\u00fablico e Higiene Urbana\" \/><\/p>\n<p>Seg\u00fan lo informado por fuentes ministeriales, los efectivos de la<strong>\u00a0Polic\u00eda Federal Argentina (PFA), la Prefectura Naval Argentina (PNA), la Polic\u00eda de Seguridad Aeroportuaria (PSA) y la Gendarmer\u00eda Nacional Argentina (GNA),<\/strong>\u00a0pudieron arrestar, hasta el momento, a una treintena de personas que participaron, de manera activa, en los destrozos. En cuanto a heridos, tanto manifestantes como agentes de seguridad, son contabilizados en decenas.<\/p>\n<p>\u201cLos argentinos elegimos vivir en democracia, cuando gobierna el kirchnerismo y cuando no tambi\u00e9n, aunque parece que a algunos les cuesta entenderlo\u201d, mensaje\u00f3<strong>\u00a0Jorge Macri\u00a0<\/strong>en un posteo y agreg\u00f3: \u201cLos hechos de violencia y destrozos, como los que vivimos hoy en nuestra Ciudad, no van m\u00e1s. Vamos a hacer pagar a estos delincuentes por el caos que provocaron\u201d.<\/p>\n<p><img decoding=\"async\" src=\"https:\/\/fotos.perfil.com\/\/2024\/06\/13\/900\/0\/ministerio-de-espacio-publico-e-higiene-urbana-1818821.jpg\" alt=\" Ministerio de Espacio P\u00fablico e Higiene Urbana\" \/><\/p>\n<p>El<strong>\u00a0Ministerio de Espacio P\u00fablico e Higiene Urbana<\/strong>\u00a0porte\u00f1o comenz\u00f3 el operativo de limpieza intensiva y ordenamiento urbano en las inmediaciones del Congreso de la Naci\u00f3n, luego de los graves destrozos ocasionados por los manifestantes durante el d\u00eda de ayer. Seg\u00fan lo reportado por el GCBA, el operativo cuenta con 120 barrenderos, 8 hidrolavadoras, 6 camiones recolectores, 20 supervisores, 8 brigadas de acci\u00f3n inmediata. El costo del servicio es de 62 millones de pesos.<\/p>\n<p>El organismo porte\u00f1o constat\u00f3 la vandalizaci\u00f3n de 9 contenedores y 37 cestos valuados en m\u00e1s de 30,5 millones de pesos. Al mismo tiempo, se comenz\u00f3 el relevamiento de los da\u00f1os causados en el paisaje y mobiliario urbano. Si bien continuar\u00e1 durante todo el d\u00eda para dimensionar la totalidad del da\u00f1o en toda la zona.<\/p>\n<p>Hasta el momento se registraron los siguientes da\u00f1os: canteros ornamentales da\u00f1ados, c\u00e9sped quemado, rotura de solado de baldosas, rotura del piso de goma en patio de juegos, rotura de bancos de hormig\u00f3n, incendio de cestos fijos, bancos, grafitis en basamento de m\u00e1stil, odeones, copones y rotura de la reja e ingreso al interior del Monumento a los Dos Congresos.<\/p>\n","protected":false},"excerpt":{"rendered":"<p>Mientras los senadores debat\u00edan el proyecto de Ley Bases, una fuerte movilizaci\u00f3n, convocados por algunos sindicatos, agrupaciones pol\u00edticas y organizaciones sociales, se aglutinaba en frente al Senado de la Naci\u00f3n. \u00a0El pico de tensi\u00f3n ocurri\u00f3 cerca de las 16 hs, cuando se registraron pedradas y bombas molotov, mientras que las fuerzas de seguridad afectadas al [&hellip;]<\/p>\n","protected":false},"author":2,"featured_media":21102,"comment_status":"closed","ping_status":"closed","sticky":false,"template":"","format":"standard","meta":{"footnotes":""},"categories":[79],"tags":[],"class_list":{"0":"post-21101","1":"post","2":"type-post","3":"status-publish","4":"format-standard","5":"has-post-thumbnail","7":"category-politica"},"_links":{"self":[{"href":"https:\/\/radiobitacora.com.ar\/web\/wp-json\/wp\/v2\/posts\/21101","targetHints":{"allow":["GET"]}}],"collection":[{"href":"https:\/\/radiobitacora.com.ar\/web\/wp-json\/wp\/v2\/posts"}],"about":[{"href":"https:\/\/radiobitacora.com.ar\/web\/wp-json\/wp\/v2\/types\/post"}],"author":[{"embeddable":true,"href":"https:\/\/radiobitacora.com.ar\/web\/wp-json\/wp\/v2\/users\/2"}],"replies":[{"embeddable":true,"href":"https:\/\/radiobitacora.com.ar\/web\/wp-json\/wp\/v2\/comments?post=21101"}],"version-history":[{"count":0,"href":"https:\/\/radiobitacora.com.ar\/web\/wp-json\/wp\/v2\/posts\/21101\/revisions"}],"wp:featuredmedia":[{"embeddable":true,"href":"https:\/\/radiobitacora.com.ar\/web\/wp-json\/wp\/v2\/media\/21102"}],"wp:attachment":[{"href":"https:\/\/radiobitacora.com.ar\/web\/wp-json\/wp\/v2\/media?parent=21101"}],"wp:term":[{"taxonomy":"category","embeddable":true,"href":"https:\/\/radiobitacora.com.ar\/web\/wp-json\/wp\/v2\/categories?post=21101"},{"taxonomy":"post_tag","embeddable":true,"href":"https:\/\/radiobitacora.com.ar\/web\/wp-json\/wp\/v2\/tags?post=21101"}],"curies":[{"name":"wp","href":"https:\/\/api.w.org\/{rel}","templated":true}]}}