{"id":21125,"date":"2024-06-19T09:43:10","date_gmt":"2024-06-19T12:43:10","guid":{"rendered":"https:\/\/radiobitacora.com.ar\/web\/?p=21125"},"modified":"2024-06-19T09:43:10","modified_gmt":"2024-06-19T12:43:10","slug":"el-fiscal-asegura-que-loan-tomo-un-rumbo-que-no-era-la-casa-de-su-abuela","status":"publish","type":"post","link":"https:\/\/radiobitacora.com.ar\/web\/2024\/06\/19\/el-fiscal-asegura-que-loan-tomo-un-rumbo-que-no-era-la-casa-de-su-abuela\/","title":{"rendered":"El fiscal asegura que Loan &#8220;tom\u00f3 un rumbo que no era la casa de su abuela&#8221;"},"content":{"rendered":"<p>En el sexto d\u00eda de b\u00fasqueda de Loan Danilo Pe\u00f1a (5), el fiscal de Instrucci\u00f3n que interviene en la investigaci\u00f3n, Juan Carlos Castillo, asevera que el ni\u00f1o\u00a0<strong>&#8220;tom\u00f3 un rumbo que no era la casa de su abuela&#8221;<\/strong>\u00a0en el momento que es abandonado por las tres personas que lo llevaron a tomar naranja. &#8220;Esta afirmaci\u00f3n la tenemos en base a testimonio y C\u00e1mara Gesell&#8221;, asegur\u00f3 el mencionado funcionario judicial en di\u00e1logo con Radio Dos.<\/p>\n<p>Sobre la posibilidad de que el menor pueda estar perdido en el monte, el fiscal dijo que &#8220;estoy haciendo una investigaci\u00f3n amplia en todo el pa\u00eds y no me estoy quedando en esa cuesti\u00f3n, porque estoy realizando muchas diligencias que no lo puedo comentar. Pero manejo otro tipo de investigaci\u00f3n tambi\u00e9n&#8221;.<\/p>\n<div class=\" large m_image\">\n<figure><picture><source srcset=\"https:\/\/www.diarioepoca.com\/content\/bucket\/4\/1368374w790h440c.jpg.webp\" type=\"image\/webp\" media=\"(min-width: 640px)\" \/><source srcset=\"https:\/\/www.diarioepoca.com\/content\/bucket\/4\/1368374w440h245c.jpg.webp\" type=\"image\/webp\" media=\"(min-width: 300px)\" \/><source srcset=\"https:\/\/www.diarioepoca.com\/content\/bucket\/4\/1368374w790h440c.jpg\" media=\"(min-width: 300px)\" \/><img loading=\"lazy\" decoding=\"async\" class=\"pic\" src=\"https:\/\/www.diarioepoca.com\/content\/bucket\/4\/1368374w790h440c.jpg.webp\" alt=\"\" width=\"790\" height=\"440\" \/><\/picture><\/figure>\n<\/div>\n<p>A su vez, cont\u00f3 que le han llegado cientos de fotos estimando que podr\u00eda ser Loan, pero que las mismas \u2013asegura Castillo- fueron siendo desestimas por las fuerzas de seguridad que se encuentra avocadas a la investigaci\u00f3n.<\/p>\n<p>En cuanto a los relatos de la mam\u00e1 y el pap\u00e1 del menor perdido, asegur\u00f3 que\u00a0<strong>&#8220;siempre fueron coherentes desde el primer momento&#8221;<\/strong>\u00a0y que\u00a0<strong>&#8220;nunca encontr\u00f3 inconsistencia&#8221;.<\/strong>\u00a0\u00a0<strong>&#8220;Son de pocas palabras pero siempre declararon en la misma sinton\u00eda, por lo tanto no puedo decir algo malo de la familia al menos por el momento&#8221;.\u00a0<\/strong><\/p>\n<p>Por \u00faltimo, cont\u00f3 que la investigaci\u00f3n continuar\u00e1 de la misma manera que lo viene haciendo desde el jueves pasado cuando se inici\u00f3 la b\u00fasqueda del menor que desapareci\u00f3 en el Paraje Algarrobal de la localidad de 9 de Julio, a unos 175 kil\u00f3metros al sur de la capital provincial.<\/p>\n","protected":false},"excerpt":{"rendered":"<p>En el sexto d\u00eda de b\u00fasqueda de Loan Danilo Pe\u00f1a (5), el fiscal de Instrucci\u00f3n que interviene en la investigaci\u00f3n, Juan Carlos Castillo, asevera que el ni\u00f1o\u00a0&#8220;tom\u00f3 un rumbo que no era la casa de su abuela&#8221;\u00a0en el momento que es abandonado por las tres personas que lo llevaron a tomar naranja. &#8220;Esta afirmaci\u00f3n la [&hellip;]<\/p>\n","protected":false},"author":2,"featured_media":21126,"comment_status":"closed","ping_status":"closed","sticky":false,"template":"","format":"standard","meta":{"footnotes":""},"categories":[72],"tags":[],"class_list":{"0":"post-21125","1":"post","2":"type-post","3":"status-publish","4":"format-standard","5":"has-post-thumbnail","7":"category-provinciales"},"_links":{"self":[{"href":"https:\/\/radiobitacora.com.ar\/web\/wp-json\/wp\/v2\/posts\/21125","targetHints":{"allow":["GET"]}}],"collection":[{"href":"https:\/\/radiobitacora.com.ar\/web\/wp-json\/wp\/v2\/posts"}],"about":[{"href":"https:\/\/radiobitacora.com.ar\/web\/wp-json\/wp\/v2\/types\/post"}],"author":[{"embeddable":true,"href":"https:\/\/radiobitacora.com.ar\/web\/wp-json\/wp\/v2\/users\/2"}],"replies":[{"embeddable":true,"href":"https:\/\/radiobitacora.com.ar\/web\/wp-json\/wp\/v2\/comments?post=21125"}],"version-history":[{"count":0,"href":"https:\/\/radiobitacora.com.ar\/web\/wp-json\/wp\/v2\/posts\/21125\/revisions"}],"wp:featuredmedia":[{"embeddable":true,"href":"https:\/\/radiobitacora.com.ar\/web\/wp-json\/wp\/v2\/media\/21126"}],"wp:attachment":[{"href":"https:\/\/radiobitacora.com.ar\/web\/wp-json\/wp\/v2\/media?parent=21125"}],"wp:term":[{"taxonomy":"category","embeddable":true,"href":"https:\/\/radiobitacora.com.ar\/web\/wp-json\/wp\/v2\/categories?post=21125"},{"taxonomy":"post_tag","embeddable":true,"href":"https:\/\/radiobitacora.com.ar\/web\/wp-json\/wp\/v2\/tags?post=21125"}],"curies":[{"name":"wp","href":"https:\/\/api.w.org\/{rel}","templated":true}]}}