{"id":21128,"date":"2024-06-19T09:46:00","date_gmt":"2024-06-19T12:46:00","guid":{"rendered":"https:\/\/radiobitacora.com.ar\/web\/?p=21128"},"modified":"2024-06-19T09:46:00","modified_gmt":"2024-06-19T12:46:00","slug":"francisco-designo-a-un-correntino-como-obispo-auxiliar-de-buenos-aires","status":"publish","type":"post","link":"https:\/\/radiobitacora.com.ar\/web\/2024\/06\/19\/francisco-designo-a-un-correntino-como-obispo-auxiliar-de-buenos-aires\/","title":{"rendered":"Francisco design\u00f3 a un correntino como obispo auxiliar de Buenos Aires"},"content":{"rendered":"<p><strong>El sacerdote correntino Iv\u00e1n Dornelles fue designado obispo auxiliar de Buenos Aires<\/strong>, en una decisi\u00f3n del Papa Francisco, comunicada por el Vaticano y difundida\u00a0<strong>este mi\u00e9rcoles 19 de junio<\/strong>, por la agencia de prensa de la iglesia cat\u00f3lica AICA.<\/p>\n<div class=\" large m_image\">\n<figure><picture><source srcset=\"https:\/\/www.diarioepoca.com\/content\/bucket\/2\/1368652w790h1050c.jpg.webp\" type=\"image\/webp\" media=\"(min-width: 640px)\" \/><source srcset=\"https:\/\/www.diarioepoca.com\/content\/bucket\/2\/1368652w440h585c.jpg.webp\" type=\"image\/webp\" media=\"(min-width: 300px)\" \/><source srcset=\"https:\/\/www.diarioepoca.com\/content\/bucket\/2\/1368652w790h1050c.jpg\" media=\"(min-width: 300px)\" \/><img loading=\"lazy\" decoding=\"async\" class=\"pic\" src=\"https:\/\/www.diarioepoca.com\/content\/bucket\/2\/1368652w790h1050c.jpg.webp\" alt=\"\" width=\"790\" height=\"1050\" \/><\/picture><\/figure>\n<\/div>\n<p>Dornelles, de 50 a\u00f1os y que en sus tiempos de seminarista fue colaborador del entonces arzobispo Jorge Bergoglio, se desempe\u00f1aba como sacerdote a cargo de la parroquia Misericordia del barrio de Mataderos en la Ciudad Aut\u00f3noma de Buenos Aires. El santo padre le asign\u00f3 la titularidad de la sede Eguga de clero porte\u00f1o.<\/p>\n<p>Junto con Dornelles, Francisco tambi\u00e9n nombr\u00f3 en simult\u00e1neo como obispos auxiliares de la arquidi\u00f3cesis de Buenos Aires, a los presb\u00edteros Pedro Bernardo Cannav\u00f3, asign\u00e1ndole la sede titular de Idassa; y Alejandro Daniel Pardo, asign\u00e1ndole la sede titular de Fissiana. Todos del clero porte\u00f1o.<\/p>\n<p><strong>Periodista, m\u00fasico y abogado<\/strong><\/p>\n<div class=\"right medium m_image\">\n<figure><picture><source srcset=\"https:\/\/www.diarioepoca.com\/content\/bucket\/4\/1368654w380h507c.jpg.webp\" type=\"image\/webp\" media=\"(min-width: 640px)\" \/><source srcset=\"https:\/\/www.diarioepoca.com\/content\/bucket\/4\/1368654w440h587c.jpg.webp\" type=\"image\/webp\" media=\"(min-width: 300px)\" \/><source srcset=\"https:\/\/www.diarioepoca.com\/content\/bucket\/4\/1368654w380h507c.jpg\" media=\"(min-width: 300px)\" \/><img loading=\"lazy\" decoding=\"async\" class=\"pic\" src=\"https:\/\/www.diarioepoca.com\/content\/bucket\/4\/1368654w380h507c.jpg.webp\" alt=\"\" width=\"380\" height=\"507\" \/><\/picture><\/figure>\n<\/div>\n<p><strong>Dornelles<\/strong>, que tiene tres libros de Catequesis publicado,\u00a0<strong>naci\u00f3 en General Alvear (Corrientes) el 26 de abril de 1974.<\/strong>\u00a0Estudi\u00f3 en la escuela primaria 123, y el nivel secundario en el establecimiento Mamerto Acu\u00f1a, ambos en su pueblo natal.<\/p>\n<p>En su adolescencia y juventud estudi\u00f3 el profesorado de piano. Particip\u00f3 como integrante del staff del programa Impacto Deportivo que se emiti\u00f3 en LT21 Radio Municipal Alvear, con transmisiones de partidos de f\u00fatbol y tira semanal informativa.<\/p>\n<p>En su juventud perteneci\u00f3 a la Acci\u00f3n Cat\u00f3lica. En 1998, se recibi\u00f3 de Abogado en la Universidad de Buenos Aires, y antes de entrar al seminario trabaj\u00f3 algunos a\u00f1os como abogado civil.<\/p>\n<p>En 2000 ingres\u00f3 al Seminario Inmaculada Concepci\u00f3n de Buenos Aires.<\/p>\n<p>Recibi\u00f3 la ordenaci\u00f3n sacerdotal el 17 de noviembre 2007 de manos del entonces arzobispo de Buenos Aires, cardenal Jorge Mario Bergoglio en el micro estadio del Club Argentinos Juniors.<\/p>\n<p><strong>Ministerios actuales y pasados<\/strong><\/p>\n<div class=\"left medium m_image\">\n<figure><picture><source srcset=\"https:\/\/www.diarioepoca.com\/content\/bucket\/3\/1368653w380h507c.jpg.webp\" type=\"image\/webp\" media=\"(min-width: 640px)\" \/><source srcset=\"https:\/\/www.diarioepoca.com\/content\/bucket\/3\/1368653w440h587c.jpg.webp\" type=\"image\/webp\" media=\"(min-width: 300px)\" \/><source srcset=\"https:\/\/www.diarioepoca.com\/content\/bucket\/3\/1368653w380h507c.jpg\" media=\"(min-width: 300px)\" \/><img loading=\"lazy\" decoding=\"async\" class=\"pic\" src=\"https:\/\/www.diarioepoca.com\/content\/bucket\/3\/1368653w380h507c.jpg.webp\" alt=\"\" width=\"380\" height=\"507\" \/><\/picture><\/figure>\n<\/div>\n<p>Ministerios pastorales actuales: desde 2012 es director ejecutivo de la Vicaria para los Ni\u00f1os; desde 2015 es p\u00e1rroco de Nuestra Se\u00f1ora de la Misericordia.<\/p>\n<p>Desde 2019 es asesor nacional de la Acci\u00f3n Cat\u00f3lica y miembro del Consejo Presbiteral. Desde 2021 es miembro del Colegio de los Consultores.<\/p>\n<p>Desde 2023 es director del Consejo pastoral arquidiocesano y colaborador en la Vicaria pastoral de Educaci\u00f3n.<\/p>\n<p>Como ministerios pastorales realizados: fue di\u00e1cono en la parroquia San Saturnino y San Judas (2007); vicario parroquial de San Saturnino y San Judas (2008-2014); asesor arquidiocesano del \u00c1rea Aspirantes de la Acci\u00f3n Cat\u00f3lica de Buenos Aires (2009-2015).<\/p>\n<p>Tambi\u00e9n vicario parroquial de Nuestra Se\u00f1ora de la Misericordia (2014-2015); y Decano del decanato N\u00ba 16 &#8220;Lugano&#8221; de la arquidi\u00f3cesis de Buenos Aires (2021-2023).<\/p>\n<div class=\"person-desc floatFix\">\n<figure><img decoding=\"async\" src=\"https:\/\/www.diarioepoca.com\/content\/bucket\/6\/1185036w60h60c.jpg.webp\" alt=\"\" \/><\/figure>\n<p><span class=\"name\">Por\u00a0Walter Joaqu\u00edn Disanti<\/span><\/div>\n","protected":false},"excerpt":{"rendered":"<p>El sacerdote correntino Iv\u00e1n Dornelles fue designado obispo auxiliar de Buenos Aires, en una decisi\u00f3n del Papa Francisco, comunicada por el Vaticano y difundida\u00a0este mi\u00e9rcoles 19 de junio, por la agencia de prensa de la iglesia cat\u00f3lica AICA. Dornelles, de 50 a\u00f1os y que en sus tiempos de seminarista fue colaborador del entonces arzobispo Jorge [&hellip;]<\/p>\n","protected":false},"author":2,"featured_media":21129,"comment_status":"closed","ping_status":"closed","sticky":false,"template":"","format":"standard","meta":{"footnotes":""},"categories":[86],"tags":[],"class_list":{"0":"post-21128","1":"post","2":"type-post","3":"status-publish","4":"format-standard","5":"has-post-thumbnail","7":"category-sociedad"},"_links":{"self":[{"href":"https:\/\/radiobitacora.com.ar\/web\/wp-json\/wp\/v2\/posts\/21128","targetHints":{"allow":["GET"]}}],"collection":[{"href":"https:\/\/radiobitacora.com.ar\/web\/wp-json\/wp\/v2\/posts"}],"about":[{"href":"https:\/\/radiobitacora.com.ar\/web\/wp-json\/wp\/v2\/types\/post"}],"author":[{"embeddable":true,"href":"https:\/\/radiobitacora.com.ar\/web\/wp-json\/wp\/v2\/users\/2"}],"replies":[{"embeddable":true,"href":"https:\/\/radiobitacora.com.ar\/web\/wp-json\/wp\/v2\/comments?post=21128"}],"version-history":[{"count":0,"href":"https:\/\/radiobitacora.com.ar\/web\/wp-json\/wp\/v2\/posts\/21128\/revisions"}],"wp:featuredmedia":[{"embeddable":true,"href":"https:\/\/radiobitacora.com.ar\/web\/wp-json\/wp\/v2\/media\/21129"}],"wp:attachment":[{"href":"https:\/\/radiobitacora.com.ar\/web\/wp-json\/wp\/v2\/media?parent=21128"}],"wp:term":[{"taxonomy":"category","embeddable":true,"href":"https:\/\/radiobitacora.com.ar\/web\/wp-json\/wp\/v2\/categories?post=21128"},{"taxonomy":"post_tag","embeddable":true,"href":"https:\/\/radiobitacora.com.ar\/web\/wp-json\/wp\/v2\/tags?post=21128"}],"curies":[{"name":"wp","href":"https:\/\/api.w.org\/{rel}","templated":true}]}}