{"id":21152,"date":"2024-06-20T09:01:30","date_gmt":"2024-06-20T12:01:30","guid":{"rendered":"https:\/\/radiobitacora.com.ar\/web\/?p=21152"},"modified":"2024-06-20T09:01:30","modified_gmt":"2024-06-20T12:01:30","slug":"la-virgen-de-itati-llego-a-9-de-julio-y-recorrio-la-casa-de-la-abuela-de-loan","status":"publish","type":"post","link":"https:\/\/radiobitacora.com.ar\/web\/2024\/06\/20\/la-virgen-de-itati-llego-a-9-de-julio-y-recorrio-la-casa-de-la-abuela-de-loan\/","title":{"rendered":"La Virgen de Itat\u00ed lleg\u00f3 a 9 de julio y recorri\u00f3 la casa de la abuela de Loan"},"content":{"rendered":"<p>La imagen de la Virgen de Itat\u00ed\u00a0 fue llevada desde la bas\u00edlica hasta\u00a09 julio y recorri\u00f3 la casa de la abuela de Loan.<\/p>\n<p>Este jueves se cumple una semana de la desaparici\u00f3n de Loan y la b\u00fasqueda contin\u00faa.<\/p>\n<p><strong>Una imagen de la Virgen de Itat\u00ed, llevada desde la Bas\u00edlica, recorri\u00f3 la entrada de la casa de la abuela del peque\u00f1o, donde se lo vio por \u00faltima vez.<\/strong><\/p>\n<p>En redes sociales tambi\u00e9n los correntinos se aferran a su fe para pedir por su aparici\u00f3n.<\/p>\n","protected":false},"excerpt":{"rendered":"<p>La imagen de la Virgen de Itat\u00ed\u00a0 fue llevada desde la bas\u00edlica hasta\u00a09 julio y recorri\u00f3 la casa de la abuela de Loan. Este jueves se cumple una semana de la desaparici\u00f3n de Loan y la b\u00fasqueda contin\u00faa. Una imagen de la Virgen de Itat\u00ed, llevada desde la Bas\u00edlica, recorri\u00f3 la entrada de la casa [&hellip;]<\/p>\n","protected":false},"author":2,"featured_media":21153,"comment_status":"closed","ping_status":"closed","sticky":false,"template":"","format":"standard","meta":{"footnotes":""},"categories":[72],"tags":[],"class_list":{"0":"post-21152","1":"post","2":"type-post","3":"status-publish","4":"format-standard","5":"has-post-thumbnail","7":"category-provinciales"},"_links":{"self":[{"href":"https:\/\/radiobitacora.com.ar\/web\/wp-json\/wp\/v2\/posts\/21152","targetHints":{"allow":["GET"]}}],"collection":[{"href":"https:\/\/radiobitacora.com.ar\/web\/wp-json\/wp\/v2\/posts"}],"about":[{"href":"https:\/\/radiobitacora.com.ar\/web\/wp-json\/wp\/v2\/types\/post"}],"author":[{"embeddable":true,"href":"https:\/\/radiobitacora.com.ar\/web\/wp-json\/wp\/v2\/users\/2"}],"replies":[{"embeddable":true,"href":"https:\/\/radiobitacora.com.ar\/web\/wp-json\/wp\/v2\/comments?post=21152"}],"version-history":[{"count":0,"href":"https:\/\/radiobitacora.com.ar\/web\/wp-json\/wp\/v2\/posts\/21152\/revisions"}],"wp:featuredmedia":[{"embeddable":true,"href":"https:\/\/radiobitacora.com.ar\/web\/wp-json\/wp\/v2\/media\/21153"}],"wp:attachment":[{"href":"https:\/\/radiobitacora.com.ar\/web\/wp-json\/wp\/v2\/media?parent=21152"}],"wp:term":[{"taxonomy":"category","embeddable":true,"href":"https:\/\/radiobitacora.com.ar\/web\/wp-json\/wp\/v2\/categories?post=21152"},{"taxonomy":"post_tag","embeddable":true,"href":"https:\/\/radiobitacora.com.ar\/web\/wp-json\/wp\/v2\/tags?post=21152"}],"curies":[{"name":"wp","href":"https:\/\/api.w.org\/{rel}","templated":true}]}}