{"id":21155,"date":"2024-06-20T09:03:44","date_gmt":"2024-06-20T12:03:44","guid":{"rendered":"https:\/\/radiobitacora.com.ar\/web\/?p=21155"},"modified":"2024-06-20T09:03:44","modified_gmt":"2024-06-20T12:03:44","slug":"los-ninos-hicieron-la-reconstruccion-de-como-se-perdio-loan-en-el-monte","status":"publish","type":"post","link":"https:\/\/radiobitacora.com.ar\/web\/2024\/06\/20\/los-ninos-hicieron-la-reconstruccion-de-como-se-perdio-loan-en-el-monte\/","title":{"rendered":"Los ni\u00f1os hicieron la reconstrucci\u00f3n de c\u00f3mo se perdi\u00f3 Loan en el monte"},"content":{"rendered":"<p>Este mi\u00e9rcoles, la Justicia avanz\u00f3 con la reconstrucci\u00f3n de la desaparici\u00f3n de Loan Pe\u00f1a el ni\u00f1o de 5 a\u00f1os perdido en un monte del paraje Algarrobal, en la zona rural de 9 de Julio, ocurrida en la siesta del pasado 13 de junio.<\/p>\n<p>El abogado del padre de la familia, \u00a0Roberto M\u00e9ndez, en rueda de prensa explic\u00f3 que los menores \u201cdieron detalles acerca de los adultos\u201d, y se\u00f1al\u00f3 que los otros menores que participaron del paseo para buscar las naranjas realizaran la reconstrucci\u00f3n de los hechos previos a la desaparici\u00f3n del ni\u00f1o de 5 a\u00f1os.<\/p>\n<p>\u201cEstuvieron todos los ni\u00f1os, comentaron c\u00f3mo fue el paso a paso. Se hizo la reconstrucci\u00f3n de los hechos solamente con los ni\u00f1os. Se les hicieron preguntas, mostraron los lugares, contaron paso a paso c\u00f3mo estuvieron jugando y a d\u00f3nde fueron\u201d, cont\u00f3.<\/p>\n<p>Adem\u00e1s detall\u00f3 haber usado una aplicaci\u00f3n para medir la distancia entre la casa de la abuela de Loan -Catalina Pe\u00f1a- y el lugar en el que se detuvo el grupo para recoger las frutas. Seg\u00fan M\u00e9ndez, son unos 576 metros y lo que tard\u00f3 en volver hasta el punto de partido fueron 7 minutos y 36 segundos.<\/p>\n<div class=\"container_publi\" data-tipo=\"tipo_desktop \" data-pos=\"AMP_P1_cuerpo\">\n<div class=\"gpt-load\" data-gpt=\"\/22675780113\/nota\/AMP_cuerpo_x\" data-size=\"[750,300]\"><\/div>\n<\/div>\n<p>\u201cEs coherente lo que dijeron. Dieron detalles acerca de los adultos y contaron cosas que no voy a revelar. Fueron m\u00e1s espec\u00edficos en cuanto a qu\u00e9 hizo cada uno y d\u00f3nde estaba cada uno\u201d, explic\u00f3.<\/p>\n","protected":false},"excerpt":{"rendered":"<p>Este mi\u00e9rcoles, la Justicia avanz\u00f3 con la reconstrucci\u00f3n de la desaparici\u00f3n de Loan Pe\u00f1a el ni\u00f1o de 5 a\u00f1os perdido en un monte del paraje Algarrobal, en la zona rural de 9 de Julio, ocurrida en la siesta del pasado 13 de junio. El abogado del padre de la familia, \u00a0Roberto M\u00e9ndez, en rueda de [&hellip;]<\/p>\n","protected":false},"author":2,"featured_media":21156,"comment_status":"closed","ping_status":"closed","sticky":false,"template":"","format":"standard","meta":{"footnotes":""},"categories":[72],"tags":[],"class_list":{"0":"post-21155","1":"post","2":"type-post","3":"status-publish","4":"format-standard","5":"has-post-thumbnail","7":"category-provinciales"},"_links":{"self":[{"href":"https:\/\/radiobitacora.com.ar\/web\/wp-json\/wp\/v2\/posts\/21155","targetHints":{"allow":["GET"]}}],"collection":[{"href":"https:\/\/radiobitacora.com.ar\/web\/wp-json\/wp\/v2\/posts"}],"about":[{"href":"https:\/\/radiobitacora.com.ar\/web\/wp-json\/wp\/v2\/types\/post"}],"author":[{"embeddable":true,"href":"https:\/\/radiobitacora.com.ar\/web\/wp-json\/wp\/v2\/users\/2"}],"replies":[{"embeddable":true,"href":"https:\/\/radiobitacora.com.ar\/web\/wp-json\/wp\/v2\/comments?post=21155"}],"version-history":[{"count":0,"href":"https:\/\/radiobitacora.com.ar\/web\/wp-json\/wp\/v2\/posts\/21155\/revisions"}],"wp:featuredmedia":[{"embeddable":true,"href":"https:\/\/radiobitacora.com.ar\/web\/wp-json\/wp\/v2\/media\/21156"}],"wp:attachment":[{"href":"https:\/\/radiobitacora.com.ar\/web\/wp-json\/wp\/v2\/media?parent=21155"}],"wp:term":[{"taxonomy":"category","embeddable":true,"href":"https:\/\/radiobitacora.com.ar\/web\/wp-json\/wp\/v2\/categories?post=21155"},{"taxonomy":"post_tag","embeddable":true,"href":"https:\/\/radiobitacora.com.ar\/web\/wp-json\/wp\/v2\/tags?post=21155"}],"curies":[{"name":"wp","href":"https:\/\/api.w.org\/{rel}","templated":true}]}}