{"id":21158,"date":"2024-06-20T09:10:46","date_gmt":"2024-06-20T12:10:46","guid":{"rendered":"https:\/\/radiobitacora.com.ar\/web\/?p=21158"},"modified":"2024-06-20T09:10:46","modified_gmt":"2024-06-20T12:10:46","slug":"el-gobierno-confia-en-que-la-ley-bases-se-aprobara-la-semana-que-viene-y-el-pacto-de-mayo-podria-firmarse-el-9-de-julio","status":"publish","type":"post","link":"https:\/\/radiobitacora.com.ar\/web\/2024\/06\/20\/el-gobierno-confia-en-que-la-ley-bases-se-aprobara-la-semana-que-viene-y-el-pacto-de-mayo-podria-firmarse-el-9-de-julio\/","title":{"rendered":"El Gobierno conf\u00eda en que la Ley Bases se aprobar\u00e1 la semana que viene y el Pacto de Mayo podr\u00eda firmarse el 9 de julio"},"content":{"rendered":"<p class=\"paragraph\" data-mrf-recirculation=\"Links inline\">\u201c<b>Ya est\u00e1n los d\u00edas confirmados y la idea es tener las reformas para antes del 9 de julio<\/b>, pero todo depender\u00e1 de las personas que tienen que levantar la mano para votar\u201d, explic\u00f3 a<b>\u00a0Infobae\u00a0<\/b>un importante referente del oficialismo, al referirse al futuro de la\u00a0<b>Ley Bases\u00a0<\/b>y el\u00a0<b>Paquete Fiscal<\/b>, que volvieron a la C\u00e1mara de Diputados para su revisi\u00f3n final.<\/p>\n<p class=\"paragraph\" data-mrf-recirculation=\"Links inline\">Luego de varias conversaciones con los representantes de la oposici\u00f3n \u201cdialoguista\u201d, el Gobierno acept\u00f3 algunas de las reformas del texto que se introdujeron en el Senado y est\u00e1 pronto a conseguir que el Congreso le apruebe las ansiadas reformas, con las que viene insistiendo desde principios de a\u00f1o.<\/p>\n<p class=\"paragraph\" data-mrf-recirculation=\"Links inline\">De acuerdo con lo que precisaron distintas fuentes parlamentarias, y como\u00a0<a href=\"https:\/\/www.infobae.com\/politica\/2024\/06\/18\/el-gobierno-encara-una-semana-de-definiciones-y-negociaciones-antes-de-la-votacion-final-de-la-ley-bases\/\" target=\"_blank\" rel=\"noopener noreferrer\" data-mrf-link=\"https:\/\/www.infobae.com\/politica\/2024\/06\/18\/el-gobierno-encara-una-semana-de-definiciones-y-negociaciones-antes-de-la-votacion-final-de-la-ley-bases\/\">anticip\u00f3\u00a0<\/a>este medio, el presidente de la C\u00e1mara baja,\u00a0<b>Mart\u00edn Menem<\/b>, convocar\u00e1 a\u00a0<b>plenario de comisiones para el martes y mi\u00e9rcoles pr\u00f3ximo<\/b>, con el objetivo de que ambas iniciativas obtengan dictamen y se pasen a tratar el jueves.<\/p>\n<p class=\"paragraph\" data-mrf-recirculation=\"Links inline\">La primera de esas jornadas ser\u00e1 la m\u00e1s extensa, ya que ser\u00e1 el momento en que se definir\u00e1n los aspectos finales de la Ley Bases y los legisladores deber\u00e1n decidir qu\u00e9 cambios impuestos por los senadores aceptar\u00e1n y cu\u00e1les intentar\u00e1n rechazar.<\/p>\n<div class=\"visual__image\"><img loading=\"lazy\" decoding=\"async\" class=\"\" src=\"https:\/\/www.infobae.com\/new-resizer\/fJweHlKy2DaL5Yf7E5Ywef-wvvw=\/420x280\/filters:format(webp):quality(85)\/cloudfront-us-east-1.images.arcpublishing.com\/infobae\/R7AQGTQEOIHJCHIJ3IBU3GW3BE.jpg%20420w\" sizes=\"auto, (min-width: 1560px) 856px, (min-width: 1000px) calc(74.63vw - 293px), (min-width: 780px) calc(100vw - 376px), (min-width: 580px) calc(100vw - 32px), 100vw\" srcset=\"https:\/\/www.infobae.com\/new-resizer\/fJweHlKy2DaL5Yf7E5Ywef-wvvw=\/420x280\/filters:format(webp):quality(85)\/cloudfront-us-east-1.images.arcpublishing.com\/infobae\/R7AQGTQEOIHJCHIJ3IBU3GW3BE.jpg 420w,https:\/\/www.infobae.com\/new-resizer\/2jzizxw919PG4Tgshjc4vk_UXBc=\/768x512\/filters:format(webp):quality(85)\/cloudfront-us-east-1.images.arcpublishing.com\/infobae\/R7AQGTQEOIHJCHIJ3IBU3GW3BE.jpg 768w,https:\/\/www.infobae.com\/new-resizer\/HY4YWvLNG3Jddsw0_HJ9ir9-D9E=\/992x661\/filters:format(webp):quality(85)\/cloudfront-us-east-1.images.arcpublishing.com\/infobae\/R7AQGTQEOIHJCHIJ3IBU3GW3BE.jpg 992w,https:\/\/www.infobae.com\/new-resizer\/qA9wIi6MbFjd-HeLSc418U2Wo98=\/1200x800\/filters:format(webp):quality(85)\/cloudfront-us-east-1.images.arcpublishing.com\/infobae\/R7AQGTQEOIHJCHIJ3IBU3GW3BE.jpg 1200w,https:\/\/www.infobae.com\/new-resizer\/pUUhuTkWVetgzCYgb60OHo_Msqc=\/1440x960\/filters:format(webp):quality(85)\/cloudfront-us-east-1.images.arcpublishing.com\/infobae\/R7AQGTQEOIHJCHIJ3IBU3GW3BE.jpg 1440w\" alt=\"Francos sigue de cerca las negociaciones finales por la Ley Bases (REUTERS\/Agustin Marcarian)\" width=\"3205\" height=\"2137\" data-src=\"https:\/\/www.infobae.com\/new-resizer\/fJweHlKy2DaL5Yf7E5Ywef-wvvw=\/420x280\/filters:format(webp):quality(85)\/cloudfront-us-east-1.images.arcpublishing.com\/infobae\/R7AQGTQEOIHJCHIJ3IBU3GW3BE.jpg 420w\" \/>Francos sigue de cerca las negociaciones finales por la Ley Bases (REUTERS\/Agustin Marcarian)<\/div>\n<p class=\"paragraph\" data-mrf-recirculation=\"Links inline\">Como ya reconoci\u00f3 el propio jefe de Gabinete,\u00a0<b>Guillermo Francos<\/b>, principal funcionario a cargo de las negociaciones, el oficialismo va a insistir con los art\u00edculos vinculados a las privatizaciones y a los impuestos a los Bienes Personales y de Ganancias.<\/p>\n<p class=\"paragraph\" data-mrf-recirculation=\"Links inline\">Por otra parte, sin embargo,\u00a0<b>no se va a volver a discutir el R\u00e9gimen de Incentivos a las Grandes Inversiones\u00a0<\/b>(RIGI), por lo que van a permanecer todas las correcciones que se hicieron en el Senado.<\/p>\n<p class=\"paragraph\" data-mrf-recirculation=\"Links inline\">As\u00ed lo decidi\u00f3 Francos junto a los jefes de los principales bloques de diputados, cuando se reunieron la semana pasada, poco despu\u00e9s de que en la C\u00e1mara alta la vicepresidenta\u00a0<b>Victoria Villarruel<\/b>\u00a0desempatara la votaci\u00f3n y lograra a \u00faltimo minuto la aprobaci\u00f3n del proyecto.<\/p>\n<p class=\"paragraph\" data-mrf-recirculation=\"Links inline\">\u201cTuvimos conversaciones con diputados sobre las modificaciones que se hicieron y nuestra posici\u00f3n. Las modificaciones concretas al RIGI son las que tenemos que mantener, porque clarifican lo que ten\u00eda que ver con productores locales, Pymes y dem\u00e1s\u201d, detall\u00f3 el jefe de Gabinete.<\/p>\n<p class=\"paragraph\" data-mrf-recirculation=\"Links inline\"><b>El Gobierno cree que la votaci\u00f3n final de la ley ser\u00e1 menos tormentosa<\/b>, ya que tendr\u00eda los acuerdos necesarios con el resto de los espacios como para insistir con los art\u00edculos que considera indispensables.<\/p>\n<p class=\"paragraph\" data-mrf-recirculation=\"Links inline\">Para el momento en el que comience el plenario de comisiones que va a debatir el asunto, el presidente Javier Milei ya estar\u00e1 de regreso en la Argentina, luego de la nueva gira internacional que realizar\u00e1 durante este fin de semana y que lo llevar\u00e1 en esta oportunidad a Espa\u00f1a, Alemania y Chequia.<\/p>\n<div class=\"visual__image\"><img loading=\"lazy\" decoding=\"async\" class=\"\" src=\"https:\/\/www.infobae.com\/new-resizer\/LCtIcEtBCrW4nYgxWS9Zb_fIods=\/420x280\/filters:format(webp):quality(85)\/cloudfront-us-east-1.images.arcpublishing.com\/infobae\/GZJRZLG4QZDKRC3WEQSNJB56BM.jpg%20420w\" sizes=\"auto, (min-width: 1560px) 856px, (min-width: 1000px) calc(74.63vw - 293px), (min-width: 780px) calc(100vw - 376px), (min-width: 580px) calc(100vw - 32px), 100vw\" srcset=\"https:\/\/www.infobae.com\/new-resizer\/LCtIcEtBCrW4nYgxWS9Zb_fIods=\/420x280\/filters:format(webp):quality(85)\/cloudfront-us-east-1.images.arcpublishing.com\/infobae\/GZJRZLG4QZDKRC3WEQSNJB56BM.jpg 420w,https:\/\/www.infobae.com\/new-resizer\/S4CvBQ7uRFWjBqwHE2Lm_0etSVU=\/768x512\/filters:format(webp):quality(85)\/cloudfront-us-east-1.images.arcpublishing.com\/infobae\/GZJRZLG4QZDKRC3WEQSNJB56BM.jpg 768w,https:\/\/www.infobae.com\/new-resizer\/eKYDn2uuzlslqPmQxZvFfkDDq9k=\/992x661\/filters:format(webp):quality(85)\/cloudfront-us-east-1.images.arcpublishing.com\/infobae\/GZJRZLG4QZDKRC3WEQSNJB56BM.jpg 992w,https:\/\/www.infobae.com\/new-resizer\/FNnkG-WVQBVyxal9lLyDZWmei_M=\/1200x800\/filters:format(webp):quality(85)\/cloudfront-us-east-1.images.arcpublishing.com\/infobae\/GZJRZLG4QZDKRC3WEQSNJB56BM.jpg 1200w,https:\/\/www.infobae.com\/new-resizer\/kysJZb65KsrpO3pyzujTxhvPtzo=\/1440x960\/filters:format(webp):quality(85)\/cloudfront-us-east-1.images.arcpublishing.com\/infobae\/GZJRZLG4QZDKRC3WEQSNJB56BM.jpg 1440w\" alt=\"Milei emprender\u00e1 una nueva gira internacional (EFE\/Denis Balibouse)\n\" width=\"3711\" height=\"2481\" data-src=\"https:\/\/www.infobae.com\/new-resizer\/LCtIcEtBCrW4nYgxWS9Zb_fIods=\/420x280\/filters:format(webp):quality(85)\/cloudfront-us-east-1.images.arcpublishing.com\/infobae\/GZJRZLG4QZDKRC3WEQSNJB56BM.jpg 420w\" \/>Milei emprender\u00e1 una nueva gira internacional (EFE\/Denis Balibouse)<\/div>\n<p class=\"paragraph\" data-mrf-recirculation=\"Links inline\">Luego de encabezar un acto por el D\u00eda de la Bandera en la ciudad de Rosario, el mandatario nacional volver\u00e1 este jueves a Buenos Aires y a las 19:00 tiene previsto partir rumbo a Madrid, la primera parada de su itinerario, donde recibir\u00e1 un premio y se encontrar\u00e1 con la m\u00e1xima autoridad local, Isabel D\u00edaz Ayuso.<\/p>\n<p class=\"paragraph\" data-mrf-recirculation=\"Links inline\">El s\u00e1bado se trasladar\u00e1 a Alemania, donde le entregar\u00e1n otro galard\u00f3n y el domingo tendr\u00e1 una reuni\u00f3n bilateral con el jefe de Estado de ese pa\u00eds,\u00a0<b>Olaf Scholz<\/b>. El lunes estar\u00e1 en Chequia, donde tambi\u00e9n se encontrar\u00e1 con su par local,\u00a0<b>Petr Pavel<\/b>, y posteriormente retornar\u00e1 a la Argentina.<\/p>\n<p class=\"paragraph\" data-mrf-recirculation=\"Links inline\">Ya nuevamente en la Casa Rosada, Milei seguir\u00e1 de cerca las \u00faltimas conversaciones por la Ley Bases y deber\u00e1 definir, entre otras cuestiones, qu\u00e9 ocurrir\u00e1 con el atrasado Pacto de Mayo, que se firmar\u00e1 una vez que el Congreso apruebe las reformas propuestas por el Gobierno.<\/p>\n<p class=\"paragraph\" data-mrf-recirculation=\"Links inline\">Aunque todav\u00eda no hay nada confirmado al respecto, algunos integrantes del oficialismo consideran que una buena fecha para realizar el acuerdo con los gobernadores ser\u00e1 el pr\u00f3ximo 9 de julio, cuando se cumplir\u00e1n 208 a\u00f1os de la Declaraci\u00f3n de la Independencia.<\/p>\n<p class=\"paragraph\" data-mrf-recirculation=\"Links inline\">Si bien la sede del evento seguir\u00eda siendo la ciudad de C\u00f3rdoba, queda determinar a\u00fan cu\u00e1les ser\u00e1n las 10 pol\u00edticas de Estado que se firmar\u00e1n, las cuales fueron anunciadas por el Presidente, pero podr\u00edan sufrir modificaciones siguiendo recomendaciones de los mandatarios provinciales, seg\u00fan reconoci\u00f3 a este medio tiempo atr\u00e1s un influyente colaborador.<\/p>\n<p class=\"paragraph\" data-mrf-recirculation=\"Links inline\">Por lo pronto, Francos recibi\u00f3 este mi\u00e9rcoles en su oficina al presidente de la C\u00e1mara de Diputados, quien lleg\u00f3 acompa\u00f1ado de su primo y subsecretario de Gesti\u00f3n Institucional,\u00a0<b>Eduardo \u201cLule\u201d Menem<\/b>, para ultimar los detalles de lo que ser\u00e1 la sesi\u00f3n en el recinto de la semana que viene, en la que el oficialismo intentar\u00e1 que se sancione su primera ley desde el inicio de gesti\u00f3n.<\/p>\n","protected":false},"excerpt":{"rendered":"<p>\u201cYa est\u00e1n los d\u00edas confirmados y la idea es tener las reformas para antes del 9 de julio, pero todo depender\u00e1 de las personas que tienen que levantar la mano para votar\u201d, explic\u00f3 a\u00a0Infobae\u00a0un importante referente del oficialismo, al referirse al futuro de la\u00a0Ley Bases\u00a0y el\u00a0Paquete Fiscal, que volvieron a la C\u00e1mara de Diputados para [&hellip;]<\/p>\n","protected":false},"author":2,"featured_media":21159,"comment_status":"closed","ping_status":"closed","sticky":false,"template":"","format":"standard","meta":{"footnotes":""},"categories":[79],"tags":[],"class_list":{"0":"post-21158","1":"post","2":"type-post","3":"status-publish","4":"format-standard","5":"has-post-thumbnail","7":"category-politica"},"_links":{"self":[{"href":"https:\/\/radiobitacora.com.ar\/web\/wp-json\/wp\/v2\/posts\/21158","targetHints":{"allow":["GET"]}}],"collection":[{"href":"https:\/\/radiobitacora.com.ar\/web\/wp-json\/wp\/v2\/posts"}],"about":[{"href":"https:\/\/radiobitacora.com.ar\/web\/wp-json\/wp\/v2\/types\/post"}],"author":[{"embeddable":true,"href":"https:\/\/radiobitacora.com.ar\/web\/wp-json\/wp\/v2\/users\/2"}],"replies":[{"embeddable":true,"href":"https:\/\/radiobitacora.com.ar\/web\/wp-json\/wp\/v2\/comments?post=21158"}],"version-history":[{"count":0,"href":"https:\/\/radiobitacora.com.ar\/web\/wp-json\/wp\/v2\/posts\/21158\/revisions"}],"wp:featuredmedia":[{"embeddable":true,"href":"https:\/\/radiobitacora.com.ar\/web\/wp-json\/wp\/v2\/media\/21159"}],"wp:attachment":[{"href":"https:\/\/radiobitacora.com.ar\/web\/wp-json\/wp\/v2\/media?parent=21158"}],"wp:term":[{"taxonomy":"category","embeddable":true,"href":"https:\/\/radiobitacora.com.ar\/web\/wp-json\/wp\/v2\/categories?post=21158"},{"taxonomy":"post_tag","embeddable":true,"href":"https:\/\/radiobitacora.com.ar\/web\/wp-json\/wp\/v2\/tags?post=21158"}],"curies":[{"name":"wp","href":"https:\/\/api.w.org\/{rel}","templated":true}]}}