{"id":21185,"date":"2024-06-24T09:13:42","date_gmt":"2024-06-24T12:13:42","guid":{"rendered":"https:\/\/radiobitacora.com.ar\/web\/?p=21185"},"modified":"2024-06-24T09:13:42","modified_gmt":"2024-06-24T12:13:42","slug":"quienes-son-los-seis-detenidos-por-la-desaparicion-de-loan-y-como-avanza-el-caso","status":"publish","type":"post","link":"https:\/\/radiobitacora.com.ar\/web\/2024\/06\/24\/quienes-son-los-seis-detenidos-por-la-desaparicion-de-loan-y-como-avanza-el-caso\/","title":{"rendered":"Qui\u00e9nes son los seis detenidos por la desaparici\u00f3n de Loan y c\u00f3mo avanza el caso"},"content":{"rendered":"<p>Seis personas est\u00e1n detenidas por la desaparici\u00f3n de Loan Danilo Pe\u00f1a en la peque\u00f1a localidad de 9 de Julio, Corrientes. Luego de 11 d\u00edas, comienza a tomar fuerza la hip\u00f3tesis de que podr\u00eda haber sido secuestrado y que el caso estar\u00eda vinculado a una posible trata de personas.<\/p>\n<p>Este lunes van a indagar en la fiscal\u00eda de Goya a los \u00faltimos tres detenidos que tuvo la causa. Sus declaraciones podr\u00edan ser clave, sobre todo si alguno se quiebra durante su testimonio y aporta alg\u00fan dato para la investigaci\u00f3n.<\/p>\n<p><strong>Estos son los detenidos por la desaparici\u00f3n de Loan Danilo Pe\u00f1a<\/strong><\/p>\n<p>Antonio Ben\u00edtez, t\u00edo de Loan, particip\u00f3 del almuerzo en la casa de la abuela del nene de 5 a\u00f1os, fue el primer arrestado. Es quien supuestamente llev\u00f3 a Loan a buscar naranjas.<\/p>\n<div class=\"container_publi\" data-tipo=\"tipo_desktop \" data-pos=\"AMP_P1_cuerpo\">\n<div class=\"gpt-load\" data-gpt=\"\/22675780113\/nota\/AMP_cuerpo_x\" data-size=\"[750,300]\"><\/div>\n<\/div>\n<p>M\u00f3nica del Carmen Millapi y su marido, Daniel \u201cFierrito\u201d Ram\u00edrez -amigos de Ben\u00edtez-, participaron del almuerzo del jueves 13 de junio y tambi\u00e9n habr\u00edan ido a recolectar naranjas con Ben\u00edtez, Loan y otros cuatro nenes.<\/p>\n<p>Tanto Ben\u00edtez, Millapi y Ram\u00edrez fueron imputados por el delito de \u201cabandono de persona\u201d porque eran los encargados de cuidarlo en el momento de la desaparici\u00f3n. Todav\u00eda siguen detenidos.<\/p>\n<p>En un giro que tuvo la investigaci\u00f3n este viernes 21 de junio, la Justicia detect\u00f3 rastros del nene de 5 a\u00f1os en dos de los tres autos que fueron peritados. Estas pruebas se realizaron sobre los veh\u00edculos de las personas que tambi\u00e9n participaron del almuerzo en donde el peque\u00f1o fue visto por \u00faltima vez.<\/p>\n<p>La funcionaria municipal Victoria Caillava, amiga Carolina, la abuela de Loan, y Carlos P\u00e9rez, su marido y exmiembro de la Armada retirado en 2017, fueron arrestados tras estas pericias. Antes de ser detenida, Caillava dijo que le \u201cplantaron ropa\u201d de Loan en su auto.<\/p>\n<div class=\"container_publi\" data-tipo=\"tipo_desktop \" data-pos=\"AMP_P2_cuerpo\">\n<div class=\"gpt-load\" data-gpt=\"\/22675780113\/nota\/AMP_cuerpo_x\" data-size=\"[750,300]\"><\/div>\n<\/div>\n<p>El \u00faltimo detenido hasta el momento es el jefe de la dependencia de 9 de Julio, Walter Maciel, el comisario que estuvo a cargo de la b\u00fasqueda desde el d\u00eda uno. Est\u00e1 acusado de encubrimiento por autorizar la salida de la localidad de Caillava y P\u00e9rez pocas horas despu\u00e9s de la desaparici\u00f3n.<\/p>\n<p>Como se mencion\u00f3 m\u00e1s arriba, estos tres \u00faltimos (Caillava, P\u00e9rez y Maciel) ser\u00e1n indagados hoy. \u201cEl comisario pate\u00f3 la pelota para ganar tiempo\u201d, indic\u00f3 Roberto M\u00e9ndez, el abogado del pap\u00e1 de Loan.<\/p>\n<p>Por su parte, Lidia, t\u00eda de Loan, tambi\u00e9n carg\u00f3 contra Maciel: \u201cSospecho de todos, me dio mucha sospecha el comisario por la forma en que actu\u00f3 porque desde un principio ped\u00ed que cerraran 9 de Julio y no lo hizo, al contrario, liber\u00f3 la zona\u201d.<\/p>\n<p>El titular de la Fiscal\u00eda Federal de primera instancia de Goya, Mariano De Guzm\u00e1n, solicit\u00f3 este domingo la colaboraci\u00f3n de la Procuradur\u00eda de Trata y Explotaci\u00f3n de Personas (PROTEX) en el marco de una investigaci\u00f3n federal abierta tras la desaparici\u00f3n de Loan.<\/p>\n<div class=\"container_publi\" data-tipo=\"tipo_desktop \" data-pos=\"AMP_P3_cuerpo\">\n<div class=\"gpt-load\" data-gpt=\"\/22675780113\/nota\/AMP_cuerpo_x\" data-size=\"[750,300]\"><\/div>\n<\/div>\n<p>De acuerdo a lo que pudo saber TN, en las pr\u00f3ximas horas la causa podr\u00eda pasar a la Justicia Federal, ya que tiene m\u00e1s recursos que la Justicia ordinaria.<\/p>\n<p><strong>Siguen los rastrillajes cerca de la casa de la abuela de Loan<\/strong><\/p>\n<p>Tras 11 d\u00edas de b\u00fasqueda, todav\u00eda siguen los rastrillajes cerca de la casa de la abuela de Loan, aunque en menor intensidad debido a que la posibilidad de que siga por la zona comienza a diluirse.<\/p>\n<p>\u201cLa Polic\u00eda lo sigue haciendo con grupos especiales y la secci\u00f3n drones. El resto que estaban colaborando se fueron\u201d, explic\u00f3 a TN el jefe de Relaciones Institucionales de la Polic\u00eda de Corrientes, el comisario mayor Sergio Aguilar. A su vez, se\u00f1al\u00f3 que de los 600 efectivos que estuvieron participando de la b\u00fasqueda en ese lugar, ahora quedan alrededor de 100.<\/p>\n<p>En tanto, el jefe de la Polic\u00eda de Corrientes, coment\u00f3 que hoy revisar\u00e1n una laguna que est\u00e1 alejada de la casa de la abuela, la cual todav\u00eda no fue inspeccionada.<\/p>\n","protected":false},"excerpt":{"rendered":"<p>Seis personas est\u00e1n detenidas por la desaparici\u00f3n de Loan Danilo Pe\u00f1a en la peque\u00f1a localidad de 9 de Julio, Corrientes. Luego de 11 d\u00edas, comienza a tomar fuerza la hip\u00f3tesis de que podr\u00eda haber sido secuestrado y que el caso estar\u00eda vinculado a una posible trata de personas. Este lunes van a indagar en la [&hellip;]<\/p>\n","protected":false},"author":2,"featured_media":21186,"comment_status":"closed","ping_status":"closed","sticky":false,"template":"","format":"standard","meta":{"footnotes":""},"categories":[72],"tags":[],"class_list":{"0":"post-21185","1":"post","2":"type-post","3":"status-publish","4":"format-standard","5":"has-post-thumbnail","7":"category-provinciales"},"_links":{"self":[{"href":"https:\/\/radiobitacora.com.ar\/web\/wp-json\/wp\/v2\/posts\/21185","targetHints":{"allow":["GET"]}}],"collection":[{"href":"https:\/\/radiobitacora.com.ar\/web\/wp-json\/wp\/v2\/posts"}],"about":[{"href":"https:\/\/radiobitacora.com.ar\/web\/wp-json\/wp\/v2\/types\/post"}],"author":[{"embeddable":true,"href":"https:\/\/radiobitacora.com.ar\/web\/wp-json\/wp\/v2\/users\/2"}],"replies":[{"embeddable":true,"href":"https:\/\/radiobitacora.com.ar\/web\/wp-json\/wp\/v2\/comments?post=21185"}],"version-history":[{"count":0,"href":"https:\/\/radiobitacora.com.ar\/web\/wp-json\/wp\/v2\/posts\/21185\/revisions"}],"wp:featuredmedia":[{"embeddable":true,"href":"https:\/\/radiobitacora.com.ar\/web\/wp-json\/wp\/v2\/media\/21186"}],"wp:attachment":[{"href":"https:\/\/radiobitacora.com.ar\/web\/wp-json\/wp\/v2\/media?parent=21185"}],"wp:term":[{"taxonomy":"category","embeddable":true,"href":"https:\/\/radiobitacora.com.ar\/web\/wp-json\/wp\/v2\/categories?post=21185"},{"taxonomy":"post_tag","embeddable":true,"href":"https:\/\/radiobitacora.com.ar\/web\/wp-json\/wp\/v2\/tags?post=21185"}],"curies":[{"name":"wp","href":"https:\/\/api.w.org\/{rel}","templated":true}]}}