{"id":21200,"date":"2024-06-25T08:24:39","date_gmt":"2024-06-25T11:24:39","guid":{"rendered":"https:\/\/radiobitacora.com.ar\/web\/?p=21200"},"modified":"2024-06-25T08:24:39","modified_gmt":"2024-06-25T11:24:39","slug":"continua-la-fundamental-obra-de-reconstruccion-del-pavimento","status":"publish","type":"post","link":"https:\/\/radiobitacora.com.ar\/web\/2024\/06\/25\/continua-la-fundamental-obra-de-reconstruccion-del-pavimento\/","title":{"rendered":"CONTIN\u00daA LA FUNDAMENTAL OBRA DE RECONSTRUCCI\u00d3N DEL PAVIMENTO"},"content":{"rendered":"<p>&nbsp;<\/p>\n<h3><strong>La municipalidad avanza con los trabajos que viene realizando en calle 25 de Mayo; en la continuidad de esta trascendental y fundamental obra se viene accionando en el saneamiento del suelo de esa arteria de la ciudad.<\/strong><\/h3>\n<p>La intervenci\u00f3n consiste en el saneamiento de la base y el recambio del suelo a hormig\u00f3n armado, consolidando el sector donde se proceder\u00e1 al volcado de la capa asf\u00e1ltica. Pensado en una durabilidad a futuro, ser\u00e1 precisamente en hormig\u00f3n armado.<\/p>\n<p>Los trabajos proseguir\u00e1n durante la semana, indicando desde la cartera de obras p\u00fablicas que se vienen ejecutando a buen ritmo las correspondientes acciones.<\/p>\n<p><img loading=\"lazy\" decoding=\"async\" class=\"alignnone size-medium wp-image-61516 entered lazyloaded\" src=\"https:\/\/883radiociudad.gob.ar\/wp-content\/uploads\/2024\/06\/calle-25-de-mayo-continuan-obras-5-1-169x300.jpg.webp\" sizes=\"auto, (max-width: 169px) 100vw, 169px\" srcset=\"https:\/\/883radiociudad.gob.ar\/wp-content\/uploads\/2024\/06\/calle-25-de-mayo-continuan-obras-5-1-169x300.jpg.webp 169w, https:\/\/883radiociudad.gob.ar\/wp-content\/uploads\/2024\/06\/calle-25-de-mayo-continuan-obras-5-1-576x1024.jpg.webp 576w, https:\/\/883radiociudad.gob.ar\/wp-content\/uploads\/2024\/06\/calle-25-de-mayo-continuan-obras-5-1-768x1365.jpg.webp 768w, https:\/\/883radiociudad.gob.ar\/wp-content\/uploads\/2024\/06\/calle-25-de-mayo-continuan-obras-5-1-864x1536.jpg.webp 864w, https:\/\/883radiociudad.gob.ar\/wp-content\/uploads\/2024\/06\/calle-25-de-mayo-continuan-obras-5-1.jpg.webp 900w\" alt=\"\" width=\"169\" height=\"300\" data-lazy-srcset=\"https:\/\/883radiociudad.gob.ar\/wp-content\/uploads\/2024\/06\/calle-25-de-mayo-continuan-obras-5-1-169x300.jpg.webp 169w, https:\/\/883radiociudad.gob.ar\/wp-content\/uploads\/2024\/06\/calle-25-de-mayo-continuan-obras-5-1-576x1024.jpg.webp 576w, https:\/\/883radiociudad.gob.ar\/wp-content\/uploads\/2024\/06\/calle-25-de-mayo-continuan-obras-5-1-768x1365.jpg.webp 768w, https:\/\/883radiociudad.gob.ar\/wp-content\/uploads\/2024\/06\/calle-25-de-mayo-continuan-obras-5-1-864x1536.jpg.webp 864w, https:\/\/883radiociudad.gob.ar\/wp-content\/uploads\/2024\/06\/calle-25-de-mayo-continuan-obras-5-1.jpg.webp 900w\" data-lazy-sizes=\"(max-width: 169px) 100vw, 169px\" data-lazy-src=\"https:\/\/883radiociudad.gob.ar\/wp-content\/uploads\/2024\/06\/calle-25-de-mayo-continuan-obras-5-1-169x300.jpg.webp\" data-lazy-src-webp=\"https:\/\/883radiociudad.gob.ar\/wp-content\/uploads\/2024\/06\/calle-25-de-mayo-continuan-obras-5-1-169x300.jpg.webp\" data-lazy-srcset-webp=\"https:\/\/883radiociudad.gob.ar\/wp-content\/uploads\/2024\/06\/calle-25-de-mayo-continuan-obras-5-1-169x300.jpg.webp 169w, https:\/\/883radiociudad.gob.ar\/wp-content\/uploads\/2024\/06\/calle-25-de-mayo-continuan-obras-5-1-576x1024.jpg.webp 576w, https:\/\/883radiociudad.gob.ar\/wp-content\/uploads\/2024\/06\/calle-25-de-mayo-continuan-obras-5-1-768x1365.jpg.webp 768w, https:\/\/883radiociudad.gob.ar\/wp-content\/uploads\/2024\/06\/calle-25-de-mayo-continuan-obras-5-1-864x1536.jpg.webp 864w, https:\/\/883radiociudad.gob.ar\/wp-content\/uploads\/2024\/06\/calle-25-de-mayo-continuan-obras-5-1.jpg.webp 900w\" data-ll-status=\"loaded\" \/>\u00a0<img loading=\"lazy\" decoding=\"async\" class=\"alignnone size-medium wp-image-61515 entered lazyloaded\" src=\"https:\/\/883radiociudad.gob.ar\/wp-content\/uploads\/2024\/06\/calle-25-de-mayo-continuan-obras-2-169x300.jpg.webp\" sizes=\"auto, (max-width: 169px) 100vw, 169px\" srcset=\"https:\/\/883radiociudad.gob.ar\/wp-content\/uploads\/2024\/06\/calle-25-de-mayo-continuan-obras-2-169x300.jpg.webp 169w, https:\/\/883radiociudad.gob.ar\/wp-content\/uploads\/2024\/06\/calle-25-de-mayo-continuan-obras-2-576x1024.jpg.webp 576w, https:\/\/883radiociudad.gob.ar\/wp-content\/uploads\/2024\/06\/calle-25-de-mayo-continuan-obras-2-768x1365.jpg.webp 768w, https:\/\/883radiociudad.gob.ar\/wp-content\/uploads\/2024\/06\/calle-25-de-mayo-continuan-obras-2-864x1536.jpg.webp 864w, https:\/\/883radiociudad.gob.ar\/wp-content\/uploads\/2024\/06\/calle-25-de-mayo-continuan-obras-2.jpg.webp 900w\" alt=\"\" width=\"169\" height=\"300\" data-lazy-srcset=\"https:\/\/883radiociudad.gob.ar\/wp-content\/uploads\/2024\/06\/calle-25-de-mayo-continuan-obras-2-169x300.jpg.webp 169w, https:\/\/883radiociudad.gob.ar\/wp-content\/uploads\/2024\/06\/calle-25-de-mayo-continuan-obras-2-576x1024.jpg.webp 576w, https:\/\/883radiociudad.gob.ar\/wp-content\/uploads\/2024\/06\/calle-25-de-mayo-continuan-obras-2-768x1365.jpg.webp 768w, https:\/\/883radiociudad.gob.ar\/wp-content\/uploads\/2024\/06\/calle-25-de-mayo-continuan-obras-2-864x1536.jpg.webp 864w, https:\/\/883radiociudad.gob.ar\/wp-content\/uploads\/2024\/06\/calle-25-de-mayo-continuan-obras-2.jpg.webp 900w\" data-lazy-sizes=\"(max-width: 169px) 100vw, 169px\" data-lazy-src=\"https:\/\/883radiociudad.gob.ar\/wp-content\/uploads\/2024\/06\/calle-25-de-mayo-continuan-obras-2-169x300.jpg.webp\" data-lazy-src-webp=\"https:\/\/883radiociudad.gob.ar\/wp-content\/uploads\/2024\/06\/calle-25-de-mayo-continuan-obras-2-169x300.jpg.webp\" data-lazy-srcset-webp=\"https:\/\/883radiociudad.gob.ar\/wp-content\/uploads\/2024\/06\/calle-25-de-mayo-continuan-obras-2-169x300.jpg.webp 169w, https:\/\/883radiociudad.gob.ar\/wp-content\/uploads\/2024\/06\/calle-25-de-mayo-continuan-obras-2-576x1024.jpg.webp 576w, https:\/\/883radiociudad.gob.ar\/wp-content\/uploads\/2024\/06\/calle-25-de-mayo-continuan-obras-2-768x1365.jpg.webp 768w, https:\/\/883radiociudad.gob.ar\/wp-content\/uploads\/2024\/06\/calle-25-de-mayo-continuan-obras-2-864x1536.jpg.webp 864w, https:\/\/883radiociudad.gob.ar\/wp-content\/uploads\/2024\/06\/calle-25-de-mayo-continuan-obras-2.jpg.webp 900w\" data-ll-status=\"loaded\" \/>\u00a0<img loading=\"lazy\" decoding=\"async\" class=\"size-medium wp-image-61509 alignright entered lazyloaded\" src=\"https:\/\/883radiociudad.gob.ar\/wp-content\/uploads\/2024\/06\/calle-25-de-mayo-continuan-obras-5-169x300.jpg.webp\" sizes=\"auto, (max-width: 169px) 100vw, 169px\" srcset=\"https:\/\/883radiociudad.gob.ar\/wp-content\/uploads\/2024\/06\/calle-25-de-mayo-continuan-obras-5-169x300.jpg.webp 169w, https:\/\/883radiociudad.gob.ar\/wp-content\/uploads\/2024\/06\/calle-25-de-mayo-continuan-obras-5-576x1024.jpg.webp 576w, https:\/\/883radiociudad.gob.ar\/wp-content\/uploads\/2024\/06\/calle-25-de-mayo-continuan-obras-5-768x1365.jpg.webp 768w, https:\/\/883radiociudad.gob.ar\/wp-content\/uploads\/2024\/06\/calle-25-de-mayo-continuan-obras-5-864x1536.jpg.webp 864w, https:\/\/883radiociudad.gob.ar\/wp-content\/uploads\/2024\/06\/calle-25-de-mayo-continuan-obras-5.jpg.webp 900w\" alt=\"\" width=\"169\" height=\"300\" data-lazy-srcset=\"https:\/\/883radiociudad.gob.ar\/wp-content\/uploads\/2024\/06\/calle-25-de-mayo-continuan-obras-5-169x300.jpg.webp 169w, https:\/\/883radiociudad.gob.ar\/wp-content\/uploads\/2024\/06\/calle-25-de-mayo-continuan-obras-5-576x1024.jpg.webp 576w, https:\/\/883radiociudad.gob.ar\/wp-content\/uploads\/2024\/06\/calle-25-de-mayo-continuan-obras-5-768x1365.jpg.webp 768w, https:\/\/883radiociudad.gob.ar\/wp-content\/uploads\/2024\/06\/calle-25-de-mayo-continuan-obras-5-864x1536.jpg.webp 864w, https:\/\/883radiociudad.gob.ar\/wp-content\/uploads\/2024\/06\/calle-25-de-mayo-continuan-obras-5.jpg.webp 900w\" data-lazy-sizes=\"(max-width: 169px) 100vw, 169px\" data-lazy-src=\"https:\/\/883radiociudad.gob.ar\/wp-content\/uploads\/2024\/06\/calle-25-de-mayo-continuan-obras-5-169x300.jpg.webp\" data-lazy-src-webp=\"https:\/\/883radiociudad.gob.ar\/wp-content\/uploads\/2024\/06\/calle-25-de-mayo-continuan-obras-5-169x300.jpg.webp\" data-lazy-srcset-webp=\"https:\/\/883radiociudad.gob.ar\/wp-content\/uploads\/2024\/06\/calle-25-de-mayo-continuan-obras-5-169x300.jpg.webp 169w, https:\/\/883radiociudad.gob.ar\/wp-content\/uploads\/2024\/06\/calle-25-de-mayo-continuan-obras-5-576x1024.jpg.webp 576w, https:\/\/883radiociudad.gob.ar\/wp-content\/uploads\/2024\/06\/calle-25-de-mayo-continuan-obras-5-768x1365.jpg.webp 768w, https:\/\/883radiociudad.gob.ar\/wp-content\/uploads\/2024\/06\/calle-25-de-mayo-continuan-obras-5-864x1536.jpg.webp 864w, https:\/\/883radiociudad.gob.ar\/wp-content\/uploads\/2024\/06\/calle-25-de-mayo-continuan-obras-5.jpg.webp 900w\" data-ll-status=\"loaded\" \/><img loading=\"lazy\" decoding=\"async\" class=\"size-medium wp-image-61510 alignright entered lazyloaded\" src=\"https:\/\/883radiociudad.gob.ar\/wp-content\/uploads\/2024\/06\/calle-25-de-mayo-continuan-obras-1-169x300.jpg.webp\" sizes=\"auto, (max-width: 169px) 100vw, 169px\" srcset=\"https:\/\/883radiociudad.gob.ar\/wp-content\/uploads\/2024\/06\/calle-25-de-mayo-continuan-obras-1-169x300.jpg.webp 169w, https:\/\/883radiociudad.gob.ar\/wp-content\/uploads\/2024\/06\/calle-25-de-mayo-continuan-obras-1-576x1024.jpg.webp 576w, https:\/\/883radiociudad.gob.ar\/wp-content\/uploads\/2024\/06\/calle-25-de-mayo-continuan-obras-1-768x1365.jpg.webp 768w, https:\/\/883radiociudad.gob.ar\/wp-content\/uploads\/2024\/06\/calle-25-de-mayo-continuan-obras-1-864x1536.jpg.webp 864w, https:\/\/883radiociudad.gob.ar\/wp-content\/uploads\/2024\/06\/calle-25-de-mayo-continuan-obras-1.jpg.webp 900w\" alt=\"\" width=\"169\" height=\"300\" data-lazy-srcset=\"https:\/\/883radiociudad.gob.ar\/wp-content\/uploads\/2024\/06\/calle-25-de-mayo-continuan-obras-1-169x300.jpg.webp 169w, https:\/\/883radiociudad.gob.ar\/wp-content\/uploads\/2024\/06\/calle-25-de-mayo-continuan-obras-1-576x1024.jpg.webp 576w, https:\/\/883radiociudad.gob.ar\/wp-content\/uploads\/2024\/06\/calle-25-de-mayo-continuan-obras-1-768x1365.jpg.webp 768w, https:\/\/883radiociudad.gob.ar\/wp-content\/uploads\/2024\/06\/calle-25-de-mayo-continuan-obras-1-864x1536.jpg.webp 864w, https:\/\/883radiociudad.gob.ar\/wp-content\/uploads\/2024\/06\/calle-25-de-mayo-continuan-obras-1.jpg.webp 900w\" data-lazy-sizes=\"(max-width: 169px) 100vw, 169px\" data-lazy-src=\"https:\/\/883radiociudad.gob.ar\/wp-content\/uploads\/2024\/06\/calle-25-de-mayo-continuan-obras-1-169x300.jpg.webp\" data-lazy-src-webp=\"https:\/\/883radiociudad.gob.ar\/wp-content\/uploads\/2024\/06\/calle-25-de-mayo-continuan-obras-1-169x300.jpg.webp\" data-lazy-srcset-webp=\"https:\/\/883radiociudad.gob.ar\/wp-content\/uploads\/2024\/06\/calle-25-de-mayo-continuan-obras-1-169x300.jpg.webp 169w, https:\/\/883radiociudad.gob.ar\/wp-content\/uploads\/2024\/06\/calle-25-de-mayo-continuan-obras-1-576x1024.jpg.webp 576w, https:\/\/883radiociudad.gob.ar\/wp-content\/uploads\/2024\/06\/calle-25-de-mayo-continuan-obras-1-768x1365.jpg.webp 768w, https:\/\/883radiociudad.gob.ar\/wp-content\/uploads\/2024\/06\/calle-25-de-mayo-continuan-obras-1-864x1536.jpg.webp 864w, https:\/\/883radiociudad.gob.ar\/wp-content\/uploads\/2024\/06\/calle-25-de-mayo-continuan-obras-1.jpg.webp 900w\" data-ll-status=\"loaded\" \/><\/p>\n<p>utando a buen ritmo las correspondientes acciones.<\/p>\n","protected":false},"excerpt":{"rendered":"<p>&nbsp; La municipalidad avanza con los trabajos que viene realizando en calle 25 de Mayo; en la continuidad de esta trascendental y fundamental obra se viene accionando en el saneamiento del suelo de esa arteria de la ciudad. La intervenci\u00f3n consiste en el saneamiento de la base y el recambio del suelo a hormig\u00f3n armado, [&hellip;]<\/p>\n","protected":false},"author":2,"featured_media":21201,"comment_status":"closed","ping_status":"closed","sticky":false,"template":"","format":"standard","meta":{"footnotes":""},"categories":[56],"tags":[],"class_list":{"0":"post-21200","1":"post","2":"type-post","3":"status-publish","4":"format-standard","5":"has-post-thumbnail","7":"category-locales"},"_links":{"self":[{"href":"https:\/\/radiobitacora.com.ar\/web\/wp-json\/wp\/v2\/posts\/21200","targetHints":{"allow":["GET"]}}],"collection":[{"href":"https:\/\/radiobitacora.com.ar\/web\/wp-json\/wp\/v2\/posts"}],"about":[{"href":"https:\/\/radiobitacora.com.ar\/web\/wp-json\/wp\/v2\/types\/post"}],"author":[{"embeddable":true,"href":"https:\/\/radiobitacora.com.ar\/web\/wp-json\/wp\/v2\/users\/2"}],"replies":[{"embeddable":true,"href":"https:\/\/radiobitacora.com.ar\/web\/wp-json\/wp\/v2\/comments?post=21200"}],"version-history":[{"count":0,"href":"https:\/\/radiobitacora.com.ar\/web\/wp-json\/wp\/v2\/posts\/21200\/revisions"}],"wp:featuredmedia":[{"embeddable":true,"href":"https:\/\/radiobitacora.com.ar\/web\/wp-json\/wp\/v2\/media\/21201"}],"wp:attachment":[{"href":"https:\/\/radiobitacora.com.ar\/web\/wp-json\/wp\/v2\/media?parent=21200"}],"wp:term":[{"taxonomy":"category","embeddable":true,"href":"https:\/\/radiobitacora.com.ar\/web\/wp-json\/wp\/v2\/categories?post=21200"},{"taxonomy":"post_tag","embeddable":true,"href":"https:\/\/radiobitacora.com.ar\/web\/wp-json\/wp\/v2\/tags?post=21200"}],"curies":[{"name":"wp","href":"https:\/\/api.w.org\/{rel}","templated":true}]}}