{"id":21203,"date":"2024-06-25T08:28:16","date_gmt":"2024-06-25T11:28:16","guid":{"rendered":"https:\/\/radiobitacora.com.ar\/web\/?p=21203"},"modified":"2024-06-25T08:28:16","modified_gmt":"2024-06-25T11:28:16","slug":"feria-del-libro-goya-una-pasion-por-descubrir","status":"publish","type":"post","link":"https:\/\/radiobitacora.com.ar\/web\/2024\/06\/25\/feria-del-libro-goya-una-pasion-por-descubrir\/","title":{"rendered":"FERIA DEL LIBRO: GOYA, UNA PASI\u00d3N POR DESCUBRIR"},"content":{"rendered":"<h3><strong>Presentaci\u00f3n del evento cultural, literario y tur\u00edstico de Goya; considerado por todos como el m\u00e1s grande de la Industria de la cultura y el libro.<\/strong><\/h3>\n<p>La conferencia de presentaci\u00f3n de la VI Feria del Libro presidi\u00f3 el intendente Mariano Hormaechea junto a la secretaria de Educaci\u00f3n Sonia Espina y el secretario de Turismo Sebasti\u00e1n Candia de Biasio, adem\u00e1s del titular de la Librer\u00eda de la Paz Rub\u00e9n Bisceglia, el presidente de la SADE Goya Felipe Farqhuarson, y en representaci\u00f3n del grupo Cultura en Acci\u00f3n, Gladys N\u00fa\u00f1ez. Asimismo acompa\u00f1aron la vicepresidente 2\u00ba del HCD concejal Vivian Merlo, el titular del PAMI Goya Roque Zabala, funcionarios provinciales, municipales, concejales, integrantes de las asociaciones culturales Sanmartiniana y Belgraniana, centro terap\u00e9utico Los Meridianos, y miembros de las bibliotecas populares.<img loading=\"lazy\" decoding=\"async\" class=\"size-medium wp-image-61523 alignright entered lazyloaded\" src=\"https:\/\/883radiociudad.gob.ar\/wp-content\/uploads\/2024\/06\/conferencia-prensa-del-libro-3-300x200.jpg.webp\" sizes=\"auto, (max-width: 300px) 100vw, 300px\" srcset=\"https:\/\/883radiociudad.gob.ar\/wp-content\/uploads\/2024\/06\/conferencia-prensa-del-libro-3-300x200.jpg.webp 300w, https:\/\/883radiociudad.gob.ar\/wp-content\/uploads\/2024\/06\/conferencia-prensa-del-libro-3-1024x682.jpg.webp 1024w, https:\/\/883radiociudad.gob.ar\/wp-content\/uploads\/2024\/06\/conferencia-prensa-del-libro-3-768x512.jpg.webp 768w, https:\/\/883radiociudad.gob.ar\/wp-content\/uploads\/2024\/06\/conferencia-prensa-del-libro-3-1536x1023.jpg.webp 1536w, https:\/\/883radiociudad.gob.ar\/wp-content\/uploads\/2024\/06\/conferencia-prensa-del-libro-3.jpg.webp 1600w\" alt=\"\" width=\"300\" height=\"200\" data-lazy-srcset=\"https:\/\/883radiociudad.gob.ar\/wp-content\/uploads\/2024\/06\/conferencia-prensa-del-libro-3-300x200.jpg.webp 300w, https:\/\/883radiociudad.gob.ar\/wp-content\/uploads\/2024\/06\/conferencia-prensa-del-libro-3-1024x682.jpg.webp 1024w, https:\/\/883radiociudad.gob.ar\/wp-content\/uploads\/2024\/06\/conferencia-prensa-del-libro-3-768x512.jpg.webp 768w, https:\/\/883radiociudad.gob.ar\/wp-content\/uploads\/2024\/06\/conferencia-prensa-del-libro-3-1536x1023.jpg.webp 1536w, https:\/\/883radiociudad.gob.ar\/wp-content\/uploads\/2024\/06\/conferencia-prensa-del-libro-3.jpg.webp 1600w\" data-lazy-sizes=\"(max-width: 300px) 100vw, 300px\" data-lazy-src=\"https:\/\/883radiociudad.gob.ar\/wp-content\/uploads\/2024\/06\/conferencia-prensa-del-libro-3-300x200.jpg.webp\" data-lazy-src-webp=\"https:\/\/883radiociudad.gob.ar\/wp-content\/uploads\/2024\/06\/conferencia-prensa-del-libro-3-300x200.jpg.webp\" data-lazy-srcset-webp=\"https:\/\/883radiociudad.gob.ar\/wp-content\/uploads\/2024\/06\/conferencia-prensa-del-libro-3-300x200.jpg.webp 300w, https:\/\/883radiociudad.gob.ar\/wp-content\/uploads\/2024\/06\/conferencia-prensa-del-libro-3-1024x682.jpg.webp 1024w, https:\/\/883radiociudad.gob.ar\/wp-content\/uploads\/2024\/06\/conferencia-prensa-del-libro-3-768x512.jpg.webp 768w, https:\/\/883radiociudad.gob.ar\/wp-content\/uploads\/2024\/06\/conferencia-prensa-del-libro-3-1536x1023.jpg.webp 1536w, https:\/\/883radiociudad.gob.ar\/wp-content\/uploads\/2024\/06\/conferencia-prensa-del-libro-3.jpg.webp 1600w\" data-ll-status=\"loaded\" \/><\/p>\n<p>El objetivo es superar las ediciones anteriores.<\/p>\n<p><strong>GLADYS NU\u00d1EZ<\/strong><\/p>\n<p>En representaci\u00f3n del Grupo Cultura en Acci\u00f3n, Gladys N\u00fa\u00f1ez, rese\u00f1\u00f3 la conformaci\u00f3n de este grupo de trabajo integrado por las Bibliotecas Populares, \u201cy este a\u00f1o se suma el Centro Terap\u00e9utico Los Meridianos junto a las asociaciones Sanmartiniana Goya y Belgraniana de nuestra ciudad; con el objetivo de dar espacio a los autores locales y regionales en esta Feria del Libro para que escritores y lectores tengan la experiencia del v\u00ednculo a trav\u00e9s de charlas, disertaciones, talleres, presentaci\u00f3n de obras y visitas que marcar\u00e1n esta din\u00e1mica que nos hemos establecido para la presente edici\u00f3n de la feria del libro\u201d.<\/p>\n<p><strong>FELIPE FARQHUARSON<\/strong><\/p>\n<p>El presidente de la SADE Goya Felipe Farqhuarson hizo una s\u00edntesis de la propuesta e iniciativa de participaci\u00f3n de los autores para \u201cexperimentar el mundo fascinante de la lectura y el descubrimiento de la pasi\u00f3n que ha motivado a ese escritor a exponer vivencias, con un lineamiento a futuro muy particular\u201d.<\/p>\n<p>\u201cHoy esta feria est\u00e1 considerada como el gran evento en materia cultural de la regi\u00f3n sur de la provincia, sin olvidar a esa primera convocatoria realizada por Daniel Lesteime, a la gesti\u00f3n del entonces intendente (Bassi), buscando generar una pol\u00edtica de estado sobre esta cuesti\u00f3n cultural y literaria, dimensionada en este valor por la actual administraci\u00f3n municipal. Esto es lo que celebramos, poner en conocimiento a las figuras de la cultura, la pol\u00edtica, la sociedad\u2026, y el reconocimiento al enorme trabajo de las mujeres, desde Do\u00f1a Goya, Marta Elgul, por mencionar y revalorizar el trabajo de algunas de las tantas mujeres goyanas. Gracias, a disfrutar del evento\u201d, invit\u00f3.<\/p>\n<p><strong>RUB\u00c9N BISCEGLIA<\/strong><\/p>\n<p>El titular de \u201cLibrer\u00eda de la Paz\u201d Rub\u00e9n Bisceglia destac\u00f3 el trabajo y la decisi\u00f3n del Municipio, del intendente Mariano Hormaechea, de la secretaria de Educaci\u00f3n, para este encuentro literario.<\/p>\n<p>\u201cEst\u00e1 en marcha la 6\u00aa Edici\u00f3n de la Feria del Libro con una posibilidad de apoyar el porvenir de la cultura, el turismo, la industria del libro, as\u00ed la hemos presentado en la Feria del Libro en Buenos Aires. Con el apoyo del estado y la librer\u00eda hemos hecho un convenio para la edici\u00f3n de las obras de nuestros autores, con la inversi\u00f3n necesaria desde nuestro sector y la Municipalidad de Goya, ratificando este compromiso de ofertas que permitan acceder a la literatura, sobre todo en el rubro infantil, pues es importante que los ni\u00f1os lean. Muchas veces el desarrollo cognitivo est\u00e1 relacionado a la felicidad en el acceso al libro, por eso valoro la presencia del estado para que nuestra ni\u00f1ez pueda tener esa posibilidad de experimentar\u201d.<\/p>\n<p>\u201cEs la feria m\u00e1s importante de la regi\u00f3n, que Goya sea generadora de contenido es una celebraci\u00f3n\u201d.<\/p>\n<p>De cara a la 6ta edici\u00f3n, dej\u00f3 finalmente el saludo y las felicitaciones \u201ca este gran equipo que hemos conformado\u201d.<\/p>\n<p><strong>SECRETARIO DE TURISMO SEBASTI\u00c1N CANDIA<\/strong><\/p>\n<p>El secretario de Turismo Sebasti\u00e1n Candia De Biasio ponder\u00f3 la evoluci\u00f3n de esta feria, notando un gran avance y coincidiendo en que es la m\u00e1s grande de la regi\u00f3n.<\/p>\n<p>\u201cEl goyano ha aprendido a hacer grandes eventos. Esta feria tiene diversos puntos de atracci\u00f3n adem\u00e1s del libro, los eventos, la grilla y la gratuidad del acceso. Nosotros trabajaremos para ofrecer los atractivos de nuestra ciudad, la historia y el protagonismo de las mujeres, pues para difundir, proyectar, debemos conocer nuestra historia. Por ello, invito a todos los goyanos a que vivan, experimenten la feria\u201d.<img loading=\"lazy\" decoding=\"async\" class=\"size-medium wp-image-61525 alignright entered lazyloaded\" src=\"https:\/\/883radiociudad.gob.ar\/wp-content\/uploads\/2024\/06\/conferencia-prensa-del-libro-6-300x200.jpg.webp\" sizes=\"auto, (max-width: 300px) 100vw, 300px\" srcset=\"https:\/\/883radiociudad.gob.ar\/wp-content\/uploads\/2024\/06\/conferencia-prensa-del-libro-6-300x200.jpg.webp 300w, https:\/\/883radiociudad.gob.ar\/wp-content\/uploads\/2024\/06\/conferencia-prensa-del-libro-6-1024x682.jpg.webp 1024w, https:\/\/883radiociudad.gob.ar\/wp-content\/uploads\/2024\/06\/conferencia-prensa-del-libro-6-768x512.jpg.webp 768w, https:\/\/883radiociudad.gob.ar\/wp-content\/uploads\/2024\/06\/conferencia-prensa-del-libro-6-1536x1023.jpg.webp 1536w, https:\/\/883radiociudad.gob.ar\/wp-content\/uploads\/2024\/06\/conferencia-prensa-del-libro-6.jpg.webp 1600w\" alt=\"\" width=\"300\" height=\"200\" data-lazy-srcset=\"https:\/\/883radiociudad.gob.ar\/wp-content\/uploads\/2024\/06\/conferencia-prensa-del-libro-6-300x200.jpg.webp 300w, https:\/\/883radiociudad.gob.ar\/wp-content\/uploads\/2024\/06\/conferencia-prensa-del-libro-6-1024x682.jpg.webp 1024w, https:\/\/883radiociudad.gob.ar\/wp-content\/uploads\/2024\/06\/conferencia-prensa-del-libro-6-768x512.jpg.webp 768w, https:\/\/883radiociudad.gob.ar\/wp-content\/uploads\/2024\/06\/conferencia-prensa-del-libro-6-1536x1023.jpg.webp 1536w, https:\/\/883radiociudad.gob.ar\/wp-content\/uploads\/2024\/06\/conferencia-prensa-del-libro-6.jpg.webp 1600w\" data-lazy-sizes=\"(max-width: 300px) 100vw, 300px\" data-lazy-src=\"https:\/\/883radiociudad.gob.ar\/wp-content\/uploads\/2024\/06\/conferencia-prensa-del-libro-6-300x200.jpg.webp\" data-lazy-src-webp=\"https:\/\/883radiociudad.gob.ar\/wp-content\/uploads\/2024\/06\/conferencia-prensa-del-libro-6-300x200.jpg.webp\" data-lazy-srcset-webp=\"https:\/\/883radiociudad.gob.ar\/wp-content\/uploads\/2024\/06\/conferencia-prensa-del-libro-6-300x200.jpg.webp 300w, https:\/\/883radiociudad.gob.ar\/wp-content\/uploads\/2024\/06\/conferencia-prensa-del-libro-6-1024x682.jpg.webp 1024w, https:\/\/883radiociudad.gob.ar\/wp-content\/uploads\/2024\/06\/conferencia-prensa-del-libro-6-768x512.jpg.webp 768w, https:\/\/883radiociudad.gob.ar\/wp-content\/uploads\/2024\/06\/conferencia-prensa-del-libro-6-1536x1023.jpg.webp 1536w, https:\/\/883radiociudad.gob.ar\/wp-content\/uploads\/2024\/06\/conferencia-prensa-del-libro-6.jpg.webp 1600w\" data-ll-status=\"loaded\" \/><\/p>\n<p>Finalmente expres\u00f3: \u201cfelicito personalmente a Sonia Espina por la coordinaci\u00f3n, el trabajo en equipo; celebro estar aqu\u00ed, y estoy seguro que no ser\u00e1 una jornada m\u00e1s, los invito a participar\u201d.<\/p>\n<p><strong>SECRETARIA DE EDUCACI\u00d3N SONIA ESPINA<\/strong><\/p>\n<p>La secretaria de Educaci\u00f3n Sonia Espina se encarg\u00f3 de adelantar parte de la grilla que conformar\u00e1 este encuentro a realizarse del 5 al 14 de julio en el Multiespacio Ferial Costa Surub\u00ed.<\/p>\n<p>\u201cEstamos presentando la 6\u00aa edici\u00f3n de nuestra feria del libro, que se ha convertido en una gran fiesta de la cultura. Es as\u00ed que felicito al intendente Mariano Hormaechea por la decisi\u00f3n pol\u00edtica de poner en este encuentro el acento a la historia, cultura y turismo de Goya. Es la oportunidad de descubrir la pasi\u00f3n por la ciudad\u201d.<\/p>\n<p>Tambi\u00e9n anticip\u00f3 que se suma otra editorial y que encontraremos un multiespacio ferial renovado, \u201corientado a nuestra identidad\u201d, con cambios y 3 auditorios \u201cpara que act\u00faen simult\u00e1neamente desde las 8 hasta las 20 horas, m\u00e1s de 150 propuestas culturales diversas\u201d.<\/p>\n<p>Esta feria buscar\u00e1, adem\u00e1s de la educaci\u00f3n y el turismo, establecer el compromiso de reflexionar en torno a la educaci\u00f3n vial, ambiental, y la prevenci\u00f3n.<\/p>\n<p>En relaci\u00f3n a la grilla, se destaca:<\/p>\n<p>Fundaci\u00f3n Madres del Dolor (Silvia Irigaray).<\/p>\n<p>Fernando Pieroni, hablar\u00e1 sobre \u201cseamos m\u00e1s animales y menos humanos\u201d.<\/p>\n<p>Ley Micaela, con Julieta Prandi y su experiencia personal de violencia f\u00edsica y psicol\u00f3gica presentada en su libro \u201cYo tendr\u00eda que estar muerta\u201d.<\/p>\n<p>Nicol\u00e1s Cayetano con su obra: \u201cNo va m\u00e1s\u2026\u201d, la cual narra la experiencia del juego online y las p\u00e9rdidas que ocasiona.<img loading=\"lazy\" decoding=\"async\" class=\"size-medium wp-image-61522 alignright entered lazyloaded\" src=\"https:\/\/883radiociudad.gob.ar\/wp-content\/uploads\/2024\/06\/conferencia-prensa-del-libro-8-300x200.jpg.webp\" sizes=\"auto, (max-width: 300px) 100vw, 300px\" srcset=\"https:\/\/883radiociudad.gob.ar\/wp-content\/uploads\/2024\/06\/conferencia-prensa-del-libro-8-300x200.jpg.webp 300w, https:\/\/883radiociudad.gob.ar\/wp-content\/uploads\/2024\/06\/conferencia-prensa-del-libro-8-1024x682.jpg.webp 1024w, https:\/\/883radiociudad.gob.ar\/wp-content\/uploads\/2024\/06\/conferencia-prensa-del-libro-8-768x512.jpg.webp 768w, https:\/\/883radiociudad.gob.ar\/wp-content\/uploads\/2024\/06\/conferencia-prensa-del-libro-8-1536x1023.jpg.webp 1536w, https:\/\/883radiociudad.gob.ar\/wp-content\/uploads\/2024\/06\/conferencia-prensa-del-libro-8.jpg.webp 1600w\" alt=\"\" width=\"300\" height=\"200\" data-lazy-srcset=\"https:\/\/883radiociudad.gob.ar\/wp-content\/uploads\/2024\/06\/conferencia-prensa-del-libro-8-300x200.jpg.webp 300w, https:\/\/883radiociudad.gob.ar\/wp-content\/uploads\/2024\/06\/conferencia-prensa-del-libro-8-1024x682.jpg.webp 1024w, https:\/\/883radiociudad.gob.ar\/wp-content\/uploads\/2024\/06\/conferencia-prensa-del-libro-8-768x512.jpg.webp 768w, https:\/\/883radiociudad.gob.ar\/wp-content\/uploads\/2024\/06\/conferencia-prensa-del-libro-8-1536x1023.jpg.webp 1536w, https:\/\/883radiociudad.gob.ar\/wp-content\/uploads\/2024\/06\/conferencia-prensa-del-libro-8.jpg.webp 1600w\" data-lazy-sizes=\"(max-width: 300px) 100vw, 300px\" data-lazy-src=\"https:\/\/883radiociudad.gob.ar\/wp-content\/uploads\/2024\/06\/conferencia-prensa-del-libro-8-300x200.jpg.webp\" data-lazy-src-webp=\"https:\/\/883radiociudad.gob.ar\/wp-content\/uploads\/2024\/06\/conferencia-prensa-del-libro-8-300x200.jpg.webp\" data-lazy-srcset-webp=\"https:\/\/883radiociudad.gob.ar\/wp-content\/uploads\/2024\/06\/conferencia-prensa-del-libro-8-300x200.jpg.webp 300w, https:\/\/883radiociudad.gob.ar\/wp-content\/uploads\/2024\/06\/conferencia-prensa-del-libro-8-1024x682.jpg.webp 1024w, https:\/\/883radiociudad.gob.ar\/wp-content\/uploads\/2024\/06\/conferencia-prensa-del-libro-8-768x512.jpg.webp 768w, https:\/\/883radiociudad.gob.ar\/wp-content\/uploads\/2024\/06\/conferencia-prensa-del-libro-8-1536x1023.jpg.webp 1536w, https:\/\/883radiociudad.gob.ar\/wp-content\/uploads\/2024\/06\/conferencia-prensa-del-libro-8.jpg.webp 1600w\" data-ll-status=\"loaded\" \/><\/p>\n<p>Entre otras personalidades que ser\u00e1n parte de la feria, la grilla de actividades comprende a todos los sectores, incluso la iglesia. \u201cCada d\u00eda es una jornada para ser disfrutada. As\u00ed la venimos proyectando\u201d, precis\u00f3 Espina.<\/p>\n<p><strong>JUAN PABLO MART\u00cdNEZ<\/strong><\/p>\n<p>Entre las innovaciones dise\u00f1adas para esta edici\u00f3n est\u00e1 la comunicaci\u00f3n digital. El coordinador de la Comunicaci\u00f3n Digital 4.0 Juan Pablo Mart\u00ednez detall\u00f3 la propuesta de establecer \u201cun espacio streaming, destinado a los medios, periodistas locales, facilitando todas las condiciones t\u00e9cnicas para que tengan una transmisi\u00f3n de alta calidad\u201d.<\/p>\n<p>\u201cTambi\u00e9n ser\u00e1 la posibilidad de ser part\u00edcipes comunicadores de otras localidades de la provincia; estamos contentos de ser parte de esta edici\u00f3n\u201d, revel\u00f3 Mart\u00ednez.<\/p>\n<p><strong>INTENDENTE MARIANO HORMAECHEA<img loading=\"lazy\" decoding=\"async\" class=\"size-medium wp-image-61521 alignright entered lazyloaded\" src=\"https:\/\/883radiociudad.gob.ar\/wp-content\/uploads\/2024\/06\/conferencia-prensa-del-libro-5-300x200.jpg.webp\" sizes=\"auto, (max-width: 300px) 100vw, 300px\" srcset=\"https:\/\/883radiociudad.gob.ar\/wp-content\/uploads\/2024\/06\/conferencia-prensa-del-libro-5-300x200.jpg.webp 300w, https:\/\/883radiociudad.gob.ar\/wp-content\/uploads\/2024\/06\/conferencia-prensa-del-libro-5-1024x682.jpg.webp 1024w, https:\/\/883radiociudad.gob.ar\/wp-content\/uploads\/2024\/06\/conferencia-prensa-del-libro-5-768x512.jpg.webp 768w, https:\/\/883radiociudad.gob.ar\/wp-content\/uploads\/2024\/06\/conferencia-prensa-del-libro-5-1536x1023.jpg.webp 1536w, https:\/\/883radiociudad.gob.ar\/wp-content\/uploads\/2024\/06\/conferencia-prensa-del-libro-5.jpg.webp 1600w\" alt=\"\" width=\"300\" height=\"200\" data-lazy-srcset=\"https:\/\/883radiociudad.gob.ar\/wp-content\/uploads\/2024\/06\/conferencia-prensa-del-libro-5-300x200.jpg.webp 300w, https:\/\/883radiociudad.gob.ar\/wp-content\/uploads\/2024\/06\/conferencia-prensa-del-libro-5-1024x682.jpg.webp 1024w, https:\/\/883radiociudad.gob.ar\/wp-content\/uploads\/2024\/06\/conferencia-prensa-del-libro-5-768x512.jpg.webp 768w, https:\/\/883radiociudad.gob.ar\/wp-content\/uploads\/2024\/06\/conferencia-prensa-del-libro-5-1536x1023.jpg.webp 1536w, https:\/\/883radiociudad.gob.ar\/wp-content\/uploads\/2024\/06\/conferencia-prensa-del-libro-5.jpg.webp 1600w\" data-lazy-sizes=\"(max-width: 300px) 100vw, 300px\" data-lazy-src=\"https:\/\/883radiociudad.gob.ar\/wp-content\/uploads\/2024\/06\/conferencia-prensa-del-libro-5-300x200.jpg.webp\" data-lazy-src-webp=\"https:\/\/883radiociudad.gob.ar\/wp-content\/uploads\/2024\/06\/conferencia-prensa-del-libro-5-300x200.jpg.webp\" data-lazy-srcset-webp=\"https:\/\/883radiociudad.gob.ar\/wp-content\/uploads\/2024\/06\/conferencia-prensa-del-libro-5-300x200.jpg.webp 300w, https:\/\/883radiociudad.gob.ar\/wp-content\/uploads\/2024\/06\/conferencia-prensa-del-libro-5-1024x682.jpg.webp 1024w, https:\/\/883radiociudad.gob.ar\/wp-content\/uploads\/2024\/06\/conferencia-prensa-del-libro-5-768x512.jpg.webp 768w, https:\/\/883radiociudad.gob.ar\/wp-content\/uploads\/2024\/06\/conferencia-prensa-del-libro-5-1536x1023.jpg.webp 1536w, https:\/\/883radiociudad.gob.ar\/wp-content\/uploads\/2024\/06\/conferencia-prensa-del-libro-5.jpg.webp 1600w\" data-ll-status=\"loaded\" \/><\/strong><\/p>\n<p>El intendente Mariano Hormaechea agradeci\u00f3 la presencia de los funcionarios municipales, provinciales, concejales, editores y a los que conforman este gran equipo de \u201cun evento que se ha posicionado en la provincia\u201d.<\/p>\n<p>Previo a referirse a la Feria del Libro, Hormaechea expres\u00f3\u00a0 su solidaridad con la familia del menor Loan.<\/p>\n<p>\u201cLa feria es una pol\u00edtica de estado, es la 3\u00aa que nos toca desde nuestra gesti\u00f3n, planteada como eje de la administraci\u00f3n. No solo las obras llevan al desarrollo, la modernizaci\u00f3n e inclusi\u00f3n, la cultura es un factor fundamental para el logro de estos lineamientos. Tiene un concepto particular, con 10 d\u00edas donde se genera un clima en el que se respira cultura, con oportunidades y espacios para todos\u201d.<img loading=\"lazy\" decoding=\"async\" class=\"size-medium wp-image-61524 alignright entered lazyloaded\" src=\"https:\/\/883radiociudad.gob.ar\/wp-content\/uploads\/2024\/06\/conferencia-prensa-del-libro-2-300x200.jpg.webp\" sizes=\"auto, (max-width: 300px) 100vw, 300px\" srcset=\"https:\/\/883radiociudad.gob.ar\/wp-content\/uploads\/2024\/06\/conferencia-prensa-del-libro-2-300x200.jpg.webp 300w, https:\/\/883radiociudad.gob.ar\/wp-content\/uploads\/2024\/06\/conferencia-prensa-del-libro-2-1024x682.jpg.webp 1024w, https:\/\/883radiociudad.gob.ar\/wp-content\/uploads\/2024\/06\/conferencia-prensa-del-libro-2-768x512.jpg.webp 768w, https:\/\/883radiociudad.gob.ar\/wp-content\/uploads\/2024\/06\/conferencia-prensa-del-libro-2-1536x1023.jpg.webp 1536w, https:\/\/883radiociudad.gob.ar\/wp-content\/uploads\/2024\/06\/conferencia-prensa-del-libro-2.jpg.webp 1600w\" alt=\"\" width=\"300\" height=\"200\" data-lazy-srcset=\"https:\/\/883radiociudad.gob.ar\/wp-content\/uploads\/2024\/06\/conferencia-prensa-del-libro-2-300x200.jpg.webp 300w, https:\/\/883radiociudad.gob.ar\/wp-content\/uploads\/2024\/06\/conferencia-prensa-del-libro-2-1024x682.jpg.webp 1024w, https:\/\/883radiociudad.gob.ar\/wp-content\/uploads\/2024\/06\/conferencia-prensa-del-libro-2-768x512.jpg.webp 768w, https:\/\/883radiociudad.gob.ar\/wp-content\/uploads\/2024\/06\/conferencia-prensa-del-libro-2-1536x1023.jpg.webp 1536w, https:\/\/883radiociudad.gob.ar\/wp-content\/uploads\/2024\/06\/conferencia-prensa-del-libro-2.jpg.webp 1600w\" data-lazy-sizes=\"(max-width: 300px) 100vw, 300px\" data-lazy-src=\"https:\/\/883radiociudad.gob.ar\/wp-content\/uploads\/2024\/06\/conferencia-prensa-del-libro-2-300x200.jpg.webp\" data-lazy-src-webp=\"https:\/\/883radiociudad.gob.ar\/wp-content\/uploads\/2024\/06\/conferencia-prensa-del-libro-2-300x200.jpg.webp\" data-lazy-srcset-webp=\"https:\/\/883radiociudad.gob.ar\/wp-content\/uploads\/2024\/06\/conferencia-prensa-del-libro-2-300x200.jpg.webp 300w, https:\/\/883radiociudad.gob.ar\/wp-content\/uploads\/2024\/06\/conferencia-prensa-del-libro-2-1024x682.jpg.webp 1024w, https:\/\/883radiociudad.gob.ar\/wp-content\/uploads\/2024\/06\/conferencia-prensa-del-libro-2-768x512.jpg.webp 768w, https:\/\/883radiociudad.gob.ar\/wp-content\/uploads\/2024\/06\/conferencia-prensa-del-libro-2-1536x1023.jpg.webp 1536w, https:\/\/883radiociudad.gob.ar\/wp-content\/uploads\/2024\/06\/conferencia-prensa-del-libro-2.jpg.webp 1600w\" data-ll-status=\"loaded\" \/><\/p>\n<p>\u201cDespu\u00e9s de la Fiesta Nacional del Surub\u00ed, se transforma en un gran encuentro, una industria cultural, convocando a las instituciones de la ciudad, para seguir creciendo. Las miradas y perspectivas de aquellos que aportan desde afuera as\u00ed lo indican. Esto entendimos en la presentaci\u00f3n en Buenos Aires, no solo es la presencia de artistas, personalidades, sino el objetivo trazado es descubrir esa pasi\u00f3n por Goya, en su rica historia que no contamos y mostramos c\u00f3mo deber\u00eda ser. Redoblamos el esfuerzo y apuesta para el pr\u00f3ximo a\u00f1o tener el libro de la ciudad, para que quede testimoniado, documentada esa riqueza y trazarnos como un renovado desaf\u00edo la presentaci\u00f3n del Libro de la Historia de Goya\u201d.<\/p>\n<p>\u201cDestaco el esfuerzo y trabajo de todo el equipo municipal. Se hace necesaria la disposici\u00f3n de todas las \u00e1reas para que salga la mejor feria; pero particularmente extiendo las felicitaciones a todo el grupo de la Secretar\u00eda de Educaci\u00f3n\u201d.<\/p>\n<p>\u201cLa idea es que cuando ingresemos el 5 de julio podamos visualizar, reflejar el sentido de nuestra ciudad. Gracias a todas las instituciones, a la prensa por el enorme aporte, los convocamos y que puedan aprovechar este espacio para que sean parte y puedan comentar y mostrar Goya\u201d.<\/p>\n<p>El mi\u00e9rcoles a las 10 horas en el Sal\u00f3n Verde de la Casa de Gobierno se har\u00e1 la presentaci\u00f3n en la capital correntina.<\/p>\n<p>La prensa y los presentes fueron agasajados con un \u00e1gape con elaboraciones del perfil de gastronom\u00eda de las escuelas municipales.<\/p>\n","protected":false},"excerpt":{"rendered":"<p>Presentaci\u00f3n del evento cultural, literario y tur\u00edstico de Goya; considerado por todos como el m\u00e1s grande de la Industria de la cultura y el libro. La conferencia de presentaci\u00f3n de la VI Feria del Libro presidi\u00f3 el intendente Mariano Hormaechea junto a la secretaria de Educaci\u00f3n Sonia Espina y el secretario de Turismo Sebasti\u00e1n Candia [&hellip;]<\/p>\n","protected":false},"author":2,"featured_media":21204,"comment_status":"closed","ping_status":"closed","sticky":false,"template":"","format":"standard","meta":{"footnotes":""},"categories":[56],"tags":[],"class_list":{"0":"post-21203","1":"post","2":"type-post","3":"status-publish","4":"format-standard","5":"has-post-thumbnail","7":"category-locales"},"_links":{"self":[{"href":"https:\/\/radiobitacora.com.ar\/web\/wp-json\/wp\/v2\/posts\/21203","targetHints":{"allow":["GET"]}}],"collection":[{"href":"https:\/\/radiobitacora.com.ar\/web\/wp-json\/wp\/v2\/posts"}],"about":[{"href":"https:\/\/radiobitacora.com.ar\/web\/wp-json\/wp\/v2\/types\/post"}],"author":[{"embeddable":true,"href":"https:\/\/radiobitacora.com.ar\/web\/wp-json\/wp\/v2\/users\/2"}],"replies":[{"embeddable":true,"href":"https:\/\/radiobitacora.com.ar\/web\/wp-json\/wp\/v2\/comments?post=21203"}],"version-history":[{"count":0,"href":"https:\/\/radiobitacora.com.ar\/web\/wp-json\/wp\/v2\/posts\/21203\/revisions"}],"wp:featuredmedia":[{"embeddable":true,"href":"https:\/\/radiobitacora.com.ar\/web\/wp-json\/wp\/v2\/media\/21204"}],"wp:attachment":[{"href":"https:\/\/radiobitacora.com.ar\/web\/wp-json\/wp\/v2\/media?parent=21203"}],"wp:term":[{"taxonomy":"category","embeddable":true,"href":"https:\/\/radiobitacora.com.ar\/web\/wp-json\/wp\/v2\/categories?post=21203"},{"taxonomy":"post_tag","embeddable":true,"href":"https:\/\/radiobitacora.com.ar\/web\/wp-json\/wp\/v2\/tags?post=21203"}],"curies":[{"name":"wp","href":"https:\/\/api.w.org\/{rel}","templated":true}]}}