{"id":21206,"date":"2024-06-25T08:31:01","date_gmt":"2024-06-25T11:31:01","guid":{"rendered":"https:\/\/radiobitacora.com.ar\/web\/?p=21206"},"modified":"2024-06-25T08:31:01","modified_gmt":"2024-06-25T11:31:01","slug":"el-desempleo-es-el-mas-alto-desde-la-salida-de-la-pandemia","status":"publish","type":"post","link":"https:\/\/radiobitacora.com.ar\/web\/2024\/06\/25\/el-desempleo-es-el-mas-alto-desde-la-salida-de-la-pandemia\/","title":{"rendered":"EL DESEMPLEO ES EL M\u00c1S ALTO DESDE LA SALIDA DE LA PANDEMIA"},"content":{"rendered":"<p>El desempleo aument\u00f3 con fuerza (0,8 puntos porcentuales -p.p.) al 7,7% durante el primer trimestre del gobierno de Javier Milei frente al mismo per\u00edodo del a\u00f1o anterior, producto de la importante recesi\u00f3n que sufre la econom\u00eda, seg\u00fan inform\u00f3 este lunes el Instituto Nacional de Estad\u00edsticas y Censos (INDEC). Se trata del indicador m\u00e1s alto desde la salida de la pandemia, en el segundo trimestre del 2021.<\/p>\n<p>&nbsp;<\/p>\n<p>Extrapolado a la poblaci\u00f3n total, la cantidad de desocupados lleg\u00f3 a 1.731.000 en el primer trimestre. As\u00ed, los nuevos desempleados totalizan unas 180.000 personas m\u00e1s frente al mismo per\u00edodo del a\u00f1o previo, precis\u00f3 a \u00c1mbito el economista y director del Centro de Econom\u00eda Pol\u00edtica (CEPA), Hern\u00e1n Letcher.<\/p>\n<p>n ese sentido, el economista Daniel Schteingart especific\u00f3 que en el primer trimestre de 2024 hubo 150.000 ocupados menos que en el mismo per\u00edodo del a\u00f1o pasado.<\/p>\n<p>Dentro de la poblaci\u00f3n ocupada (44,3%), se destac\u00f3 que el 74,7% son asalariados, mientras que el 35,7% no cuenta con descuento jubilatorio. Por otra parte, el 21,9% trabaja por cuenta propia, el 3,2% son patrones y el 0,3% son trabajadores familiares sin remuneraci\u00f3n.<\/p>\n<p>En lo que refiere a la composici\u00f3n de la tasa de empleo, los economistas destacaron que si bien se observa un \u201cpeque\u00f1o aumento\u201d del trabajo registrado (21,1% vs. 21,2%), este no es representativo. \u201cLa Encuesta Permanente de Hogares (EPH) -con la que se conforma este dato- est\u00e1 sujeta a un margen de error muestral y solo incluye al 63% del pa\u00eds. Para ello, se toman los datos del Sistema Integrado Previsional Argentino (SIPA), que son 100% representativos\u201d, resalt\u00f3 Schteingart y especific\u00f3 que en ese per\u00edodo se registran 34.000 nuevos puestos de trabajo. \u201cEn realidad es enga\u00f1oso, dado el crecimiento que se registr\u00f3 hasta septiembre y que a partir de all\u00ed comienza la ca\u00edda\u201d, apunt\u00f3.<\/p>\n<p>Sin embargo, la EPH es la \u00fanica forma de medir el empleo no registrado, que pas\u00f3 del 11,4% al 12,3%, un alza de 0,9 p.p. \u201cCada 100 habitantes unos 11 son asalariados sin aportes, mientras que el a\u00f1o pasado eran 12. Esto pareciera sugerir que se resinti\u00f3 m\u00e1s el empleo informal que el formal\u201d, explic\u00f3 el economista.<\/p>\n<p>En la comparaci\u00f3n con el primer trimestre de 2023, la tasa de actividad pas\u00f3 del 48,3% a 48% (-0,3 p.p.) mientras que la de empleo present\u00f3 una baja de 0,7 p.p., al descender de 45% a 44,3%.<\/p>\n<p>La tasa de subocupaci\u00f3n se ubic\u00f3 en el 10,2% de la Poblaci\u00f3n Econ\u00f3micamente Activa (PEA), en tanto que otros ocupados demandantes y no demandantes disponibles alcanzaron, en conjunto, el 11,7% de la PEA.<\/p>\n<p>Consecuentemente, la presi\u00f3n sobre el mercado laboral, conformada por el universo de desocupados, subocupados, ocupados demandantes y ocupados no demandantes disponibles, alcanz\u00f3 el 29,5% de la PEA, un alza de 2,6% p.p. frente al mismo per\u00edodo del 2023, cuando este indicador lleg\u00f3 al 26,9%.<\/p>\n<p>\u201cTodas las tasas que describen el comportamiento del mercado de trabajo empeoraron en este trimestre\u201d, resalt\u00f3 la consultora LCG.<\/p>\n<p>Desempleo en m\u00e1ximos de 3 a\u00f1os: mayor desocupaci\u00f3n en mujeres<br \/>\nAdem\u00e1s, la tasa de empleo en mujeres de 14 a 29 a\u00f1os se ubic\u00f3 en 34% frente al 36,5% (-2,5 p.p.) de un a\u00f1o atr\u00e1s, mientras que para los varones del mismo grupo de edad esta tasa alcanz\u00f3 el 45,2% contra el 47,4% (2,1 p.p.) previo.<\/p>\n<p>En tanto, la tasa de desocupaci\u00f3n relativa de mujeres de 30 a 64 a\u00f1os mostr\u00f3 un alza de 2 p.p., al pasar de 22,9% a 24,9%. Por su parte, esta tasa en los varones de esa misma edad registr\u00f3 un aumento de solo 1,3 p.p., (23,1% vs. 24,4%).<\/p>\n<p>Desempleo: las regiones con mayor tasa de desocupaci\u00f3n<br \/>\nEntre las regiones, las que mostraron el mayor nivel de desocupaci\u00f3n fueron la del Gran Buenos Aires y la Pampeana, con 9% y 6,8%, respectivamente. Al mismo tiempo, se destaca que la regi\u00f3n con menor tasa fue Cuyo (4,5%).<\/p>\n<p>\u201cHubo disparidades en el aumento del desempleo entre las regiones. El Gran Buenos Aires y el Noreste fueron las m\u00e1s afectadas con incrementos de 1,3 y 1,4 pp, respectivamente, en comparaci\u00f3n con el a\u00f1o pasado, alcanzando tasas del 9% y 5,9%. En el conurbano, la tasa lleg\u00f3 al 9,9%\u201d, destac\u00f3 LCG.<\/p>\n<p>En contraposici\u00f3n, la consultora resalt\u00f3 que la regi\u00f3n pampeana mostr\u00f3 una disminuci\u00f3n del desempleo de 0,5 pp.<\/p>\n<p>Desempleo: \u00bfqu\u00e9 se espera hacia adelante?<br \/>\nRespecto de la perspectiva a futuro para el empleo, los economistas coinciden en que no es auspiciosa. Los diferentes indicadores econ\u00f3micos como el consumo y la actividad contin\u00faan en baja (o con una leve mejora, seg\u00fan LCG), lo cual impide una recomposici\u00f3n a corto plazo del mercado laboral. Incluso, debido a la estacionalidad del empleo, es posible que en los trimestres que vienen el aumento del desempleo sea mayor.<\/p>\n<p>\u201cProbablemente la desocupaci\u00f3n en el segundo trimestre muestre una suba interanual mayor. Ahora no llega el punto porcentual, pero probablemente entre abril y junio sea de m\u00e1s de un punto, aunque eso no necesariamente significa que el desempleo vaya a subir contra el primer trimestre. Esto se explica porque el primer trimestre suele ser un trimestre de alto desempleo estacionalmente\u201d.<\/p>\n<p>Por su parte, LCG dijo que \u201cestos resultados eran esperables en un marco recesivo y sin dudas tuvieron su efecto para moderar incrementos de precios y salarios\u201d.<\/p>\n<p>\u201cPara el segundo trimestre de este a\u00f1o es posible que veamos una atenuaci\u00f3n de la desmejora de los n\u00fameros de mercado de trabajo debido a una eventual mejora (leve) de los indicadores de actividad. Sin embargo, es posible que la mejora sobre la tasa de desempleo se vea un poco mermada por el aumento de la PEA. Asimismo, a\u00fan restan ajustes de precios relativos que seguramente impacten nuevamente en el nivel de actividad\u201d, vaticin\u00f3.<\/p>\n","protected":false},"excerpt":{"rendered":"<p>El desempleo aument\u00f3 con fuerza (0,8 puntos porcentuales -p.p.) al 7,7% durante el primer trimestre del gobierno de Javier Milei frente al mismo per\u00edodo del a\u00f1o anterior, producto de la importante recesi\u00f3n que sufre la econom\u00eda, seg\u00fan inform\u00f3 este lunes el Instituto Nacional de Estad\u00edsticas y Censos (INDEC). Se trata del indicador m\u00e1s alto desde [&hellip;]<\/p>\n","protected":false},"author":2,"featured_media":21207,"comment_status":"closed","ping_status":"closed","sticky":false,"template":"","format":"standard","meta":{"footnotes":""},"categories":[65],"tags":[],"class_list":{"0":"post-21206","1":"post","2":"type-post","3":"status-publish","4":"format-standard","5":"has-post-thumbnail","7":"category-economia"},"_links":{"self":[{"href":"https:\/\/radiobitacora.com.ar\/web\/wp-json\/wp\/v2\/posts\/21206","targetHints":{"allow":["GET"]}}],"collection":[{"href":"https:\/\/radiobitacora.com.ar\/web\/wp-json\/wp\/v2\/posts"}],"about":[{"href":"https:\/\/radiobitacora.com.ar\/web\/wp-json\/wp\/v2\/types\/post"}],"author":[{"embeddable":true,"href":"https:\/\/radiobitacora.com.ar\/web\/wp-json\/wp\/v2\/users\/2"}],"replies":[{"embeddable":true,"href":"https:\/\/radiobitacora.com.ar\/web\/wp-json\/wp\/v2\/comments?post=21206"}],"version-history":[{"count":0,"href":"https:\/\/radiobitacora.com.ar\/web\/wp-json\/wp\/v2\/posts\/21206\/revisions"}],"wp:featuredmedia":[{"embeddable":true,"href":"https:\/\/radiobitacora.com.ar\/web\/wp-json\/wp\/v2\/media\/21207"}],"wp:attachment":[{"href":"https:\/\/radiobitacora.com.ar\/web\/wp-json\/wp\/v2\/media?parent=21206"}],"wp:term":[{"taxonomy":"category","embeddable":true,"href":"https:\/\/radiobitacora.com.ar\/web\/wp-json\/wp\/v2\/categories?post=21206"},{"taxonomy":"post_tag","embeddable":true,"href":"https:\/\/radiobitacora.com.ar\/web\/wp-json\/wp\/v2\/tags?post=21206"}],"curies":[{"name":"wp","href":"https:\/\/api.w.org\/{rel}","templated":true}]}}