{"id":21209,"date":"2024-06-25T08:34:59","date_gmt":"2024-06-25T11:34:59","guid":{"rendered":"https:\/\/radiobitacora.com.ar\/web\/?p=21209"},"modified":"2024-06-25T08:34:59","modified_gmt":"2024-06-25T11:34:59","slug":"desaparicion-de-loan-los-fiscales-dan-por-acreditada-la-captacion-del-nino","status":"publish","type":"post","link":"https:\/\/radiobitacora.com.ar\/web\/2024\/06\/25\/desaparicion-de-loan-los-fiscales-dan-por-acreditada-la-captacion-del-nino\/","title":{"rendered":"DESAPARICI\u00d3N DE LOAN: LOS FISCALES DAN POR \u201cACREDITADA LA CAPTACI\u00d3N\u201d DEL NI\u00d1O"},"content":{"rendered":"<h3><strong>La causa pas\u00f3 al fuero federal y se imput\u00f3 seis detenidos todos con prisi\u00f3n preventiva.<\/strong><\/h3>\n<p>Los fiscales informaron el progreso de la investigaci\u00f3n y aseguraron que ya descartaron la hip\u00f3tesis de p\u00e9rdida. Marchas en distintos puntos de Corrientes y en la Capital .<\/p>\n<p>La causa pas\u00f3 al fuero federal y se imput\u00f3a seis detenidos todos con prisi\u00f3n preventiva.<br \/>\nLos fiscales informaron el progreso de la investigaci\u00f3n y aseguraron que ya descartaron la hip\u00f3tesis de p\u00e9rdida. Marchas en distintos puntos de Corrientes y en la Capital .<\/p>\n<p>Los fiscales de la Unidad Fiscal de Goya, Guillermo Barry y Juan Carlos Castillo, se refirieron a detalles de la investigaci\u00f3n durante una conferencia de prensa en Goya por el caso Loan Danilo Pe\u00f1a, el menor que est\u00e1 desaparecido desde el 13 de junio.<\/p>\n<p>En ese contexto se\u00f1alaron que \u201cla captaci\u00f3n\u201d est\u00e1 \u201cacreditada\u201d aunque contin\u00faan analizando las pruebas para determinar si se trata de un caso de trata de personas.<\/p>\n<p>En ese sentido, Barry aclar\u00f3 que \u201cse abandon\u00f3 la hip\u00f3tesis de la p\u00e9rdida\u201d, aunque asegur\u00f3 que desde un primer momento llevaron adelante la causa teniendo en cuenta todas las opciones. \u201cHay mucho material probatorio que no podemos revelar, relacionado al contenido de los tel\u00e9fonos. Est\u00e1 acreditada la acci\u00f3n t\u00edpica que es la captaci\u00f3n\u201d, revel\u00f3. En cuanto al fin, en este caso la hip\u00f3tesis de trata de personas, sostuvo que \u201chay elementos\u201d que conducen a esta posibilidad pero que \u201cno los van a develar\u201d porque todav\u00eda pueden evolucionar.<\/p>\n","protected":false},"excerpt":{"rendered":"<p>La causa pas\u00f3 al fuero federal y se imput\u00f3 seis detenidos todos con prisi\u00f3n preventiva. Los fiscales informaron el progreso de la investigaci\u00f3n y aseguraron que ya descartaron la hip\u00f3tesis de p\u00e9rdida. Marchas en distintos puntos de Corrientes y en la Capital . La causa pas\u00f3 al fuero federal y se imput\u00f3a seis detenidos todos [&hellip;]<\/p>\n","protected":false},"author":2,"featured_media":21210,"comment_status":"closed","ping_status":"closed","sticky":false,"template":"","format":"standard","meta":{"footnotes":""},"categories":[56],"tags":[],"class_list":{"0":"post-21209","1":"post","2":"type-post","3":"status-publish","4":"format-standard","5":"has-post-thumbnail","7":"category-locales"},"_links":{"self":[{"href":"https:\/\/radiobitacora.com.ar\/web\/wp-json\/wp\/v2\/posts\/21209","targetHints":{"allow":["GET"]}}],"collection":[{"href":"https:\/\/radiobitacora.com.ar\/web\/wp-json\/wp\/v2\/posts"}],"about":[{"href":"https:\/\/radiobitacora.com.ar\/web\/wp-json\/wp\/v2\/types\/post"}],"author":[{"embeddable":true,"href":"https:\/\/radiobitacora.com.ar\/web\/wp-json\/wp\/v2\/users\/2"}],"replies":[{"embeddable":true,"href":"https:\/\/radiobitacora.com.ar\/web\/wp-json\/wp\/v2\/comments?post=21209"}],"version-history":[{"count":0,"href":"https:\/\/radiobitacora.com.ar\/web\/wp-json\/wp\/v2\/posts\/21209\/revisions"}],"wp:featuredmedia":[{"embeddable":true,"href":"https:\/\/radiobitacora.com.ar\/web\/wp-json\/wp\/v2\/media\/21210"}],"wp:attachment":[{"href":"https:\/\/radiobitacora.com.ar\/web\/wp-json\/wp\/v2\/media?parent=21209"}],"wp:term":[{"taxonomy":"category","embeddable":true,"href":"https:\/\/radiobitacora.com.ar\/web\/wp-json\/wp\/v2\/categories?post=21209"},{"taxonomy":"post_tag","embeddable":true,"href":"https:\/\/radiobitacora.com.ar\/web\/wp-json\/wp\/v2\/tags?post=21209"}],"curies":[{"name":"wp","href":"https:\/\/api.w.org\/{rel}","templated":true}]}}