{"id":21257,"date":"2024-06-26T09:31:03","date_gmt":"2024-06-26T12:31:03","guid":{"rendered":"https:\/\/radiobitacora.com.ar\/web\/?p=21257"},"modified":"2024-06-26T09:31:03","modified_gmt":"2024-06-26T12:31:03","slug":"valdes-agradecio-la-presencia-de-bullrich-y-las-fuerzas-nacionales-ratificando-colaboracion-con-la-justicia-por-el-caso-loan","status":"publish","type":"post","link":"https:\/\/radiobitacora.com.ar\/web\/2024\/06\/26\/valdes-agradecio-la-presencia-de-bullrich-y-las-fuerzas-nacionales-ratificando-colaboracion-con-la-justicia-por-el-caso-loan\/","title":{"rendered":"VALD\u00c9S AGRADECI\u00d3 LA PRESENCIA DE BULLRICH Y LAS FUERZAS NACIONALES RATIFICANDO COLABORACI\u00d3N CON LA JUSTICIA POR EL CASO LOAN"},"content":{"rendered":"<h3><strong>El gobernador Gustavo Vald\u00e9s, por medio de sus redes sociales, este martes a la tarde agradeci\u00f3 la presencia de la ministra de Seguridad de la Naci\u00f3n, Patricia Bullrich, en el d\u00eda de la fecha en la ciudad de Goya y a las fuerzas de Seguridad nacionales que llegaron a la provincia de Corrientes para ponerse a la cabeza de las investigaciones por el caso Loan, dado el cambio de car\u00e1tula de la causa a un delito de competencia federal.<\/strong><\/h3>\n<p>De este modo, Vald\u00e9s expres\u00f3: \u201cAgradezco la presencia de la ministra Patricia Bullrich y de todos los integrantes de las fuerzas de seguridad nacionales que llegaron a Corrientes para avanzar en la investigaci\u00f3n y a ayudarnos a encontrar a Loan. Desde el Gobierno de la provincia seguimos trabajando conjuntamente con la Naci\u00f3n y estamos a disposici\u00f3n de la Justicia para esclarecer los hechos\u201d.<\/p>\n<p>Concluy\u00f3 su mensaje el Gobernador recordando los n\u00fameros para aportar informaci\u00f3n relacionada al hecho (911 o 134).<\/p>\n","protected":false},"excerpt":{"rendered":"<p>El gobernador Gustavo Vald\u00e9s, por medio de sus redes sociales, este martes a la tarde agradeci\u00f3 la presencia de la ministra de Seguridad de la Naci\u00f3n, Patricia Bullrich, en el d\u00eda de la fecha en la ciudad de Goya y a las fuerzas de Seguridad nacionales que llegaron a la provincia de Corrientes para ponerse [&hellip;]<\/p>\n","protected":false},"author":2,"featured_media":21258,"comment_status":"closed","ping_status":"closed","sticky":false,"template":"","format":"standard","meta":{"footnotes":""},"categories":[72],"tags":[],"class_list":{"0":"post-21257","1":"post","2":"type-post","3":"status-publish","4":"format-standard","5":"has-post-thumbnail","7":"category-provinciales"},"_links":{"self":[{"href":"https:\/\/radiobitacora.com.ar\/web\/wp-json\/wp\/v2\/posts\/21257","targetHints":{"allow":["GET"]}}],"collection":[{"href":"https:\/\/radiobitacora.com.ar\/web\/wp-json\/wp\/v2\/posts"}],"about":[{"href":"https:\/\/radiobitacora.com.ar\/web\/wp-json\/wp\/v2\/types\/post"}],"author":[{"embeddable":true,"href":"https:\/\/radiobitacora.com.ar\/web\/wp-json\/wp\/v2\/users\/2"}],"replies":[{"embeddable":true,"href":"https:\/\/radiobitacora.com.ar\/web\/wp-json\/wp\/v2\/comments?post=21257"}],"version-history":[{"count":0,"href":"https:\/\/radiobitacora.com.ar\/web\/wp-json\/wp\/v2\/posts\/21257\/revisions"}],"wp:featuredmedia":[{"embeddable":true,"href":"https:\/\/radiobitacora.com.ar\/web\/wp-json\/wp\/v2\/media\/21258"}],"wp:attachment":[{"href":"https:\/\/radiobitacora.com.ar\/web\/wp-json\/wp\/v2\/media?parent=21257"}],"wp:term":[{"taxonomy":"category","embeddable":true,"href":"https:\/\/radiobitacora.com.ar\/web\/wp-json\/wp\/v2\/categories?post=21257"},{"taxonomy":"post_tag","embeddable":true,"href":"https:\/\/radiobitacora.com.ar\/web\/wp-json\/wp\/v2\/tags?post=21257"}],"curies":[{"name":"wp","href":"https:\/\/api.w.org\/{rel}","templated":true}]}}