{"id":21260,"date":"2024-06-26T09:40:06","date_gmt":"2024-06-26T12:40:06","guid":{"rendered":"https:\/\/radiobitacora.com.ar\/web\/?p=21260"},"modified":"2024-06-26T09:40:06","modified_gmt":"2024-06-26T12:40:06","slug":"desaparicion-de-loan-bullrich-se-reunio-en-goya-con-la-jueza-federal-pozzer-penzo","status":"publish","type":"post","link":"https:\/\/radiobitacora.com.ar\/web\/2024\/06\/26\/desaparicion-de-loan-bullrich-se-reunio-en-goya-con-la-jueza-federal-pozzer-penzo\/","title":{"rendered":"DESAPARICI\u00d3N DE LOAN: BULLRICH SE REUNI\u00d3 EN GOYA CON LA JUEZA FEDERAL POZZER PENZO"},"content":{"rendered":"<h3><strong>La ministra de Seguridad, Patricia Bullrich, se reuni\u00f3 hoy con la jueza federal de Goya, Corrientes, Cristina Elizabeth Pozzer Penzo, y reafirm\u00f3 su \u201cm\u00e1xima colaboraci\u00f3n\u201d para encontrar a Loan Danilo Pe\u00f1a, el menor de 5 a\u00f1os desaparecido hace 12 d\u00edas.<\/strong><\/h3>\n<p>Se\u00f1al\u00f3 en un tuit\u00a0 que que \u201cdesde el 14 de junio, el Ministerio de Seguridad, con la activaci\u00f3n del Alerta Sof\u00eda, cumpli\u00f3 con sus responsabilidades\u201d para dar con el paradero del peque\u00f1o.<\/p>\n<p>Record\u00f3 que la cartera nacional a su cargo\u00a0 ofreci\u00f3 una recompensa de $5 millones para quien aporte alg\u00fan dato relevante y que colabor\u00f3, a trav\u00e9s de las Fuerzas Federales, con la Polic\u00eda de Corrientes en la investigaci\u00f3n que llevaba a cabo la Justicia provincial.<\/p>\n<p>Tambi\u00e9n se refiri\u00f3 a la nueva car\u00e1tula en el fuero federal y dijo que \u201cpermite intervenir de forma directa en la b\u00fasqueda\u201d al tiempo que resalt\u00f3 que \u201cla prioridad es encontrar a Loan, lo antes posible, y detener a todos los responsables\u201d.<\/p>\n<p>Posteriormente, en declaraciones a la prensa asegur\u00f3: \u201cVinimos a ordenar la investigaci\u00f3n y los caminos de b\u00fasqueda de pruebas que vayan generando la consistencia de esta desaparici\u00f3n. Es un caso que preocupa a todos los argentinos. Esperemos que pueda llegar a una salida feliz\u201d.<\/p>\n<p>\u201cHemos decidido entre todos que vamos a tener una estrategia de custodiar la confidencialidad de la investigaci\u00f3n\u201d, sostuvo y agreg\u00f3: \u201cA esta altura, luego de 12 d\u00edas de una primera investigaci\u00f3n de la justicia provincial, cada dato que se haga publico puede poner en peligro la situaci\u00f3n\u201d.<\/p>\n<p>Bullrich consider\u00f3 que se vienen d\u00edas dif\u00edciles y que habr\u00e1 sanciones para aquellos que difundan informaci\u00f3n que puedan poner en riesgo la vida de Loan.<\/p>\n","protected":false},"excerpt":{"rendered":"<p>La ministra de Seguridad, Patricia Bullrich, se reuni\u00f3 hoy con la jueza federal de Goya, Corrientes, Cristina Elizabeth Pozzer Penzo, y reafirm\u00f3 su \u201cm\u00e1xima colaboraci\u00f3n\u201d para encontrar a Loan Danilo Pe\u00f1a, el menor de 5 a\u00f1os desaparecido hace 12 d\u00edas. Se\u00f1al\u00f3 en un tuit\u00a0 que que \u201cdesde el 14 de junio, el Ministerio de Seguridad, [&hellip;]<\/p>\n","protected":false},"author":2,"featured_media":21261,"comment_status":"closed","ping_status":"closed","sticky":false,"template":"","format":"standard","meta":{"footnotes":""},"categories":[72],"tags":[],"class_list":{"0":"post-21260","1":"post","2":"type-post","3":"status-publish","4":"format-standard","5":"has-post-thumbnail","7":"category-provinciales"},"_links":{"self":[{"href":"https:\/\/radiobitacora.com.ar\/web\/wp-json\/wp\/v2\/posts\/21260","targetHints":{"allow":["GET"]}}],"collection":[{"href":"https:\/\/radiobitacora.com.ar\/web\/wp-json\/wp\/v2\/posts"}],"about":[{"href":"https:\/\/radiobitacora.com.ar\/web\/wp-json\/wp\/v2\/types\/post"}],"author":[{"embeddable":true,"href":"https:\/\/radiobitacora.com.ar\/web\/wp-json\/wp\/v2\/users\/2"}],"replies":[{"embeddable":true,"href":"https:\/\/radiobitacora.com.ar\/web\/wp-json\/wp\/v2\/comments?post=21260"}],"version-history":[{"count":0,"href":"https:\/\/radiobitacora.com.ar\/web\/wp-json\/wp\/v2\/posts\/21260\/revisions"}],"wp:featuredmedia":[{"embeddable":true,"href":"https:\/\/radiobitacora.com.ar\/web\/wp-json\/wp\/v2\/media\/21261"}],"wp:attachment":[{"href":"https:\/\/radiobitacora.com.ar\/web\/wp-json\/wp\/v2\/media?parent=21260"}],"wp:term":[{"taxonomy":"category","embeddable":true,"href":"https:\/\/radiobitacora.com.ar\/web\/wp-json\/wp\/v2\/categories?post=21260"},{"taxonomy":"post_tag","embeddable":true,"href":"https:\/\/radiobitacora.com.ar\/web\/wp-json\/wp\/v2\/tags?post=21260"}],"curies":[{"name":"wp","href":"https:\/\/api.w.org\/{rel}","templated":true}]}}