{"id":21272,"date":"2024-06-26T10:08:51","date_gmt":"2024-06-26T13:08:51","guid":{"rendered":"https:\/\/radiobitacora.com.ar\/web\/?p=21272"},"modified":"2024-06-26T10:08:51","modified_gmt":"2024-06-26T13:08:51","slug":"el-mediatico-abogado-miguel-angel-pierri-defenderia-al-comisario-maciel","status":"publish","type":"post","link":"https:\/\/radiobitacora.com.ar\/web\/2024\/06\/26\/el-mediatico-abogado-miguel-angel-pierri-defenderia-al-comisario-maciel\/","title":{"rendered":"El medi\u00e1tico abogado Miguel \u00c1ngel Pierri defender\u00eda al comisario Maciel"},"content":{"rendered":"<p>El comisario Walter Maciel, quien se encuentra detenido e imputado por encubrimiento en la desaparici\u00f3n del Loan Pe\u00f1a, ser\u00eda patrocinado por el abogado Miguel \u00c1ngel Pierri. As\u00ed lo adelant\u00f3 el periodista Juan Cruz Vel\u00e1squez en di\u00e1logo con Radio Dos.<\/p>\n<p>El mencionado comunicador tambi\u00e9n cont\u00f3 que un integrante del equipo de abogados de Pierri ya se reuni\u00f3 con Maciel para que el medi\u00e1tico letrado se haga cargo de su defensa legal.<\/p>\n<p>En la semana, Pierri critic\u00f3 el accionar de la Justicia correntina en el Caso Loan afirmando que &#8220;es una de las peores investigaciones judiciales de las que he tomado conocimiento en 46 a\u00f1os de ejercicio profesional&#8221;.<\/p>\n","protected":false},"excerpt":{"rendered":"<p>El comisario Walter Maciel, quien se encuentra detenido e imputado por encubrimiento en la desaparici\u00f3n del Loan Pe\u00f1a, ser\u00eda patrocinado por el abogado Miguel \u00c1ngel Pierri. As\u00ed lo adelant\u00f3 el periodista Juan Cruz Vel\u00e1squez en di\u00e1logo con Radio Dos. El mencionado comunicador tambi\u00e9n cont\u00f3 que un integrante del equipo de abogados de Pierri ya se [&hellip;]<\/p>\n","protected":false},"author":2,"featured_media":21273,"comment_status":"closed","ping_status":"closed","sticky":false,"template":"","format":"standard","meta":{"footnotes":""},"categories":[72],"tags":[],"class_list":{"0":"post-21272","1":"post","2":"type-post","3":"status-publish","4":"format-standard","5":"has-post-thumbnail","7":"category-provinciales"},"_links":{"self":[{"href":"https:\/\/radiobitacora.com.ar\/web\/wp-json\/wp\/v2\/posts\/21272","targetHints":{"allow":["GET"]}}],"collection":[{"href":"https:\/\/radiobitacora.com.ar\/web\/wp-json\/wp\/v2\/posts"}],"about":[{"href":"https:\/\/radiobitacora.com.ar\/web\/wp-json\/wp\/v2\/types\/post"}],"author":[{"embeddable":true,"href":"https:\/\/radiobitacora.com.ar\/web\/wp-json\/wp\/v2\/users\/2"}],"replies":[{"embeddable":true,"href":"https:\/\/radiobitacora.com.ar\/web\/wp-json\/wp\/v2\/comments?post=21272"}],"version-history":[{"count":0,"href":"https:\/\/radiobitacora.com.ar\/web\/wp-json\/wp\/v2\/posts\/21272\/revisions"}],"wp:featuredmedia":[{"embeddable":true,"href":"https:\/\/radiobitacora.com.ar\/web\/wp-json\/wp\/v2\/media\/21273"}],"wp:attachment":[{"href":"https:\/\/radiobitacora.com.ar\/web\/wp-json\/wp\/v2\/media?parent=21272"}],"wp:term":[{"taxonomy":"category","embeddable":true,"href":"https:\/\/radiobitacora.com.ar\/web\/wp-json\/wp\/v2\/categories?post=21272"},{"taxonomy":"post_tag","embeddable":true,"href":"https:\/\/radiobitacora.com.ar\/web\/wp-json\/wp\/v2\/tags?post=21272"}],"curies":[{"name":"wp","href":"https:\/\/api.w.org\/{rel}","templated":true}]}}