{"id":21275,"date":"2024-06-26T10:18:34","date_gmt":"2024-06-26T13:18:34","guid":{"rendered":"https:\/\/radiobitacora.com.ar\/web\/?p=21275"},"modified":"2024-06-26T10:18:34","modified_gmt":"2024-06-26T13:18:34","slug":"la-prueba-n42-y-por-que-el-tio-de-loan-fue-el-unico-detenido-en-ser-examinado-en-sus-genitales","status":"publish","type":"post","link":"https:\/\/radiobitacora.com.ar\/web\/2024\/06\/26\/la-prueba-n42-y-por-que-el-tio-de-loan-fue-el-unico-detenido-en-ser-examinado-en-sus-genitales\/","title":{"rendered":"La prueba N\u00b042 y por qu\u00e9 el t\u00edo de Loan fue el \u00fanico detenido en ser examinado en sus genitales"},"content":{"rendered":"<p>Justo antes de que el expediente por la b\u00fasqueda de Loan Danilo Pe\u00f1a pasara a la Justicia federal, los fiscales provinciales que investigaron la desaparici\u00f3n del ni\u00f1o de 5 a\u00f1os durante 13 d\u00edas imputaron formalmente a los seis detenidos. En un documento al que accedi\u00f3 Infobae, enumeraron las evidencias que hay en contra de cada uno de ellos. Son, en total, 56 pruebas. Pero hubo una en particular que llam\u00f3 la atenci\u00f3n. Fue la n\u00famero 42. En ella se lee:\u00a0<strong>&#8220;Acta de toma de muestra del pene de Ben\u00edtez&#8221;.<\/strong>\u00a0Bernardino Antonio Ben\u00edtez es el t\u00edo de Loan, uno de los primeros en caer.<\/p>\n<p>\u00bfPor qu\u00e9 al t\u00edo de Loan le extrajeron una muestra de sus genitales y al resto de los imputados no? Es una pregunta que, por el momento, la Justicia no responde. Pero es llamativo que\u00a0<strong>sea al \u00fanico que le practicaron ese examen, seg\u00fan los documentos del expediente.<\/strong><\/p>\n<p>Es posible que parte de la respuesta este en la imputaci\u00f3n. Para los dos fiscales, Juan Castillo y Guillermo Barry, la desaparici\u00f3n de Loan tiene que ver con una captaci\u00f3n de persona con fines de explotaci\u00f3n agravada. \u00bfExplotaci\u00f3n de qu\u00e9 tipo? Teniendo en cuenta la prueba N\u00b042, posiblemente, con fines sexuales. Sin embargo, los fiscales federales que investigan ahora el expediente no cuentan con pruebas para decir si Loan fue captado para ser prostituido o esclavizado, ya que Castillo y Barry, no remitieron, por ejemplo, las pericias de tel\u00e9fonos que seg\u00fan ellos son la base de la nueva acusaci\u00f3n.<\/p>\n<p>En el resto del documento, los fiscales realizaron la descripci\u00f3n del hecho y le atribuyeron a cada uno de los acusados un rol espec\u00edfico en la mec\u00e1nica de la desaparici\u00f3n y captaci\u00f3n del ni\u00f1o.<\/p>\n<p>&#8220;El 13 de junio de 2024, alrededor de las 15:00 horas, los imputados Carlos Guido P\u00e9rez y Mar\u00eda Victoria Caillava (a) \u2018Viki\u2019, captaron al menor Loan Danilo Pe\u00f1a, de cinco (5) a\u00f1os de edad, y lo trasladaron a un destino desconocido a la fecha, con fines de explotaci\u00f3n. La captaci\u00f3n tuvo lugar en inmediaciones del domicilio de Catalina Pe\u00f1a, abuela paterna de Loan, ubicado en Paraje Algarrobal de la localidad de 9 de Julio, donde minutos antes P\u00e9rez y Caillava hab\u00edan compartido un almuerzo con Loan, su padre Jos\u00e9 Mariano Pe\u00f1a, su t\u00eda paterna Laudelina Pe\u00f1a y la abuela referida, entre otras personas&#8221;, comenzaron los fiscales la descripci\u00f3n.<\/p>\n<p>En esta primera parte, Barry y Castillo hicieron menci\u00f3n a la participaci\u00f3n de la ex funcionaria municipal Caillava y a su marido, el capit\u00e1n de nav\u00edo retirado. En el resto del fragmento, se especific\u00f3 qu\u00e9 funci\u00f3n habr\u00eda cumplido el resto de los detenidos.<\/p>\n<p>&#8220;Para lograr su cometido, P\u00e9rez y Caillava contaron con la colaboraci\u00f3n de los imputados Bernardino Antonio Ben\u00edtez, Daniel Oscar Ram\u00edrez y M\u00f3nica del Carmen Millapi, quienes perge\u00f1aron y llevaron a cabo una maniobra consistente en sacar al menor de la esfera de custodia de su padre y llevarlo a una zona de montes, distante a unos seiscientos (600) metros del referido domicilio, con la excusa de recoger y consumir naranjas, ayuda sin la cual los primeros no habr\u00edan podido consumar el delito&#8221;, continu\u00f3 el texto.<\/p>\n<p>Sobre el final de la descripci\u00f3n de los hechos, hicieron referencia al sexto detenido, el comisario Walter Adri\u00e1n Maciel: &#8220;Entre la fecha mencionada y el d\u00eda 21, el imputado, COMISARIO Walter Adri\u00e1n Maciel, Jefe de la Comisaria de Nueve de Julio (Corrientes), siendo uno de los principales funcionarios policiales a cargo de la investigaci\u00f3n, alter\u00f3 rastros y pruebas del hecho, entorpeciendo el curso de la investigaci\u00f3n penal, al sacar del barro una zapatilla que luego se confirm\u00f3 pertenec\u00eda a Loan, simulando adem\u00e1s que \u00e9l mismo la hab\u00eda hallado, cuando existe evidencia de que el calzado fue encontrado por Laudelina Pe\u00f1a. Adem\u00e1s, se determin\u00f3 que la evidencia en cuesti\u00f3n hab\u00eda sido colocada intencionalmente para desviar la pesquisa&#8221;.<\/p>\n<p>En el resto del documento, los fiscales enumeraron actas de allanamientos a los domicilios de los imputados, entrevistas con testigos, un documento de la PROTEX, y decenas de informes generados en los 11 d\u00edas de b\u00fasqueda, previo al paso del expediente a la justicia federal.<\/p>\n","protected":false},"excerpt":{"rendered":"<p>Justo antes de que el expediente por la b\u00fasqueda de Loan Danilo Pe\u00f1a pasara a la Justicia federal, los fiscales provinciales que investigaron la desaparici\u00f3n del ni\u00f1o de 5 a\u00f1os durante 13 d\u00edas imputaron formalmente a los seis detenidos. En un documento al que accedi\u00f3 Infobae, enumeraron las evidencias que hay en contra de cada [&hellip;]<\/p>\n","protected":false},"author":2,"featured_media":21276,"comment_status":"closed","ping_status":"closed","sticky":false,"template":"","format":"standard","meta":{"footnotes":""},"categories":[72],"tags":[],"class_list":{"0":"post-21275","1":"post","2":"type-post","3":"status-publish","4":"format-standard","5":"has-post-thumbnail","7":"category-provinciales"},"_links":{"self":[{"href":"https:\/\/radiobitacora.com.ar\/web\/wp-json\/wp\/v2\/posts\/21275","targetHints":{"allow":["GET"]}}],"collection":[{"href":"https:\/\/radiobitacora.com.ar\/web\/wp-json\/wp\/v2\/posts"}],"about":[{"href":"https:\/\/radiobitacora.com.ar\/web\/wp-json\/wp\/v2\/types\/post"}],"author":[{"embeddable":true,"href":"https:\/\/radiobitacora.com.ar\/web\/wp-json\/wp\/v2\/users\/2"}],"replies":[{"embeddable":true,"href":"https:\/\/radiobitacora.com.ar\/web\/wp-json\/wp\/v2\/comments?post=21275"}],"version-history":[{"count":0,"href":"https:\/\/radiobitacora.com.ar\/web\/wp-json\/wp\/v2\/posts\/21275\/revisions"}],"wp:featuredmedia":[{"embeddable":true,"href":"https:\/\/radiobitacora.com.ar\/web\/wp-json\/wp\/v2\/media\/21276"}],"wp:attachment":[{"href":"https:\/\/radiobitacora.com.ar\/web\/wp-json\/wp\/v2\/media?parent=21275"}],"wp:term":[{"taxonomy":"category","embeddable":true,"href":"https:\/\/radiobitacora.com.ar\/web\/wp-json\/wp\/v2\/categories?post=21275"},{"taxonomy":"post_tag","embeddable":true,"href":"https:\/\/radiobitacora.com.ar\/web\/wp-json\/wp\/v2\/tags?post=21275"}],"curies":[{"name":"wp","href":"https:\/\/api.w.org\/{rel}","templated":true}]}}