{"id":21290,"date":"2024-09-23T09:23:38","date_gmt":"2024-09-23T12:23:38","guid":{"rendered":"https:\/\/radiobitacora.com.ar\/web\/?p=21290"},"modified":"2024-09-23T09:23:38","modified_gmt":"2024-09-23T12:23:38","slug":"dia-de-las-bibliotecas-populares","status":"publish","type":"post","link":"https:\/\/radiobitacora.com.ar\/web\/2024\/09\/23\/dia-de-las-bibliotecas-populares\/","title":{"rendered":"D\u00eda de las Bibliotecas Populares"},"content":{"rendered":"<p class=\"rtejustify\">Este es un programa a nivel nacional, este a\u00f1o se adhieren las Bibliotecas Populares \u201cDomingo Faustino Sarmiento\u201d; \u201cBarrios del Sur\u201d y Marta Elgul de Par\u00eds, en el caso de la Biblioteca \u201cBarrios del Sur\u201d inicia su programa a la ma\u00f1ana, con talleres de lectura para permitir la participaci\u00f3n de los alumnos de las escuelas.<\/p>\n<p class=\"rtejustify\">La Biblioteca Popular Domingo Faustino Sarmiento como parte de este programa celebrativo del D\u00eda de las Bibliotecas Populares ha preparado la siguiente actividad: lectura por la ma\u00f1ana de 8 a 12 horas y por la tarde de 15 a 19 horas, agreg\u00e1ndole la participaci\u00f3n de \u201cPintani\u00f1os\u201d a las 10 y a las 17 horas.<\/p>\n<p class=\"rtejustify\">La Biblioteca \u201cMarta Elgul de Paris\u201d lo har\u00e1 en horas de la noche a partir de las 20 horas, con un homenaje a su mentora, recordando la fecha de su natalicio, un espacio para la Paz y el arte de las danzas folcl\u00f3ricas.<\/p>\n","protected":false},"excerpt":{"rendered":"<p>Este es un programa a nivel nacional, este a\u00f1o se adhieren las Bibliotecas Populares \u201cDomingo Faustino Sarmiento\u201d; \u201cBarrios del Sur\u201d y Marta Elgul de Par\u00eds, en el caso de la Biblioteca \u201cBarrios del Sur\u201d inicia su programa a la ma\u00f1ana, con talleres de lectura para permitir la participaci\u00f3n de los alumnos de las escuelas. La [&hellip;]<\/p>\n","protected":false},"author":2,"featured_media":21291,"comment_status":"closed","ping_status":"closed","sticky":false,"template":"","format":"standard","meta":{"footnotes":""},"categories":[56],"tags":[],"class_list":{"0":"post-21290","1":"post","2":"type-post","3":"status-publish","4":"format-standard","5":"has-post-thumbnail","7":"category-locales"},"_links":{"self":[{"href":"https:\/\/radiobitacora.com.ar\/web\/wp-json\/wp\/v2\/posts\/21290","targetHints":{"allow":["GET"]}}],"collection":[{"href":"https:\/\/radiobitacora.com.ar\/web\/wp-json\/wp\/v2\/posts"}],"about":[{"href":"https:\/\/radiobitacora.com.ar\/web\/wp-json\/wp\/v2\/types\/post"}],"author":[{"embeddable":true,"href":"https:\/\/radiobitacora.com.ar\/web\/wp-json\/wp\/v2\/users\/2"}],"replies":[{"embeddable":true,"href":"https:\/\/radiobitacora.com.ar\/web\/wp-json\/wp\/v2\/comments?post=21290"}],"version-history":[{"count":0,"href":"https:\/\/radiobitacora.com.ar\/web\/wp-json\/wp\/v2\/posts\/21290\/revisions"}],"wp:featuredmedia":[{"embeddable":true,"href":"https:\/\/radiobitacora.com.ar\/web\/wp-json\/wp\/v2\/media\/21291"}],"wp:attachment":[{"href":"https:\/\/radiobitacora.com.ar\/web\/wp-json\/wp\/v2\/media?parent=21290"}],"wp:term":[{"taxonomy":"category","embeddable":true,"href":"https:\/\/radiobitacora.com.ar\/web\/wp-json\/wp\/v2\/categories?post=21290"},{"taxonomy":"post_tag","embeddable":true,"href":"https:\/\/radiobitacora.com.ar\/web\/wp-json\/wp\/v2\/tags?post=21290"}],"curies":[{"name":"wp","href":"https:\/\/api.w.org\/{rel}","templated":true}]}}