{"id":21293,"date":"2024-09-23T09:27:03","date_gmt":"2024-09-23T12:27:03","guid":{"rendered":"https:\/\/radiobitacora.com.ar\/web\/?p=21293"},"modified":"2024-09-23T09:27:03","modified_gmt":"2024-09-23T12:27:03","slug":"seis-gobernadores-rubricaron-un-tratado-en-bella-vista-gustavo-valdes-reunio-a-sus-pares-del-litoral-para-reafirmar-el-federalismo-y-consolidar-la-region","status":"publish","type":"post","link":"https:\/\/radiobitacora.com.ar\/web\/2024\/09\/23\/seis-gobernadores-rubricaron-un-tratado-en-bella-vista-gustavo-valdes-reunio-a-sus-pares-del-litoral-para-reafirmar-el-federalismo-y-consolidar-la-region\/","title":{"rendered":"SEIS GOBERNADORES RUBRICARON UN TRATADO EN BELLA VISTA: GUSTAVO VALD\u00c9S REUNI\u00d3 A SUS PARES DEL LITORAL PARA REAFIRMAR EL FEDERALISMO Y CONSOLIDAR LA REGI\u00d3N"},"content":{"rendered":"<p>En el presente tratado, asumen \u201cel compromiso de avanzar con la integraci\u00f3n de nuestros territorios, con el objetivo fundamental de trabajar denodadamente junto a las provincias hermanas del Litoral, a fin de articular el desarrollo de la Regi\u00f3n Litoral, que se conforma en el d\u00eda de la fecha para gestar un proceso exitoso en beneficio de la comunidad toda\u201d. Es as\u00ed que los seis gobernadores en ejercicio de sus mandatos constitucionales, declaran, primero: \u201cmanifestar el prop\u00f3sito de reafirmar el federalismo mediante la consolidaci\u00f3n de la integraci\u00f3n regional de nuestro territorio, conforme a los art\u00edculos 121, 124 y 125 de la Constituci\u00f3n Nacional, que otorgan a las provincias la facultad para crear regiones con el objeto de alcanzar su desarrollo econ\u00f3mico y social, y de establecer \u00f3rganos de funcionamiento para el cumplimiento de dichos fines\u201d.<\/p>\n<p>Segundo, seg\u00fan contin\u00faa el acta, \u201creconocer que nuestras provincias comparten v\u00ednculos hist\u00f3ricos, geogr\u00e1ficos, econ\u00f3micos, sociales, culturales comunes y una firme decisi\u00f3n de impulsar la creaci\u00f3n la Regi\u00f3n Litoral, para el desarrollo de proyectos y acciones conjuntas que permitan incrementar la producci\u00f3n, el comercio, la conectividad y la mejor calidad de vida de los pueblos\u201d.<\/p>\n<p>Luego, \u201ctercero, expresar en nombre y en representaci\u00f3n de sus respectivas provincias el compromiso de formalizar la constituci\u00f3n de la Regi\u00f3n Litoral mediante la firma de un tratado de integraci\u00f3n regional\u201d. Y \u201ccuarto, proponer a Santa Fe, ciudad de las convenciones como sede para la suscripci\u00f3n del tratado interprovincial en octubre del corriente a\u00f1o, y dada la extraordinaria importancia de esta decisi\u00f3n, participar luego de los mismos de las respectivas legislaturas, quienes oportunamente deber\u00e1n aprobar dicho tratado de conformidad a las leyes provinciales, para la posterior puesta en conocimiento del Congreso de la Naci\u00f3n, seg\u00fan lo prescripto por el art\u00edculo 124 de la Constituci\u00f3n Nacional\u201d.<\/p>\n<p>En quinto lugar, \u201cdesignar un funcionario representante por cada provincia para integrar la Mesa de Coordinaci\u00f3n, quienes tendr\u00e1n la tarea de llevar adelante las acciones necesarias para el cumplimiento de los fines propuestos en esta declaraci\u00f3n\u201d. Luego de la lectura, los gobernadores Vald\u00e9s, Zdero, Pullaro, Passalacqua, Insfr\u00e1n y Frigerio procedieron a firmar la presente declaraci\u00f3n.<\/p>\n<p><strong>\u201cTransformarse\u201d\u00a0para una Argentina \u201cm\u00e1s justa\u201d<\/strong><\/p>\n<p>Al tomar la palabra, Vald\u00e9s agradeci\u00f3 \u201cla presencia de los gobernadores, porque permanentemente los gobernadores tenemos la urgencia de gobernar y muchas veces tomarse el tiempo para reflexionar, trabajar, para tener una mirada en com\u00fan, es dif\u00edcil\u201d. Sin embargo, que \u201choy estemos ac\u00e1 solamente confirma de que tenemos la inquebrantable voluntad de marchar juntos hacia objetivos comunes\u201d.<\/p>\n<p>Brevemente, el Mandatario correntino hizo un repaso de la historia de \u201clos pactos preexistentes que configuraron a nuestro pa\u00eds\u201d, como el de 1815 en Entre R\u00edos, cuando ya \u201cten\u00edamos nuestra idea inquebrantable de constituirnos como una zona que pueda navegar, comerciar, trabajar, vivir en paz, armon\u00eda y libremente\u201d. Se\u00f1al\u00f3 que \u201cen esos pactos entre las provincias existentes en ese momento, que conformaban el Litoral, habl\u00e1bamos de la forma que ten\u00edamos que hacer para delinear el futuro de la Rep\u00fablica Argentina, y lo hac\u00edamos con convicci\u00f3n y con buena fe, ya que habl\u00e1bamos de comercio y un futuro com\u00fan\u201d.<\/p>\n<p>En ese sentido, Vald\u00e9s sostuvo que \u201cdespu\u00e9s de mucho tiempo de trabajar, hoy vemos la necesidad las provincias argentinas y fundamentalmente las del Litoral, que tenemos que reunirnos nuevamente para reconfigurar a nuestra Patria, para constituir una zona de trabajo com\u00fan y darle un nuevo impulso a esta Argentina que necesita transformarse, reformarse, pero sobre todo para que sea m\u00e1s justa con los ciudadanos del interior y que no tengamos que estar emigrando hacia otros destinos para buscar un futuro mejor\u201d. \u201cCreo que este pacto que hoy estamos suscribiendo, que nos vamos a reunir en la provincia de Santa Fe a suscribirlo en esa cuna de la Constituci\u00f3n y que vamos a hacerlo rotativamente en cada una de las provincias que conformemos reuniones para gestionar nuestros intereses comunes, los mismos van a pasar por la energ\u00eda, la producci\u00f3n, ganader\u00eda, agricultura, pero s\u00ed, tenemos mucho de qu\u00e9 hablar\u201d remarc\u00f3.<\/p>\n<p>Asimismo, agreg\u00f3 que \u201clo tenemos que hacer juntos, discutir en serio un pa\u00eds federal: No podemos seguir viviendo en un pa\u00eds que es federal en lo pol\u00edtico y cada vez tenemos mayor concentraci\u00f3n de recursos en las ciudades, en ese pa\u00eds central que no podemos romper con ese maleficio de 200 a\u00f1os de historia\u201d. En ese marco, afirm\u00f3 que \u201cla provincia de Corrientes en esto s\u00ed tiene historia, porque colaboramos para la construcci\u00f3n de la unidad nacional y como cada una de estas provincias para defender a nuestra Patria\u201d, por eso \u201cen esta ciudad que fue fundada hace casi 200 a\u00f1os por el padre de la correntinidad, Pedro Ferr\u00e9, que la hizo con una visi\u00f3n estrat\u00e9gica en un d\u00eda muy especial como hoy, que tambi\u00e9n es el D\u00eda del Chamam\u00e9\u201d, felicitando en la oportunidad a todos los chamameceros.<\/p>\n<p><img loading=\"lazy\" decoding=\"async\" class=\"size-medium wp-image-67851 alignright entered lazyloaded\" src=\"https:\/\/883radiociudad.gob.ar\/wp-content\/uploads\/2024\/09\/imagen-91019-300x183.jpg.webp\" sizes=\"auto, (max-width: 300px) 100vw, 300px\" srcset=\"https:\/\/883radiociudad.gob.ar\/wp-content\/uploads\/2024\/09\/imagen-91019-300x183.jpg.webp 300w, https:\/\/883radiociudad.gob.ar\/wp-content\/uploads\/2024\/09\/imagen-91019-1024x625.jpg.webp 1024w, https:\/\/883radiociudad.gob.ar\/wp-content\/uploads\/2024\/09\/imagen-91019-768x469.jpg.webp 768w, https:\/\/883radiociudad.gob.ar\/wp-content\/uploads\/2024\/09\/imagen-91019.jpg.webp 1475w\" alt=\"\" width=\"300\" height=\"183\" data-lazy-srcset=\"https:\/\/883radiociudad.gob.ar\/wp-content\/uploads\/2024\/09\/imagen-91019-300x183.jpg.webp 300w, https:\/\/883radiociudad.gob.ar\/wp-content\/uploads\/2024\/09\/imagen-91019-1024x625.jpg.webp 1024w, https:\/\/883radiociudad.gob.ar\/wp-content\/uploads\/2024\/09\/imagen-91019-768x469.jpg.webp 768w, https:\/\/883radiociudad.gob.ar\/wp-content\/uploads\/2024\/09\/imagen-91019.jpg.webp 1475w\" data-lazy-sizes=\"(max-width: 300px) 100vw, 300px\" data-lazy-src=\"https:\/\/883radiociudad.gob.ar\/wp-content\/uploads\/2024\/09\/imagen-91019-300x183.jpg.webp\" data-lazy-src-webp=\"https:\/\/883radiociudad.gob.ar\/wp-content\/uploads\/2024\/09\/imagen-91019-300x183.jpg.webp\" data-lazy-srcset-webp=\"https:\/\/883radiociudad.gob.ar\/wp-content\/uploads\/2024\/09\/imagen-91019-300x183.jpg.webp 300w, https:\/\/883radiociudad.gob.ar\/wp-content\/uploads\/2024\/09\/imagen-91019-1024x625.jpg.webp 1024w, https:\/\/883radiociudad.gob.ar\/wp-content\/uploads\/2024\/09\/imagen-91019-768x469.jpg.webp 768w, https:\/\/883radiociudad.gob.ar\/wp-content\/uploads\/2024\/09\/imagen-91019.jpg.webp 1475w\" data-ll-status=\"loaded\" \/><\/p>\n<p>Justific\u00f3 as\u00ed el tratado regional, ya que \u201ctenemos producci\u00f3n, cultura, ideolog\u00eda, pensamiento igual, lo que nos convierte en una zona de nuestra Rep\u00fablica Argentina y como manda la Constituci\u00f3n Nacional, podemos constituirnos en regi\u00f3n\u201d. Por eso \u201cme anima este pacto hist\u00f3rico que hoy estamos celebrando y el cual debemos seguir trabajando\u201d, finaliz\u00f3 el Gobernador.<\/p>\n<p><strong>\u201c200 a\u00f1os despu\u00e9s nos reunimos para volver a defender a nuestros pueblos\u201d<\/strong><\/p>\n<p>Previo a las palabras de Gustavo Vald\u00e9s, hablaron tambi\u00e9n los cinco mandatarios de las provincias vecinas del Litoral. El primero fue el de Santa Fe, Maximiliano Pullaro, que con respecto a la reuni\u00f3n expres\u00f3 que \u201choy, 200 a\u00f1os despu\u00e9s, nos reunimos los representantes de los pueblos de las diferentes provincias para volver a defender a nuestros ciudadanos y volver a poner una agenda que defienda el trabajo, la producci\u00f3n, el futuro y el federalismo\u201d. Agreg\u00f3 que \u201cnosotros creemos profundamente en un Gobierno y en un Estado federal, pero es muy importante en los tiempos que corren en nuestro pa\u00eds y en el mundo, que los Estados podamos empezar a encontrar temas comunes para de esa manera llevar adelante pol\u00edticas que nos permitan fundamentalmente desarrollarnos, pensar en el fortalecimiento de nuestro sistema productivo, de nuestra infraestructura, en el cuidado del ambiente y en pol\u00edticas p\u00fablicas que nos pongan en otro lugar\u201d.<\/p>\n<p>Pullaro calific\u00f3 a \u201cesto que estamos haciendo como algo hist\u00f3rico: el centro norte de la provincia de Santa Fe tiene mucho pero mucho que ver con la cultura institucional de estas provincias y siento y creo que, si trabajamos juntos, si nos proponemos objetivos importantes, vamos a lograr realmente fortalecer nuestra regi\u00f3n, pero fundamentalmente hacer un aporte para que la Rep\u00fablica Argentina pueda salir adelante\u201d. Agradeci\u00f3 as\u00ed \u201ca todos quienes estamos comprometidos en este proyecto importante, es fundamental que podamos designar a nuestros representantes para poder empezar a trabajar en diferentes \u00e1mbitos y desde ese lugar defender al Litoral y al interior de nuestro pa\u00eds\u201d.<\/p>\n<p>Por su parte, el gobernador de Misiones, Hugo Passalacqua al referirse sobre el acontecimiento, manifest\u00f3 su acuerdo con los que hab\u00eda dicho su par de Santa Fe y se sum\u00f3 a sus palabras del prop\u00f3sito de este encuentro que es \u201cconsolidar el federalismo\u201d. Prosigui\u00f3 remarcando que \u201ces un gran documento, vamos a instituir a Santa Fe como nuestra sede de origen\u201d y \u201cestaba mirando el Paran\u00e1, 200 a\u00f1os circulando en esta historia tambi\u00e9n con un curso que no siempre fue beneficioso para nuestra gente, ya que la lucha contra el puerto fue dur\u00edsima y sigue siendo dur\u00edsima; hay como una dif\u00edcil comprensi\u00f3n de lo que es el interior de este pa\u00eds, sobre todo entender un concepto b\u00e1sico que es que las provincias somos preexistentes a la Naci\u00f3n y las provincias generamos a la Naci\u00f3n\u201d reflexion\u00f3.<\/p>\n<p><img loading=\"lazy\" decoding=\"async\" class=\"size-medium wp-image-67852 alignright entered lazyloaded\" src=\"https:\/\/883radiociudad.gob.ar\/wp-content\/uploads\/2024\/09\/imagen-91015-300x200.jpg.webp\" sizes=\"auto, (max-width: 300px) 100vw, 300px\" srcset=\"https:\/\/883radiociudad.gob.ar\/wp-content\/uploads\/2024\/09\/imagen-91015-300x200.jpg.webp 300w, https:\/\/883radiociudad.gob.ar\/wp-content\/uploads\/2024\/09\/imagen-91015-1024x683.jpg.webp 1024w, https:\/\/883radiociudad.gob.ar\/wp-content\/uploads\/2024\/09\/imagen-91015-768x512.jpg.webp 768w, https:\/\/883radiociudad.gob.ar\/wp-content\/uploads\/2024\/09\/imagen-91015-1536x1024.jpg.webp 1536w, https:\/\/883radiociudad.gob.ar\/wp-content\/uploads\/2024\/09\/imagen-91015.jpg.webp 1599w\" alt=\"\" width=\"300\" height=\"200\" data-lazy-srcset=\"https:\/\/883radiociudad.gob.ar\/wp-content\/uploads\/2024\/09\/imagen-91015-300x200.jpg.webp 300w, https:\/\/883radiociudad.gob.ar\/wp-content\/uploads\/2024\/09\/imagen-91015-1024x683.jpg.webp 1024w, https:\/\/883radiociudad.gob.ar\/wp-content\/uploads\/2024\/09\/imagen-91015-768x512.jpg.webp 768w, https:\/\/883radiociudad.gob.ar\/wp-content\/uploads\/2024\/09\/imagen-91015-1536x1024.jpg.webp 1536w, https:\/\/883radiociudad.gob.ar\/wp-content\/uploads\/2024\/09\/imagen-91015.jpg.webp 1599w\" data-lazy-sizes=\"(max-width: 300px) 100vw, 300px\" data-lazy-src=\"https:\/\/883radiociudad.gob.ar\/wp-content\/uploads\/2024\/09\/imagen-91015-300x200.jpg.webp\" data-lazy-src-webp=\"https:\/\/883radiociudad.gob.ar\/wp-content\/uploads\/2024\/09\/imagen-91015-300x200.jpg.webp\" data-lazy-srcset-webp=\"https:\/\/883radiociudad.gob.ar\/wp-content\/uploads\/2024\/09\/imagen-91015-300x200.jpg.webp 300w, https:\/\/883radiociudad.gob.ar\/wp-content\/uploads\/2024\/09\/imagen-91015-1024x683.jpg.webp 1024w, https:\/\/883radiociudad.gob.ar\/wp-content\/uploads\/2024\/09\/imagen-91015-768x512.jpg.webp 768w, https:\/\/883radiociudad.gob.ar\/wp-content\/uploads\/2024\/09\/imagen-91015-1536x1024.jpg.webp 1536w, https:\/\/883radiociudad.gob.ar\/wp-content\/uploads\/2024\/09\/imagen-91015.jpg.webp 1599w\" data-ll-status=\"loaded\" \/><\/p>\n<p>El Mandatario misionero se refiri\u00f3 tambi\u00e9n a \u201clas descalificaciones que existen entre los pol\u00edticos: estamos en un pa\u00eds que hace muchos a\u00f1os est\u00e1 en tensi\u00f3n, en fricci\u00f3n, con diatribas y con desencuentros\u201d. Sin embargo \u201choy estamos aqu\u00ed seis gobernadores de varios colores pol\u00edticos y que no nos interesa nuestra procedencia desde el punto de vista partidario, sino que nos une un territorio y una historia\u201d.<\/p>\n<p><strong>Desde el Litoral, \u201cvamos hacer escuchar nuestras voces\u201d<\/strong><\/p>\n<p>Seguidamente, el gobernador de Formosa, Gildo Insfr\u00e1n, se sum\u00f3 \u201ca todo lo que dijeron mis colegas, as\u00ed que ya no les voy a hablar de federalismo, solamente decirle que vamos a defender al Litoral, porque, por ejemplo, el Puerto de Buenos Aires nunca nos mir\u00f3 y en este momento peor ni nos mira\u201d. Declar\u00f3 que \u201cnosotros no existimos para ellos, termina, como solemos decir en el interior, en la General Paz, despu\u00e9s no existe nada m\u00e1s, despu\u00e9s ya su mirada es para afuera, pero nosotros desde aqu\u00ed, desde el litoral, le vamos a hacer escuchar nuestras voces y recuerden que en eso no importa de qu\u00e9 partido provenimos, porque hay algo que nos une, que es luchar verdaderamente por el federalismo\u201d.<\/p>\n<p>El gobernador de Entre R\u00edos, Rogelio Frigerio, resalt\u00f3 en su discurso algunos aspectos que une a las 6 provincias, como \u201clos r\u00edos, nos une una historia, la sangre derramada de litorale\u00f1os en la defensa de la conformaci\u00f3n de la Naci\u00f3n Argentina, una cultura en com\u00fan, nos unen las tradiciones, nos une el chamam\u00e9 y tambi\u00e9n por qu\u00e9 no, el carnaval\u201d. Y continu\u00f3, ya que adem\u00e1s \u201cnos une el compromiso de pelear por lo que somos como regi\u00f3n, la cuna del federalismo en la Argentina, y tenemos que defenderlo, estar m\u00e1s unidos que nunca, as\u00ed nos vamos a sentir un poco menos solos de lo que nos solemos sentir, teniendo que hacernos cargo de pr\u00e1cticamente la totalidad de los bienes y servicios p\u00fablicos que recibe nuestra gente en soledad\u201d.<\/p>\n<p>Asegur\u00f3 que \u201cla conformaci\u00f3n de esta regi\u00f3n y de otras regiones en l\u00ednea con el mandato constitucional, nos hace m\u00e1s fuertes en la pelea de algunas cuestiones b\u00e1sicas\u201d, como \u201cpor ejemplo a la vera del r\u00edo, la hidrov\u00eda del Paran\u00e1, ya que no puede tomarse decisiones en t\u00e9rminos de la hidrov\u00eda sin el acuerdo, el consejo, el conocimiento que tienen estas provincias, no debe ser as\u00ed, en esta pelea quedamos muchas veces en solitario y a partir de hoy, a partir de esta fecha hist\u00f3rica, la vamos a dar entre todos\u201d.<\/p>\n<p><strong>\u201cLa Patria se hizo desde el interior profundo\u201d<\/strong><\/p>\n<p>A su turno, el gobernador de Chaco, Leandro Zdero, indic\u00f3 que \u201cllegamos ac\u00e1 a ratificar el rumbo de la historia, venimos a ratificar a la Argentina federal, porque la Patria se hizo desde el interior profundo hacia Buenos Aires y se hace todos los d\u00edas\u201d. Afirm\u00f3 que \u201ceste pacto que seguramente ser\u00e1 hist\u00f3rico si tenemos la capacidad de trabajar juntos, sabiendo que m\u00e1s all\u00e1 de nuestras pertenencias ideol\u00f3gicas partidarias, el entendimiento de los comunes denominadores de los problemas que tenemos en las provincias y en la regi\u00f3n es justamente el norte que marcar\u00e1n las acciones de ahora en m\u00e1s\u201d.<\/p>\n<p><img loading=\"lazy\" decoding=\"async\" class=\"size-medium wp-image-67853 alignright entered lazyloaded\" src=\"https:\/\/883radiociudad.gob.ar\/wp-content\/uploads\/2024\/09\/imagen-91011-300x200.jpg.webp\" sizes=\"auto, (max-width: 300px) 100vw, 300px\" srcset=\"https:\/\/883radiociudad.gob.ar\/wp-content\/uploads\/2024\/09\/imagen-91011-300x200.jpg.webp 300w, https:\/\/883radiociudad.gob.ar\/wp-content\/uploads\/2024\/09\/imagen-91011-1024x683.jpg.webp 1024w, https:\/\/883radiociudad.gob.ar\/wp-content\/uploads\/2024\/09\/imagen-91011-768x512.jpg.webp 768w, https:\/\/883radiociudad.gob.ar\/wp-content\/uploads\/2024\/09\/imagen-91011-1536x1024.jpg.webp 1536w, https:\/\/883radiociudad.gob.ar\/wp-content\/uploads\/2024\/09\/imagen-91011.jpg.webp 1599w\" alt=\"\" width=\"300\" height=\"200\" data-lazy-srcset=\"https:\/\/883radiociudad.gob.ar\/wp-content\/uploads\/2024\/09\/imagen-91011-300x200.jpg.webp 300w, https:\/\/883radiociudad.gob.ar\/wp-content\/uploads\/2024\/09\/imagen-91011-1024x683.jpg.webp 1024w, https:\/\/883radiociudad.gob.ar\/wp-content\/uploads\/2024\/09\/imagen-91011-768x512.jpg.webp 768w, https:\/\/883radiociudad.gob.ar\/wp-content\/uploads\/2024\/09\/imagen-91011-1536x1024.jpg.webp 1536w, https:\/\/883radiociudad.gob.ar\/wp-content\/uploads\/2024\/09\/imagen-91011.jpg.webp 1599w\" data-lazy-sizes=\"(max-width: 300px) 100vw, 300px\" data-lazy-src=\"https:\/\/883radiociudad.gob.ar\/wp-content\/uploads\/2024\/09\/imagen-91011-300x200.jpg.webp\" data-lazy-src-webp=\"https:\/\/883radiociudad.gob.ar\/wp-content\/uploads\/2024\/09\/imagen-91011-300x200.jpg.webp\" data-lazy-srcset-webp=\"https:\/\/883radiociudad.gob.ar\/wp-content\/uploads\/2024\/09\/imagen-91011-300x200.jpg.webp 300w, https:\/\/883radiociudad.gob.ar\/wp-content\/uploads\/2024\/09\/imagen-91011-1024x683.jpg.webp 1024w, https:\/\/883radiociudad.gob.ar\/wp-content\/uploads\/2024\/09\/imagen-91011-768x512.jpg.webp 768w, https:\/\/883radiociudad.gob.ar\/wp-content\/uploads\/2024\/09\/imagen-91011-1536x1024.jpg.webp 1536w, https:\/\/883radiociudad.gob.ar\/wp-content\/uploads\/2024\/09\/imagen-91011.jpg.webp 1599w\" data-ll-status=\"loaded\" \/><\/p>\n<p>Dijo que \u201clos problemas comunes de la Argentina profunda, tienen que ser expresados desde la posibilidad concreta de ir resolvi\u00e9ndolos y creo que hoy m\u00e1s que nunca la ratificaci\u00f3n de este pacto viene a expresar eso, la voluntad pol\u00edtica, el entendimiento, el esfuerzo compartido porque siempre lo digo: no hay posibilidad de salir adelante si los argentinos seguimos mir\u00e1ndonos de reojo\u201d. Por eso \u201cvan a ver en este gestual pacto, pero sincero en el trabajo que emprenderemos, que nos vamos a poner espalda con espalda los gobernadores y todos y cada uno de los comprovincianos de estas seis provincias para pelear por ese norte, que se va a poner de pie por las potencialidades que tenemos y fundamentalmente porque so\u00f1amos, queremos y vamos a construir el pa\u00eds federal que nos merecemos\u201d concluy\u00f3 Zdero.<\/p>\n<p>Se encontraban presentes en el acto, el vicegobernador Pedro Braillard Poccard; el vicepresidente primero de la C\u00e1mara de Senadores de la Provincia, Henry Fick; y su par de la C\u00e1mara de Diputados, Pedro Cassani; la intendenta de Bella Vista, Noelia Bazzi, adem\u00e1s de autoridades provinciales de Misiones, Chaco, Santa Fe, Entre R\u00edos y Formosa.<\/p>\n","protected":false},"excerpt":{"rendered":"<p>En el presente tratado, asumen \u201cel compromiso de avanzar con la integraci\u00f3n de nuestros territorios, con el objetivo fundamental de trabajar denodadamente junto a las provincias hermanas del Litoral, a fin de articular el desarrollo de la Regi\u00f3n Litoral, que se conforma en el d\u00eda de la fecha para gestar un proceso exitoso en beneficio [&hellip;]<\/p>\n","protected":false},"author":2,"featured_media":21294,"comment_status":"closed","ping_status":"closed","sticky":false,"template":"","format":"standard","meta":{"footnotes":""},"categories":[79],"tags":[],"class_list":{"0":"post-21293","1":"post","2":"type-post","3":"status-publish","4":"format-standard","5":"has-post-thumbnail","7":"category-politica"},"_links":{"self":[{"href":"https:\/\/radiobitacora.com.ar\/web\/wp-json\/wp\/v2\/posts\/21293","targetHints":{"allow":["GET"]}}],"collection":[{"href":"https:\/\/radiobitacora.com.ar\/web\/wp-json\/wp\/v2\/posts"}],"about":[{"href":"https:\/\/radiobitacora.com.ar\/web\/wp-json\/wp\/v2\/types\/post"}],"author":[{"embeddable":true,"href":"https:\/\/radiobitacora.com.ar\/web\/wp-json\/wp\/v2\/users\/2"}],"replies":[{"embeddable":true,"href":"https:\/\/radiobitacora.com.ar\/web\/wp-json\/wp\/v2\/comments?post=21293"}],"version-history":[{"count":0,"href":"https:\/\/radiobitacora.com.ar\/web\/wp-json\/wp\/v2\/posts\/21293\/revisions"}],"wp:featuredmedia":[{"embeddable":true,"href":"https:\/\/radiobitacora.com.ar\/web\/wp-json\/wp\/v2\/media\/21294"}],"wp:attachment":[{"href":"https:\/\/radiobitacora.com.ar\/web\/wp-json\/wp\/v2\/media?parent=21293"}],"wp:term":[{"taxonomy":"category","embeddable":true,"href":"https:\/\/radiobitacora.com.ar\/web\/wp-json\/wp\/v2\/categories?post=21293"},{"taxonomy":"post_tag","embeddable":true,"href":"https:\/\/radiobitacora.com.ar\/web\/wp-json\/wp\/v2\/tags?post=21293"}],"curies":[{"name":"wp","href":"https:\/\/api.w.org\/{rel}","templated":true}]}}