{"id":21305,"date":"2024-09-23T09:39:24","date_gmt":"2024-09-23T12:39:24","guid":{"rendered":"https:\/\/radiobitacora.com.ar\/web\/?p=21305"},"modified":"2024-09-23T09:39:24","modified_gmt":"2024-09-23T12:39:24","slug":"valdes-anuncio-el-cronograma-de-sueldos-para-trabajadores-estatales","status":"publish","type":"post","link":"https:\/\/radiobitacora.com.ar\/web\/2024\/09\/23\/valdes-anuncio-el-cronograma-de-sueldos-para-trabajadores-estatales\/","title":{"rendered":"Vald\u00e9s anunci\u00f3 el cronograma de sueldos para trabajadores estatales"},"content":{"rendered":"<p>El gobernador, de Corrientes, Gustavo Vald\u00e9s, anunci\u00f3 este lunes cu\u00e1ndo arrancar\u00e1 el pago del sueldo del mes de septiembre para los trabajadores provinciales activos y jubilados.<\/p>\n<div class=\"container-spot\" data-tipo=\"tipo_todo\" data-pos=\"NEW_P1_cuerpo\"><\/div>\n<p>El pago iniciar\u00e1 el martes 24\u00a0con aquellos que tengan su DNI terminados en 0 y 1.<\/p>\n<p>El mi\u00e9rcoles 25 para\u00a0los trabajadores que tengan documentos finalizados en 2 y 3.<\/p>\n<div class=\"container-spot\" data-tipo=\"tipo_todo\" data-pos=\"NEW_P2_cuerpo\"><\/div>\n<p>Mientras que, el jueves 26 le corresponder\u00e1 a los\u00a0DNI terminados en 4 y 5.<\/p>\n<p>El cronograma continuara el viernes 27 para los documentos finalizados en 6 y 7.<\/p>\n<div class=\"container-spot\" data-tipo=\"tipo_todo\" data-pos=\"NEW_P3_cuerpo\"><\/div>\n<p>El pago finalizar\u00e1 el lunes 30 para los 8 y 9, disponibles en cajeros a partir del s\u00e1bado 28.<\/p>\n","protected":false},"excerpt":{"rendered":"<p>El gobernador, de Corrientes, Gustavo Vald\u00e9s, anunci\u00f3 este lunes cu\u00e1ndo arrancar\u00e1 el pago del sueldo del mes de septiembre para los trabajadores provinciales activos y jubilados. El pago iniciar\u00e1 el martes 24\u00a0con aquellos que tengan su DNI terminados en 0 y 1. El mi\u00e9rcoles 25 para\u00a0los trabajadores que tengan documentos finalizados en 2 y 3. [&hellip;]<\/p>\n","protected":false},"author":2,"featured_media":21306,"comment_status":"closed","ping_status":"closed","sticky":false,"template":"","format":"standard","meta":{"footnotes":""},"categories":[79],"tags":[],"class_list":{"0":"post-21305","1":"post","2":"type-post","3":"status-publish","4":"format-standard","5":"has-post-thumbnail","7":"category-politica"},"_links":{"self":[{"href":"https:\/\/radiobitacora.com.ar\/web\/wp-json\/wp\/v2\/posts\/21305","targetHints":{"allow":["GET"]}}],"collection":[{"href":"https:\/\/radiobitacora.com.ar\/web\/wp-json\/wp\/v2\/posts"}],"about":[{"href":"https:\/\/radiobitacora.com.ar\/web\/wp-json\/wp\/v2\/types\/post"}],"author":[{"embeddable":true,"href":"https:\/\/radiobitacora.com.ar\/web\/wp-json\/wp\/v2\/users\/2"}],"replies":[{"embeddable":true,"href":"https:\/\/radiobitacora.com.ar\/web\/wp-json\/wp\/v2\/comments?post=21305"}],"version-history":[{"count":0,"href":"https:\/\/radiobitacora.com.ar\/web\/wp-json\/wp\/v2\/posts\/21305\/revisions"}],"wp:featuredmedia":[{"embeddable":true,"href":"https:\/\/radiobitacora.com.ar\/web\/wp-json\/wp\/v2\/media\/21306"}],"wp:attachment":[{"href":"https:\/\/radiobitacora.com.ar\/web\/wp-json\/wp\/v2\/media?parent=21305"}],"wp:term":[{"taxonomy":"category","embeddable":true,"href":"https:\/\/radiobitacora.com.ar\/web\/wp-json\/wp\/v2\/categories?post=21305"},{"taxonomy":"post_tag","embeddable":true,"href":"https:\/\/radiobitacora.com.ar\/web\/wp-json\/wp\/v2\/tags?post=21305"}],"curies":[{"name":"wp","href":"https:\/\/api.w.org\/{rel}","templated":true}]}}