{"id":21341,"date":"2024-09-23T17:41:43","date_gmt":"2024-09-23T20:41:43","guid":{"rendered":"https:\/\/radiobitacora.com.ar\/web\/?p=21341"},"modified":"2024-09-23T17:41:43","modified_gmt":"2024-09-23T20:41:43","slug":"tras-el-discurso-de-milei-en-eeuu-las-acciones-argentinas-que-cotizan-en-wall-street-cayeron-hasta-36","status":"publish","type":"post","link":"https:\/\/radiobitacora.com.ar\/web\/2024\/09\/23\/tras-el-discurso-de-milei-en-eeuu-las-acciones-argentinas-que-cotizan-en-wall-street-cayeron-hasta-36\/","title":{"rendered":"Tras el discurso de Milei en EEUU, las acciones argentinas que cotizan en Wall Street cayeron hasta 3,6%"},"content":{"rendered":"<p class=\"paragraph\" data-mrf-recirculation=\"Links inline\">Las\u00a0<b>acciones argentinas<\/b>\u00a0que cotizan en la<b>\u00a0Bolsa de Nueva York<\/b>\u00a0iniciaron este lunes con ca\u00eddas de hasta 3,5% en la misma jornada en la que<b>\u00a0Javier Milei\u00a0<\/b>diera un discurso en la entidad como parte de su agenda en\u00a0<b>Estados Unidos<\/b>\u00a0y realizara\u00a0<a href=\"https:\/\/www.infobae.com\/economia\/2024\/09\/23\/milei-en-wall-street-no-estoy-dispuesto-a-sacrificar-el-deficit-fiscal\/\" target=\"_blank\" rel=\"noopener noreferrer\" data-mrf-link=\"https:\/\/www.infobae.com\/economia\/2024\/09\/23\/milei-en-wall-street-no-estoy-dispuesto-a-sacrificar-el-deficit-fiscal\/\">el tradicional toque de campana que da inicio a las operaciones en Wall Street<\/a>.<\/p>\n<p class=\"paragraph\" data-mrf-recirculation=\"Links inline\">Los papeles de las empresas que cotizan en Nueva York (ADRs) comenzaron la semana a la baja. Las acciones de\u00a0<b>Banco Macro<\/b>\u00a0cayeron -2,9%,<b>\u00a0Loma Negra<\/b>\u00a0-3,6%, YPF -3,2%,\u00a0<b>Pampa Energ\u00eda<\/b>\u00a0-3,1% y\u00a0<b>Edenor<\/b>\u00a0-1,8 por ciento.<\/p>\n<p class=\"paragraph\" data-mrf-recirculation=\"Links inline\">Por su parte, la Bolsa porte\u00f1a registr\u00f3 una ca\u00edda del 2,3% en promedio. Del panel principal que agrupa a las principales empresas, es decir, las que mueven mayor volumen de operaciones, se destac\u00f3 la baja de\u00a0<b>Loma Negra\u00a0<\/b>(-4,4%),\u00a0<b>Edenor\u00a0<\/b>(-4%) y<b>\u00a0Mirgor\u00a0<\/b>(-3.5%).<\/p>\n<p class=\"paragraph\" data-mrf-recirculation=\"Links inline\">En el caso de los\u00a0<b>bonos<\/b>\u00a0<b>soberanos en d\u00f3lares<\/b>, se mantuvieron estables pero con una leve tendencia a la baja en l\u00ednea con el arrastre que dej\u00f3 el \u00faltimo viernes. Los bonares muestran un retroceso de hasta -0,3%, en el caso del AL29, y los globales, hasta -0,3% en el caso del GD29. De todos modos, el\u00a0<b>Riesgo Pa\u00eds\u00a0<\/b>retrocedi\u00f3 8 puntos b\u00e1sicos hasta los 1.311 puntos.<\/p>\n<div class=\"visual__image\"><img loading=\"lazy\" decoding=\"async\" class=\"\" src=\"https:\/\/www.infobae.com\/new-resizer\/3xF0XIU8bJQI82WBXvfnbRPb4nY=\/420x236\/filters:format(webp):quality(85)\/cloudfront-us-east-1.images.arcpublishing.com\/infobae\/RCPNDZ2L3BEGZBGYAEXSEJCTJY.jpg%20420w\" sizes=\"auto, (min-width: 1560px) 856px, (min-width: 1000px) calc(74.63vw - 293px), (min-width: 780px) calc(100vw - 376px), (min-width: 580px) calc(100vw - 32px), 100vw\" srcset=\"https:\/\/www.infobae.com\/new-resizer\/3xF0XIU8bJQI82WBXvfnbRPb4nY=\/420x236\/filters:format(webp):quality(85)\/cloudfront-us-east-1.images.arcpublishing.com\/infobae\/RCPNDZ2L3BEGZBGYAEXSEJCTJY.jpg 420w,https:\/\/www.infobae.com\/new-resizer\/0In9tQV6qHR2YvKFc-WgNe9dZUU=\/768x432\/filters:format(webp):quality(85)\/cloudfront-us-east-1.images.arcpublishing.com\/infobae\/RCPNDZ2L3BEGZBGYAEXSEJCTJY.jpg 768w,https:\/\/www.infobae.com\/new-resizer\/FRPHPlud9euai_mc5pnUDnvkJiM=\/992x558\/filters:format(webp):quality(85)\/cloudfront-us-east-1.images.arcpublishing.com\/infobae\/RCPNDZ2L3BEGZBGYAEXSEJCTJY.jpg 992w,https:\/\/www.infobae.com\/new-resizer\/EJ0jakRSAZs91JCl_Ol20lmjofY=\/1200x675\/filters:format(webp):quality(85)\/cloudfront-us-east-1.images.arcpublishing.com\/infobae\/RCPNDZ2L3BEGZBGYAEXSEJCTJY.jpg 1200w,https:\/\/www.infobae.com\/new-resizer\/UzX-ClakljGOuvNTuczjXjt0vGg=\/1440x810\/filters:format(webp):quality(85)\/cloudfront-us-east-1.images.arcpublishing.com\/infobae\/RCPNDZ2L3BEGZBGYAEXSEJCTJY.jpg 1440w\" alt=\"Milei toc\u00f3 la campana y habl\u00f3 ante inversores en Wall Street (AP Images)\" width=\"1920\" height=\"1080\" data-src=\"https:\/\/www.infobae.com\/new-resizer\/3xF0XIU8bJQI82WBXvfnbRPb4nY=\/420x236\/filters:format(webp):quality(85)\/cloudfront-us-east-1.images.arcpublishing.com\/infobae\/RCPNDZ2L3BEGZBGYAEXSEJCTJY.jpg 420w\" \/>Milei toc\u00f3 la campana y habl\u00f3 ante inversores en Wall Street (AP Images)<\/div>\n<p class=\"paragraph\" data-mrf-recirculation=\"Links inline\"><b>Milei<\/b>\u00a0visit\u00f3 la\u00a0<b>Bolsa de Nueva York<\/b>\u00a0en ocasi\u00f3n de su viaje para participar de la\u00a0<b>Asamblea General de las Naciones Unidas<\/b>. El Presidente ratific\u00f3 que su gobierno mantendr\u00e1 la pauta de equilibrio fiscal y reiter\u00f3 uno de los pasos previos que necesita la econom\u00eda antes de levantar las restricciones cambiarias.<\/p>\n<p class=\"paragraph\" data-mrf-recirculation=\"Links inline\">Junto a Milei subieron al balc\u00f3n que gobierna el piso de operaciones la canciller\u00a0<b>Diana Mondino<\/b>,\u00a0<b>Karina Milei<\/b>, la ministra de seguridad\u00a0<b>Patricia Bullrich<\/b>, la Presidenta de la Bolsa\u00a0<b>Stacey Cunningham<\/b>, el ministro de Econom\u00eda\u00a0<b>Luis Caputo<\/b>, el embajador de la Argentina en los Estados unidos\u00a0<b>Gerardo Werthein y<\/b>\u00a0el asesor presidencial<b>\u00a0Demian Reidel.<\/b><\/p>\n<p class=\"paragraph\" data-mrf-recirculation=\"Links inline\">\u201cNosotros, al momento de arribar al gobierno, b\u00e1sicamente Argentina estaba al borde de lo que hubiera sido la peor crisis de su historia. Combinaba los elementos de las tres m\u00e1s grandes crisis de la historia argentina\u201d, coment\u00f3 el mandatario. \u201cNo estoy dispuesto a sacrificar el d\u00e9ficit fiscal\u201d, asegur\u00f3 en otro pasaje de su discurso.<\/p>\n<p class=\"paragraph\" data-mrf-recirculation=\"Links inline\">\u201cRadicalizamos el corte de la emisi\u00f3n monetaria.\u00a0<b>Y ahora la inflaci\u00f3n mayorista es del 2,1% mensual\u201d, festej\u00f3. \u201cPor eso Caputo va a ser recordado como el mejor ministro de econom\u00eda de la historia<\/b>\u00a0(&#8230;) Vamos a domar la inflaci\u00f3n, eso est\u00e1 en marcha\u201d, agreg\u00f3.<\/p>\n<p class=\"paragraph\" data-mrf-recirculation=\"Links inline\"><b>\u201cEl cepo lo vamos a liberar cuando la tasa de inflaci\u00f3n que tiene el programa macroecon\u00f3mico sea cero\u201d<\/b>, remarc\u00f3 Milei.<\/p>\n<div class=\"visual__image\"><img loading=\"lazy\" decoding=\"async\" class=\"\" src=\"https:\/\/www.infobae.com\/new-resizer\/G9WLCajWgTJGfkTPKDI2ANgP3Rw=\/420x236\/filters:format(webp):quality(85)\/cloudfront-us-east-1.images.arcpublishing.com\/infobae\/3R435KSDNBHLLFJGWL6YZQ4AG4.jpg%20420w\" sizes=\"auto, (min-width: 1560px) 856px, (min-width: 1000px) calc(74.63vw - 293px), (min-width: 780px) calc(100vw - 376px), (min-width: 580px) calc(100vw - 32px), 100vw\" srcset=\"https:\/\/www.infobae.com\/new-resizer\/G9WLCajWgTJGfkTPKDI2ANgP3Rw=\/420x236\/filters:format(webp):quality(85)\/cloudfront-us-east-1.images.arcpublishing.com\/infobae\/3R435KSDNBHLLFJGWL6YZQ4AG4.jpg 420w,https:\/\/www.infobae.com\/new-resizer\/GuFjHPcvoVWZ3jDdPmBBR74Cm9k=\/768x432\/filters:format(webp):quality(85)\/cloudfront-us-east-1.images.arcpublishing.com\/infobae\/3R435KSDNBHLLFJGWL6YZQ4AG4.jpg 768w,https:\/\/www.infobae.com\/new-resizer\/L6zj8D1ECPb4uwuJ6-zqkLY_Hs0=\/992x558\/filters:format(webp):quality(85)\/cloudfront-us-east-1.images.arcpublishing.com\/infobae\/3R435KSDNBHLLFJGWL6YZQ4AG4.jpg 992w,https:\/\/www.infobae.com\/new-resizer\/q73THR5OEOm1qRqP4SLpC5T5pW0=\/1200x675\/filters:format(webp):quality(85)\/cloudfront-us-east-1.images.arcpublishing.com\/infobae\/3R435KSDNBHLLFJGWL6YZQ4AG4.jpg 1200w,https:\/\/www.infobae.com\/new-resizer\/kGsy247P0CskHZ2Clw_idQk250Y=\/1440x810\/filters:format(webp):quality(85)\/cloudfront-us-east-1.images.arcpublishing.com\/infobae\/3R435KSDNBHLLFJGWL6YZQ4AG4.jpg 1440w\" alt=\"Milei se encontr\u00f3 con Elon Musk en Nueva York\" width=\"1920\" height=\"1080\" data-src=\"https:\/\/www.infobae.com\/new-resizer\/G9WLCajWgTJGfkTPKDI2ANgP3Rw=\/420x236\/filters:format(webp):quality(85)\/cloudfront-us-east-1.images.arcpublishing.com\/infobae\/3R435KSDNBHLLFJGWL6YZQ4AG4.jpg 420w\" \/>Milei se encontr\u00f3 con Elon Musk en Nueva York<\/div>\n<p class=\"paragraph\" data-mrf-recirculation=\"Links inline\">\u201cA diferencia de todas las otras experiencias que salieron con el tipo de cambio oficial hacia el paralelo, estamos demostrando que se puede hacer desde el paralelo hacia el oficial (&#8230;) El d\u00eda que terminemos de levantar el cepo se cerrar\u00e1 el exceso de demanda de divisas y, por ende, se cerrar\u00e1 el exceso de oferta en el mercado de bonos\u201d, resalt\u00f3 el Presidente.<\/p>\n<p class=\"paragraph\" data-mrf-recirculation=\"Links inline\">\u201cCuando decimos que se va a cerrar la brecha desde arriba hacia abajo, lo estamos cumpliendo. Hoy la brecha se est\u00e1 comprimiendo a menos del 10%\u201d, celebr\u00f3 Milei y agreg\u00f3 \u201cel d\u00eda que levantemos el cepo, se cerrar\u00e1 el exceso de oferta en el mercado de bienes, habr\u00e1 una expansi\u00f3n adicional de la actividad econ\u00f3mica y tambi\u00e9n se cerrar\u00e1 el exceso de oferta de trabajo\u201d<\/p>\n<p class=\"paragraph\" data-mrf-recirculation=\"Links inline\">\u201cVamos a liberar el cepo cuando ya no haya ning\u00fan riesgo de desestabilizaci\u00f3n, cuando el exceso de pesos en la econom\u00eda haya desaparecido por completo. (&#8230;) Finalmente, el levantamiento del cepo va a permitir que el pa\u00eds acelere la acumulaci\u00f3n de capital, lo que llevar\u00e1 a una expansi\u00f3n econ\u00f3mica, mayor empleo y mejores salarios\u201d, concluy\u00f3 respecto al tema de los controles de cambio.<\/p>\n","protected":false},"excerpt":{"rendered":"<p>Las\u00a0acciones argentinas\u00a0que cotizan en la\u00a0Bolsa de Nueva York\u00a0iniciaron este lunes con ca\u00eddas de hasta 3,5% en la misma jornada en la que\u00a0Javier Milei\u00a0diera un discurso en la entidad como parte de su agenda en\u00a0Estados Unidos\u00a0y realizara\u00a0el tradicional toque de campana que da inicio a las operaciones en Wall Street. Los papeles de las empresas que [&hellip;]<\/p>\n","protected":false},"author":2,"featured_media":21342,"comment_status":"closed","ping_status":"closed","sticky":false,"template":"","format":"standard","meta":{"footnotes":""},"categories":[79],"tags":[],"class_list":{"0":"post-21341","1":"post","2":"type-post","3":"status-publish","4":"format-standard","5":"has-post-thumbnail","7":"category-politica"},"_links":{"self":[{"href":"https:\/\/radiobitacora.com.ar\/web\/wp-json\/wp\/v2\/posts\/21341","targetHints":{"allow":["GET"]}}],"collection":[{"href":"https:\/\/radiobitacora.com.ar\/web\/wp-json\/wp\/v2\/posts"}],"about":[{"href":"https:\/\/radiobitacora.com.ar\/web\/wp-json\/wp\/v2\/types\/post"}],"author":[{"embeddable":true,"href":"https:\/\/radiobitacora.com.ar\/web\/wp-json\/wp\/v2\/users\/2"}],"replies":[{"embeddable":true,"href":"https:\/\/radiobitacora.com.ar\/web\/wp-json\/wp\/v2\/comments?post=21341"}],"version-history":[{"count":0,"href":"https:\/\/radiobitacora.com.ar\/web\/wp-json\/wp\/v2\/posts\/21341\/revisions"}],"wp:featuredmedia":[{"embeddable":true,"href":"https:\/\/radiobitacora.com.ar\/web\/wp-json\/wp\/v2\/media\/21342"}],"wp:attachment":[{"href":"https:\/\/radiobitacora.com.ar\/web\/wp-json\/wp\/v2\/media?parent=21341"}],"wp:term":[{"taxonomy":"category","embeddable":true,"href":"https:\/\/radiobitacora.com.ar\/web\/wp-json\/wp\/v2\/categories?post=21341"},{"taxonomy":"post_tag","embeddable":true,"href":"https:\/\/radiobitacora.com.ar\/web\/wp-json\/wp\/v2\/tags?post=21341"}],"curies":[{"name":"wp","href":"https:\/\/api.w.org\/{rel}","templated":true}]}}