{"id":21356,"date":"2024-09-23T18:09:12","date_gmt":"2024-09-23T21:09:12","guid":{"rendered":"https:\/\/radiobitacora.com.ar\/web\/?p=21356"},"modified":"2024-09-23T18:09:12","modified_gmt":"2024-09-23T21:09:12","slug":"regresiones-a-vidas-pasadas-que-es-y-para-que-sirve-esta-terapia-que-fascina-a-famosos-de-matt-damon-a-gloria-stefan","status":"publish","type":"post","link":"https:\/\/radiobitacora.com.ar\/web\/2024\/09\/23\/regresiones-a-vidas-pasadas-que-es-y-para-que-sirve-esta-terapia-que-fascina-a-famosos-de-matt-damon-a-gloria-stefan\/","title":{"rendered":"Regresiones a vidas pasadas: qu\u00e9 es y para qu\u00e9 sirve esta terapia que fascina a famosos, de Matt Damon a Gloria Stefan"},"content":{"rendered":"<p>Una amiga me lo cont\u00f3: ten\u00eda\u00a0<strong>unos dolores de cabeza imposibles,<\/strong>\u00a0llevaba a\u00f1os intentando de todas las formas combatirlos, pero no hab\u00eda vuelta. Hubo momentos en que\u00a0<strong>no se pod\u00eda levantar de la cama<\/strong>, que ve\u00eda nublado, que se encerraba a oscuras en el ba\u00f1o a llorar.<\/p>\n<p>Un d\u00eda alguien le habl\u00f3 de<strong>\u00a0las regresiones a vidas pasadas, una terapia alternativa que pod\u00eda ayudarla.\u00a0<\/strong>A pesar de ser una persona muy mental, decidi\u00f3 intentarlo y el resultado fue mucho m\u00e1s que sorprendente.<strong>\u00a0Hizo 7 sesiones y en cada una de las experiencias pasaba lo mismo: le cortaban la cabeza.<\/strong>\u00a0Se la cortaban en una lucha en plena edad media, se la cortaban con un hacha, los escenarios cambiaban pero la imagen se reproduc\u00eda.<\/p>\n<p>Despu\u00e9s de esos encuentros,<strong>\u00a0el dolor de cabeza mut\u00f3.\u00a0<\/strong>No desapareci\u00f3 del todo, pero se hizo controlable y espor\u00e1dico. Mi amiga volvi\u00f3 a la vida.<\/p>\n<p>Algo parecido me pas\u00f3 a m\u00ed:<strong>\u00a0decid\u00ed ir y ver qu\u00e9 pasaba. Mis miedos<\/strong>, si bien me dejaban avanzar, eran insoportables, aparec\u00edan y se multiplicaban, me hac\u00edan pensar en cosas fant\u00e1sticas y<strong>\u00a0en desenlaces oscuros y negativos.\u00a0<\/strong>Todo lo malo me ten\u00eda que pasar a m\u00ed: el avi\u00f3n se iba a caer, el embarazo lo iba a perder, la fiebre era porque en realidad estaba muy enferma y lo iban a descubrir en el an\u00e1lisis de sangre que me estaban por hacer.<\/p>\n<p><strong>Experiment\u00e9 durante 40 a\u00f1os tantas enfermedades como escuch\u00e9<\/strong>: si alguien me contaba algo de un caso en mil de cierta patolog\u00eda, me iba a pasar. Me hice experta en descifrar caras de m\u00e9dicos aparentemente alarmados cuando en realidad no hab\u00edan llegado a abrir el sobre. Hab\u00eda hecho de todo:\u00a0<strong>terapia<\/strong>\u00a0desde los 14 a\u00f1os con diferentes profesionales y de diferentes ramas,<strong>\u00a0constelaciones familiares<\/strong>,\u00a0<strong>biodecodificaci\u00f3n<\/strong>,\u00a0<strong>homeopat\u00eda<\/strong>,\u00a0<strong>meditaci\u00f3n<\/strong>,\u00a0<strong>yoga<\/strong>\u00a0y hasta consult\u00e9 a un psiquiatra. Nada me bajaba ese maldito ataque de ansiedad que me generaban las enfermedades y los vuelos.<\/p>\n<p>Mi viaje fue diferente y cuando me lo acuerdo siento que fue una pel\u00edcula que vi en la tele, veo colores, texturas, es como si de alguna manera hubiera estado ah\u00ed.<\/p>\n<p>&#8220;El origen de este m\u00e9todo se remonta a tiempos antiguos en diferentes disciplinas esot\u00e9ricas y en diferentes escuelas espirituales.\u00a0<strong>El m\u00e9todo moderno fue puesto en relieve y difundido por el m\u00e9dico psiquiatra Dr Brian Weiss en 1988,<\/strong>\u00a0a partir de la publicaci\u00f3n de un trabajo experimental realizado con sus pacientes y que demor\u00f3 4 a\u00f1os en publicar dado lo controversial que resultaba a nivel de las ciencias modernas&#8221;, explica el licenciado\u00a0<strong>Guillermo E. Olivero,<\/strong>\u00a0secretario de la A.A.T.V.P.(Asociaci\u00f3n Argentina de Terapia de Vidas Pasadas) y psic\u00f3logo cl\u00ednico (U.B.A. 1987).<\/p>\n<p>Los escenarios pueden cambiar: muchos vuelven al \u00fatero materno para sanar traumas que sucedieron cuando estaban en la panza. &#8220;Yo reviv\u00ed tres veces mi parto porque\u00a0<strong>hice tres regresiones al vientre materno<\/strong>\u00a0<strong>por todo lo que hab\u00eda sucedido en esos cuatro meses de gestaci\u00f3n posteriores a ese acontecimiento que afect\u00f3 a mi padre y a mi madre, que fue la muerte de mi hermanita<\/strong>&#8220;, cuenta el especialista.<\/p>\n<p>&#8220;Muchas veces me dicen que se pasa por situaciones muy dolorosas. Y s\u00ed, es as\u00ed, no solo f\u00edsicas. A veces emocionales como p\u00e9rdidas de seres queridos. Se reviven y toda esa emoci\u00f3n atrapada en ese momento tiene que ser liberada porque sino nos sigue afectando en nuestra vida actual. Despu\u00e9s de realizar, una dos o tres experiencias de estas, uno sabe que<strong>\u00a0todo lo que uno pueda padecer circunstancialmente en ese momento est\u00e1 ampliamente compensado por los beneficios terap\u00e9uticos que trae posteriormente<\/strong>\u00a0y las enfrenta sin temor&#8221;, suma.<\/p>\n<h2 class=\"wp-block-heading\">Qu\u00e9 es y c\u00f3mo funciona la terapia de regresiones a vidas pasadas<\/h2>\n<figure class=\"wp-block-image size-large\"><img decoding=\"async\" class=\"wp-image-535929\" src=\"https:\/\/www.revistagente.com\/wp-content\/uploads\/2024\/09\/85968730_l_normal_none-720x480.jpg.webp\" alt=\"\" data-tapa-url=\"https:\/\/www.revistagente.com\/wp-content\/uploads\/2024\/09\/85968730_l_normal_none-720x480.jpg.webp\" data-loaded=\"true\" data-cargado=\"true\" \/><figcaption class=\"wp-element-caption\">A trav\u00e9s de una hipnosis leve, el profesional logra conectar al paciente con su inconsciente para que viaje a esos momentos que lo marcaron.<\/figcaption><\/figure>\n<p>&#8220;Se conoce como regresiones a vidas pasadas a un tipo de\u00a0<strong>terapia transpersonal\u00a0<\/strong>que genera\u00a0<strong>experiencias subjetivas con efectos terap\u00e9uticos.<\/strong>\u00a0Las mismas, al ser guiadas por un especialista, mediante la inducci\u00f3n a\u00a0<strong>una relajaci\u00f3n profunda y una expansi\u00f3n de consciencia (<\/strong>que se logra aplicando una t\u00e9cnica espec\u00edfica de hipnosis) posibilitan los efectos de\u00a0<strong>resolver ciertos s\u00edntomas y varias patolog\u00edas ps\u00edquicas y emocionales<\/strong>&#8220;, define el licenciado\u00a0<strong>Guillermo E. Olivero<\/strong>.<\/p>\n<p>En criollo: cuando las cosas no son tan f\u00e1ciles de ver o resolver, un gu\u00eda te acompa\u00f1a en un camino para encontrar respuestas.<\/p>\n<p>Seg\u00fan explica Olivero, quien tambi\u00e9n es director de CEDEX\u00c1 (Centro De Estudios De Expansi\u00f3n \u00c1lmica) y fue integrante del Servicio de psiquiatr\u00eda del Hospital Brit\u00e1nico de Buenos Aires, entre 1992 a 2020,\u00a0<strong>lo que se busca &#8220;es llevar a la persona a revivir la experiencia responsable del s\u00edntoma que est\u00e1 padeciendo&#8221;.<\/strong><\/p>\n<p>Para lograrlo, se hace una inducci\u00f3n hipn\u00f3tica, para darle pie a la persona para que pueda revivir una experiencia. &#8220;Es como\u00a0<strong>si estuviera so\u00f1ando muy vividamente.<\/strong>\u00a0No siempre la experiencia es visual, a veces es simplemente intuitiva: uno sabe que est\u00e1 en una determinada situaci\u00f3n. Al inicio puede tornarse un poco confuso, porque\u00a0<strong>uno no sabe si est\u00e1 inventando, pero finalmente cuando uno empieza a transitar la experiencia se realiza la conexi\u00f3n emocional,<\/strong>\u00a0que es lo que se busca&#8221;, detalla el experto.<\/p>\n<p>Y asegura que en ese contexto la persona puede trabajar en lo que siente.<\/p>\n<p>En mi caso, despu\u00e9s de pasar el prejuicio,\u00a0<strong>me entregu\u00e9 a la experiencia<\/strong>.<\/p>\n<p>Despu\u00e9s de escuchar su voz y de cerrar los ojos, solo ve\u00eda negro. Un negro oscuro, como pegajoso. Hasta que la vi: yo era una chica rubia\u00a0<strong>en medio de una pradera<\/strong>, ten\u00eda trenzas y corr\u00eda alegremente. Algo sin embargo me deten\u00eda, era un ente,\u00a0<strong>alguien negro, no pod\u00eda verlo porque me agarraba de espaldas y me dejaba quieta. \u00bfSer\u00eda el miedo?\u00a0<\/strong>Ah\u00ed, me hicieron correr a otro momento de esa misma vida, \u00bfera otra vida? Todo se sent\u00eda difuso.<\/p>\n<p>De repente me vi:\u00a0<strong>estaba en un estanque, era una aguatera, cuidaba unos chicos<\/strong>. No puedo explicar lo que sent\u00ed,<strong>\u00a0empec\u00e9 a llorar y solo pod\u00eda repetir: &#8220;No puedo protegerlos&#8221;<\/strong>. Atr\u00e1s de unos arbustos, unos hombres estaban por llevarse a los chicos, pero yo no pod\u00eda nada. Mir\u00e9 para arriba: hab\u00eda aviones, parec\u00eda una guerra.<\/p>\n<p>Vuelvo a la pradera y a la escena del espectro que me ten\u00eda atrapada, logr\u00e9 escapar (los movimientos los hac\u00eda recostada en la cama) y\u00a0<strong>corr\u00ed a una casa que ten\u00eda un s\u00f3tano, me escond\u00ed ah\u00ed, pero estaba sola.<\/strong><\/p>\n<p>Sent\u00eda angustia y fr\u00edo.<\/p>\n<p>&#8220;Se aconseja iniciar por una experiencia en la vida actual en la temprana infancia ligada al s\u00edntoma y luego en la segunda instancia se busca ir hacia la vida anterior a la experiencia responsable de estar atravesando en esta vida por estas situaciones.\u00a0<strong>All\u00ed funciona el trabajo terap\u00e9utico liberando el atrapamiento energ\u00e9tico, liberando y resolviendo ese conflicto que qued\u00f3 encapsulado<\/strong>\u00a0y que sigue actuando hoy en d\u00eda en la persona que padece ese s\u00edntoma que fue originado en esa experiencia vivida en el pasado&#8221;, suma Olivero.<\/p>\n<p>Y asegura que lo que se busca es<strong>\u00a0&#8220;el origen&#8221;.<\/strong><\/p>\n<p>&#8220;Hablamos de expansi\u00f3n de la conciencia porque en la conciencia focalizada de nuestra vida cotidiana estamos m\u00e1s hacia afuera que hacia adentro y en realidad no vemos eso que est\u00e1 en nuestra conciencia actuando a\u00fan hoy, aunque no est\u00e9 a la vista.\u00a0<strong>Es recordar, es revivir, es volver a pasar por esa situaci\u00f3n que qued\u00f3 como encapsulada.<\/strong>\u00a0Es posibilitar\u00a0<strong>cerrar el c\u00edrculo como en las terapias gestalticas<\/strong>, es ir mediante el trabajo terap\u00e9utico a que se libere la emoci\u00f3n atrapada&#8221;, detalla.<\/p>\n<p>Cuando me encontr\u00e9 sola,<strong>\u00a0a salvo, en un s\u00f3tano, despu\u00e9s de dejar a los chicos a merced de nadie, la angustia me domin\u00f3.<\/strong>\u00a0&#8220;Hay que volver a la escena&#8221;, propuso el terapeuta y eso hice.<\/p>\n<p>Alguien me sosten\u00eda fuerte, pero a base de almohadonazos logr\u00e9 escapar. Vi a los chicos y los agarr\u00e9, los llev\u00e9 conmigo a mi lugar seguro.<\/p>\n<figure class=\"wp-block-image size-large\"><img decoding=\"async\" class=\"wp-image-535925\" src=\"https:\/\/www.revistagente.com\/wp-content\/uploads\/2024\/09\/35990730_l_normal_none-720x480.jpg.webp\" alt=\"\" data-tapa-url=\"https:\/\/www.revistagente.com\/wp-content\/uploads\/2024\/09\/35990730_l_normal_none-720x480.jpg.webp\" data-loaded=\"true\" data-cargado=\"true\" \/><figcaption class=\"wp-element-caption\">La conexi\u00f3n, sostiene Olivero, es con el pasado y vidas anteriores donde puede haber surgido el s\u00edntoma que es tan dif\u00edcil de tratar.<\/figcaption><\/figure>\n<p>Por qu\u00e9 no iba a merecer lo peor si no logr\u00e9 salvarlos, en esta vida&#8230; esa carga me llenaba de culpa y de sensaci\u00f3n de merecerme lo peor.\u00a0<strong>Quer\u00eda lograr algo imposible, pero no me lo perdonaba.<\/strong><\/p>\n<p>En ese momento, no entend\u00ed mucho. Adelant\u00e9 tiempos y llegu\u00e9 a\u00a0<strong>mi muerte.<\/strong>\u00a0Estaba en un calabozo, no ten\u00eda piel, era puro hueso. Intentaba salir para salvar a Chelo,\u00a0<strong>mi compa\u00f1ero en esta vida tambi\u00e9n estaba en esa<\/strong>, quer\u00eda gritar pero no me sal\u00eda la voz.\u00a0<strong>Encontr\u00e9 una pistola<\/strong>\u00a0y me escond\u00ed atr\u00e1s de un pozo de agua. Me encontraron, me tiraron de los pelos, y decid\u00ed dispararme en el cuello.<\/p>\n<p>En medio de la resignaci\u00f3n de no poder salvarlo que nadie me quitara la posibilidad de terminar con mi vida, pens\u00e9. Me fui de escena y entr\u00e9 en modo descanso,\u00a0<strong>una voz son\u00f3 3 veces: &#8220;Ten\u00e9s que aprender a compartir&#8221;<\/strong>.<\/p>\n<p>La regresi\u00f3n hab\u00eda terminado.<\/p>\n<h2 class=\"wp-block-heading\">\u00bfSe trata necesariamente de vidas pasadas?<\/h2>\n<p>En mi experiencia, sent\u00ed que era mi subconsciente exponiendo mis miedos con esas im\u00e1genes.<\/p>\n<p>Seg\u00fan explica Olivero: &#8220;Lo que se recrea en la experiencia\u00a0<strong>no necesariamente tiene que ver con una vida anterior.\u00a0<\/strong>Vida pasada como a m\u00ed me gusta llamarlo, terapia de vida pasada, es de hoy para atr\u00e1s. De hecho las primeras veces\u00a0<strong>la mayor\u00eda de las personas revive una experiencia de la vida actual.<\/strong>\u00a0Se recogen, se recrean, se reviven situaciones traum\u00e1ticas vividas en la infancia. As\u00ed se empez\u00f3 desde siempre, buscando mediante hipnosis las experiencias traum\u00e1ticas tempranas. Ya que seg\u00fan la teor\u00eda freudiana\u00a0<strong>los acontecimientos vividos antes de los 5 o 6 a\u00f1os son los causantes de nuchos s\u00edntomas.<\/strong><\/p>\n<p>&#8220;De hecho\u00a0<strong>Brian Weiss\u00a0<\/strong>cuenta que \u00e9l trabajaba as\u00ed con sus pacientes, hasta un d\u00eda indic\u00f3 ir al origen de la experiencia y<strong>\u00a0por una equivocaci\u00f3n en la orden hipn\u00f3tica<\/strong>\u00a0la paciente empez\u00f3 a hablar de un entorno diferente. Luego \u00e9l se tom\u00f3 el trabajo de descartar otras patolog\u00edas y finalmente\u00a0<strong>termin\u00f3 descubriendo que la paciente estaba hablando de vidas anteriores.\u00a0<\/strong>Por eso es que vida pasada, en realidad es de hoy para atr\u00e1s incluido las vidas anteriores. La mayor\u00eda de las veces cuando uno hace m\u00e1s de una experiencia si no fue en la primera a una vida anterior seguramente lo har\u00e1 en la segunda y en las siguientes sesiones&#8221;, cuenta Olivero.<\/p>\n<h2 class=\"wp-block-heading\">\u00bfSe necesita una preparaci\u00f3n especial para realizar una terapia de vidas pasadas?<\/h2>\n<figure class=\"wp-block-image size-large\"><img decoding=\"async\" class=\"wp-image-535924\" src=\"https:\/\/www.revistagente.com\/wp-content\/uploads\/2024\/09\/89593174_l_normal_none-720x480.jpg.webp\" alt=\"\" data-tapa-url=\"https:\/\/www.revistagente.com\/wp-content\/uploads\/2024\/09\/89593174_l_normal_none-720x480.jpg.webp\" data-loaded=\"true\" data-cargado=\"true\" \/><figcaption class=\"wp-element-caption\">En una regresi\u00f3n, el paciente logra llegar al origen de sus traumas.<\/figcaption><\/figure>\n<p>En la gran mayor\u00eda de los casos\u00a0<strong>no hace falta ninguna preparaci\u00f3n previa<\/strong>. Lo que s\u00ed ocurre, advierte Olivero, es que con personas muy racionales, muy estructuradas, muy controladoras se hace m\u00e1s dif\u00edcil el levantar el bloqueo que pueda tener en relaci\u00f3n a esas experiencias vividas anteriores.<\/p>\n<p>&#8220;Tiene que haber alg\u00fan tipo de aceptaci\u00f3n y de convencimiento personal respecto de que esto funciona y de que esto sirve. Si la persona no quiere que ocurra o no cree que sea posible que ocurra, no va a ocurrir&#8221;, dice el especialista. Y cuenta que primero se junta con el paciente para saber qu\u00e9 quiere trabajar. &#8220;No hace falta una preparaci\u00f3n previa bajo ning\u00fan sentido. Obviamente\u00a0<strong>se observa una mayor eficacia<\/strong>\u00a0y una mayor facilidad para ingresar en estos estados expandidos de conciencia\u00a0<strong>en las personas que traen un recorrido previo de hacer meditaci\u00f3n, yoga, relajaci\u00f3n y ese tipo de actividades<\/strong>&#8220;, dice.<\/p>\n<p>Y aclara que\u00a0<strong>no est\u00e1 permitido aplicar esta t\u00e9cnica a personas que tengan alguna afectaci\u00f3n mental severa\u00a0<\/strong>o que est\u00e9n cursando alg\u00fan episodio agudo de desestabilizaci\u00f3n emocional.<\/p>\n<p>&#8220;Se requiere que la persona tenga un yo lo suficientemente integrado, por lo cual\u00a0<strong>quedan excluidas todas las patolog\u00edas relacionadas con la psicosis, es decir, ese amplio espectro de patolog\u00edas como esquizofrenia, paranoia,<\/strong>\u00a0etc\u00e9tera.\u00a0<strong>No se aconseja realizar esta expansi\u00f3n de la conciencia, ya que no tiene efectos terap\u00e9uticos comprobados<\/strong>\u00a0o satisfactorios en esos casos. Todo lo contrario, podr\u00eda agudizar esos cuadros&#8221;, advierte el especialista.<\/p>\n<p>Y suma: &#8220;Hay sacerdotes, monjas y personas pertenecientes a diferentes corrientes religiosas que practican esta t\u00e9cnica terap\u00e9utica sin contradicci\u00f3n con su sistema de creencias.\u00a0<strong>Ni siquiera hace falta creer en la reencarnaciones, porque llegado el punto, la experiencia es subjetiva.\u00a0<\/strong>Cada uno sabe lo que experiment\u00f3, lo que vivi\u00f3 y como esto mejor\u00f3 sus problemas. Si lo quiere tomar como una fantas\u00eda, como un sue\u00f1o, como imaginaci\u00f3n, nosotros no entramos a discutir las concepciones que explican el fen\u00f3meno&#8221;.<\/p>\n<h2 class=\"wp-block-heading\">\u00bfSe recurre a una hipnosis?<\/h2>\n<p>&#8220;Se utiliza una<strong>\u00a0inducci\u00f3n hipn\u00f3tica<\/strong>\u00a0que es mediante una t\u00e9cnica creada por un psiquiatra norteamericano llamado\u00a0<strong>Milton Hyland Erickson<\/strong>&#8220;, explica el especialista. &#8220;Se la llama hipnosis Ericksoniana y\u00a0<strong>a diferencia de la hipnosis cl\u00e1sica original que introdujo Franz Mesmer, es una hipnosis &#8220;no disociativa&#8221;.<\/strong>\u00a0Quiere decir que\u00a0<strong>la persona no pierde contacto con el aqu\u00ed ahora.\u00a0<\/strong>La persona est\u00e1 todo el tiempo consciente y de hecho se comunica con quien facilita y gu\u00eda la experiencia&#8221;, detalla.<\/p>\n<p>Y asegura que en &#8220;en cualquier momento&#8221; el paciente puede salir de la experiencia.<\/p>\n<p>&#8220;<strong>No es una hipnosis peligrosa, el paciente no pierde su conexi\u00f3n, es como estar viviendo muy intensamente un sue\u00f1o pero siendo consciente de que uno est\u00e1 en los dos lugares a la vez<\/strong>. Cabe aclarar que no hay regresi\u00f3n alguna, la regresi\u00f3n es un t\u00e9rmino si se quiere comercial o nombre de fantas\u00eda. Lo que ocurre es una expansi\u00f3n de conciencia, nadie va a ning\u00fan lado nadie se va del consultorio&#8221;, aclara.<\/p>\n<p>Tambi\u00e9n cuenta que mientras que Weiss trabajaba con hipnosis disociativa, en la Argentina a partir de la difusi\u00f3n que realiza el Dr Jos\u00e9 Luis Cabouli y todos los que se formaron a trav\u00e9s de \u00e9l, se utiliza hipnosis Ericksoniana.<\/p>\n<p>Sin embargo, la t\u00e9cnica ven\u00eda gest\u00e1ndose desde el siglo XIX, Janet realizaba tratamiento con hipnosis; Sigmund Freud tambi\u00e9n utilizaba la hipnosis al principio de su trabajo con Charcot, siendo neur\u00f3logo y antes de crear el psicoan\u00e1lisis.<\/p>\n<h2 class=\"wp-block-heading\">\u00bfQu\u00e9 pasa despu\u00e9s de una regresi\u00f3n a vidas pasadas?<\/h2>\n<figure class=\"wp-block-image size-full\"><img decoding=\"async\" class=\"wp-image-535922\" src=\"https:\/\/www.revistagente.com\/wp-content\/uploads\/2024\/09\/sesionderegresiones.jpeg.webp\" alt=\"\" data-tapa-url=\"https:\/\/www.revistagente.com\/wp-content\/uploads\/2024\/09\/sesionderegresiones.jpeg.webp\" data-loaded=\"true\" data-cargado=\"true\" \/><figcaption class=\"wp-element-caption\">Sesi\u00f3n de regresiones a vidas pasadas.<\/figcaption><\/figure>\n<p><strong>Despu\u00e9s de &#8220;sanar&#8221; lo que fui a trabajar abr\u00ed los ojos y me encontr\u00e9 cara a cara con el terapeuta.\u00a0<\/strong>Decid\u00ed quedarme un rato recostada tratando de entender lo que hab\u00eda pasado.<\/p>\n<p>Hablamos de todo ese viaje y de las sensaciones que hab\u00eda tenido<strong>. Sal\u00ed del lugar en estado de shock, pero un shock lleno de vida.<\/strong><\/p>\n<p>Algo parecido le pas\u00f3 a Olivero: &#8220;Lo que pasa despu\u00e9s de una experiencia de regresi\u00f3n es algo realmente muy conmovedor para todas las personas. En m\u00ed caso, en particular, l<strong>a primera vez que hice la experiencia como paciente qued\u00e9 conmovido y shokeado.<\/strong>\u00a0De alguna manera se alter\u00f3 notablemente lo que era el paradigma en el cual yo me mov\u00eda, m\u00e1s con una formaci\u00f3n acad\u00e9mica universitaria y con muchos a\u00f1os de pr\u00e1ctica como terapeuta a nivel hospitalario y de consultorio particular&#8221;.<\/p>\n<p>&#8220;<strong>Me di cuenta de que hab\u00eda dejado de lado una tercera dimensi\u00f3n, un tercer plano del ser humano que lo podemos llamar espiritual, con todas las connotaciones de religiosidad que esto tiene, o energ\u00e9tico.<\/strong>\u00a0Que somos cuerpo, mente y esp\u00edritu y ah\u00ed empec\u00e9 a querer buscar y comprender del punto de vista racional de qu\u00e9 se trataban estas experiencias que estaba teniendo como paciente y que estaban generando unos efectos tan importantes en m\u00ed&#8221;, suma.<\/p>\n<p>Tard\u00e9 d\u00edas en salir de ese estado,<strong>\u00a0al principio tuve sue\u00f1os raros relacionados con la muerte.\u00a0<\/strong>Despu\u00e9s las cosas se fueron aclarando y lo que vino fue como un renacer,\u00a0<strong>una sensaci\u00f3n diferente y otra forma de encarar mis miedos.<\/strong><\/p>\n<p>No desaparecieron pero ya no me paralizan.<\/p>\n<p>&#8220;Lo primero que ocurre es una gran conmoci\u00f3n, lo segundo, una mejor\u00eda, una modificaci\u00f3n de la sintomatolog\u00eda y sobre todo, lo m\u00e1s impactante luego de realizar muchas sesiones, es como se modifica la perspectiva respecto del fen\u00f3meno de la muerte&#8221;, concluye Olivero.<\/p>\n<p>&#8220;R\u00e1pidamente empec\u00e9 a experimentar cambios muy notorios. En primer lugar, pude desprenderme del rencor (motivo de mi consulta) a los 20 minutos de salir de terapia. Por otro lado, la forma en la que encaro mis dificultades diarias cambi\u00f3 radicalmente. Estoy mucho m\u00e1s enfocado y claro en mis decisiones y hasta<strong>\u00a0me han dicho que cambio mi expresi\u00f3n facial.<\/strong>\u00a0<strong>A partir de mi regresi\u00f3n, s\u00e9 que voy a festejar 2 cumplea\u00f1os por a\u00f1o&#8221;,<\/strong>\u00a0comparte M, uno de los pacientes de Guillermo que se anim\u00f3 a contar su experiencia.<\/p>\n","protected":false},"excerpt":{"rendered":"<p>Una amiga me lo cont\u00f3: ten\u00eda\u00a0unos dolores de cabeza imposibles,\u00a0llevaba a\u00f1os intentando de todas las formas combatirlos, pero no hab\u00eda vuelta. Hubo momentos en que\u00a0no se pod\u00eda levantar de la cama, que ve\u00eda nublado, que se encerraba a oscuras en el ba\u00f1o a llorar. Un d\u00eda alguien le habl\u00f3 de\u00a0las regresiones a vidas pasadas, una [&hellip;]<\/p>\n","protected":false},"author":2,"featured_media":21357,"comment_status":"closed","ping_status":"closed","sticky":false,"template":"","format":"standard","meta":{"footnotes":""},"categories":[67],"tags":[],"class_list":{"0":"post-21356","1":"post","2":"type-post","3":"status-publish","4":"format-standard","5":"has-post-thumbnail","7":"category-espectaculo"},"_links":{"self":[{"href":"https:\/\/radiobitacora.com.ar\/web\/wp-json\/wp\/v2\/posts\/21356","targetHints":{"allow":["GET"]}}],"collection":[{"href":"https:\/\/radiobitacora.com.ar\/web\/wp-json\/wp\/v2\/posts"}],"about":[{"href":"https:\/\/radiobitacora.com.ar\/web\/wp-json\/wp\/v2\/types\/post"}],"author":[{"embeddable":true,"href":"https:\/\/radiobitacora.com.ar\/web\/wp-json\/wp\/v2\/users\/2"}],"replies":[{"embeddable":true,"href":"https:\/\/radiobitacora.com.ar\/web\/wp-json\/wp\/v2\/comments?post=21356"}],"version-history":[{"count":0,"href":"https:\/\/radiobitacora.com.ar\/web\/wp-json\/wp\/v2\/posts\/21356\/revisions"}],"wp:featuredmedia":[{"embeddable":true,"href":"https:\/\/radiobitacora.com.ar\/web\/wp-json\/wp\/v2\/media\/21357"}],"wp:attachment":[{"href":"https:\/\/radiobitacora.com.ar\/web\/wp-json\/wp\/v2\/media?parent=21356"}],"wp:term":[{"taxonomy":"category","embeddable":true,"href":"https:\/\/radiobitacora.com.ar\/web\/wp-json\/wp\/v2\/categories?post=21356"},{"taxonomy":"post_tag","embeddable":true,"href":"https:\/\/radiobitacora.com.ar\/web\/wp-json\/wp\/v2\/tags?post=21356"}],"curies":[{"name":"wp","href":"https:\/\/api.w.org\/{rel}","templated":true}]}}