{"id":21374,"date":"2024-09-24T08:58:01","date_gmt":"2024-09-24T11:58:01","guid":{"rendered":"https:\/\/radiobitacora.com.ar\/web\/?p=21374"},"modified":"2024-09-24T08:58:01","modified_gmt":"2024-09-24T11:58:01","slug":"hay-que-cambiar-la-matriz-economica-de-corrientes-e-imitar-lo-que-hicimos-en-virasoro","status":"publish","type":"post","link":"https:\/\/radiobitacora.com.ar\/web\/2024\/09\/24\/hay-que-cambiar-la-matriz-economica-de-corrientes-e-imitar-lo-que-hicimos-en-virasoro\/","title":{"rendered":"&#8220;Hay que cambiar la matriz econ\u00f3mica de Corrientes e imitar lo que hicimos en Virasoro&#8221;"},"content":{"rendered":"<p>Virasoro cumple 98 a\u00f1os este 23 de septiembre con sus actos centrales por la tarde. &#8220;Hay que cambiar la matriz econ\u00f3mica de Corrientes&#8221;, asegur\u00f3 a Hoja de Ruta Emiliano Fern\u00e1ndez Recalde quien se\u00f1al\u00f3 que las nuevas inversiones es la prioridad de su gesti\u00f3n en este cumplea\u00f1os.<\/p>\n<div class=\"container-spot\" data-tipo=\"tipo_todo\" data-pos=\"NEW_P1_cuerpo\"><\/div>\n<p>&#8220;Esta semana arranca con los festejos y la terminamos as\u00ed, con la edici\u00f3n 12 de la Fiesta Provincial de la Amistad&#8221;, cont\u00f3 Fern\u00e1ndez. En la grilla se contemplan artistas como Flor \u00c1lvarez, Los Rancheros, El Mago y la Nueva Luna, y otros. Ser\u00e1 el fin de semana con entradas accesibles.<\/p>\n<p><strong>&#8220;Estos tipos de eventos estimulan el turismo y\u00a0la gastronom\u00eda. No puede ser visto como gasto&#8221;, explic\u00f3. Adem\u00e1s, sostuvo que es fundamental mantener vivos estos eventos ya que &#8220;en tiempos de crisis la gente\u00a0 necesita estar en familia y disfrutar&#8221;. &#8220;Si ten\u00e9s un gobierno que se preocupa por su comunidad, esto no puede ser visto como gasto&#8221;.\u00a0<\/strong><\/p>\n<div class=\"container-spot\" data-tipo=\"tipo_todo\" data-pos=\"NEW_P2_cuerpo\"><\/div>\n<p>En este cumplea\u00f1os de su fundaci\u00f3n, Recalde destac\u00f3 como ejes de la gesti\u00f3n las inversiones privadas. &#8220;Hay que entender que el sector privado es el sector motorizador de toda econom\u00eda. Ac\u00e1 tenemos que hacer una autocr\u00edtica de la clase pol\u00edtica provincial y nacional que utiliza este sector como respuesta a la desocupaci\u00f3n&#8221;, mencion\u00f3.<\/p>\n<p>&#8220;Tenemos que entender que Corrientes tiene para llamar al sector privado, la industria del conocimiento&#8221;, sum\u00f3.\u00a0Adem\u00e1s, en otros ejes de prioridad el intendente destac\u00f3 la inclusi\u00f3n y la obra p\u00fablica.<\/p>\n<div class=\"container-spot\" data-tipo=\"tipo_todo\" data-pos=\"NEW_P3_cuerpo\"><\/div>\n<p><strong>Recalde adem\u00e1s destac\u00f3 que su candidatura a la gobernaci\u00f3n de Corrientes en 2025 sigue en pie. &#8220;Estamos trabajando en una alternativa y recorrer la provincia es muy triste&#8221;, sum\u00f3. &#8220;Hay que cambiar la matriz econ\u00f3mica&#8221;, resalt\u00f3.\u00a0<\/strong><\/p>\n<p>&#8220;Lo que hoy pasa en Virasoro donde el 80% de la gente vive del sector privado, tranquilamente se puede derramar en la provincia. Se tienen los recursos y la gente en Corrientes&#8221;, asegur\u00f3.<\/p>\n","protected":false},"excerpt":{"rendered":"<p>Virasoro cumple 98 a\u00f1os este 23 de septiembre con sus actos centrales por la tarde. &#8220;Hay que cambiar la matriz econ\u00f3mica de Corrientes&#8221;, asegur\u00f3 a Hoja de Ruta Emiliano Fern\u00e1ndez Recalde quien se\u00f1al\u00f3 que las nuevas inversiones es la prioridad de su gesti\u00f3n en este cumplea\u00f1os. &#8220;Esta semana arranca con los festejos y la terminamos [&hellip;]<\/p>\n","protected":false},"author":2,"featured_media":21375,"comment_status":"closed","ping_status":"closed","sticky":false,"template":"","format":"standard","meta":{"footnotes":""},"categories":[79],"tags":[],"class_list":{"0":"post-21374","1":"post","2":"type-post","3":"status-publish","4":"format-standard","5":"has-post-thumbnail","7":"category-politica"},"_links":{"self":[{"href":"https:\/\/radiobitacora.com.ar\/web\/wp-json\/wp\/v2\/posts\/21374","targetHints":{"allow":["GET"]}}],"collection":[{"href":"https:\/\/radiobitacora.com.ar\/web\/wp-json\/wp\/v2\/posts"}],"about":[{"href":"https:\/\/radiobitacora.com.ar\/web\/wp-json\/wp\/v2\/types\/post"}],"author":[{"embeddable":true,"href":"https:\/\/radiobitacora.com.ar\/web\/wp-json\/wp\/v2\/users\/2"}],"replies":[{"embeddable":true,"href":"https:\/\/radiobitacora.com.ar\/web\/wp-json\/wp\/v2\/comments?post=21374"}],"version-history":[{"count":0,"href":"https:\/\/radiobitacora.com.ar\/web\/wp-json\/wp\/v2\/posts\/21374\/revisions"}],"wp:featuredmedia":[{"embeddable":true,"href":"https:\/\/radiobitacora.com.ar\/web\/wp-json\/wp\/v2\/media\/21375"}],"wp:attachment":[{"href":"https:\/\/radiobitacora.com.ar\/web\/wp-json\/wp\/v2\/media?parent=21374"}],"wp:term":[{"taxonomy":"category","embeddable":true,"href":"https:\/\/radiobitacora.com.ar\/web\/wp-json\/wp\/v2\/categories?post=21374"},{"taxonomy":"post_tag","embeddable":true,"href":"https:\/\/radiobitacora.com.ar\/web\/wp-json\/wp\/v2\/tags?post=21374"}],"curies":[{"name":"wp","href":"https:\/\/api.w.org\/{rel}","templated":true}]}}