{"id":21380,"date":"2024-09-24T09:13:45","date_gmt":"2024-09-24T12:13:45","guid":{"rendered":"https:\/\/radiobitacora.com.ar\/web\/?p=21380"},"modified":"2024-09-24T09:13:45","modified_gmt":"2024-09-24T12:13:45","slug":"el-gobierno-explora-opciones-para-privatizar-empresas-publicas-con-una-premisa-desprenderse-de-todas","status":"publish","type":"post","link":"https:\/\/radiobitacora.com.ar\/web\/2024\/09\/24\/el-gobierno-explora-opciones-para-privatizar-empresas-publicas-con-una-premisa-desprenderse-de-todas\/","title":{"rendered":"El Gobierno explora opciones para privatizar empresas p\u00fablicas con una premisa: desprenderse de todas"},"content":{"rendered":"<p class=\"paragraph\" data-mrf-recirculation=\"Links inline\">Por ahora se trata solo de anuncios rimbombantes, pero el Gobierno est\u00e1 decidido a avanzar a fondo en el proceso privatizador de las empresas p\u00fablicas en simult\u00e1neo a la determinaci\u00f3n de la Casa Rosada de deshacerse de Aerol\u00edneas Argentinas, la l\u00ednea \u00e1rea estatal que arrastra desde hace semanas una seguidilla de medidas de fuerza por parte de los gremios, impopulares para un sector de la sociedad, que le dieron a\u00a0<b>Javier Milei<\/b> un argumento s\u00f3lido para su principal objetivo en el rubro: que el Estado venda o se desprenda de absolutamente todas las sociedades con participaci\u00f3n del Estado.<\/p>\n<p class=\"paragraph\" data-mrf-recirculation=\"Links inline\"><b>\u201cEl estado no tiene que seguir siendo empresario. Vamos a tratar de hacer todo r\u00e1pido. La idea es vender todo\u201d<\/b>, ratific\u00f3 ante este medio un alto funcionario que monitorea el proceso, a cargo, en el trazo grueso, de\u00a0<b>Diego Chaher<\/b>, flamante titular de la Agencia de Transformaci\u00f3n de las Empresas P\u00fablicas, una unidad ejecutora con dos a\u00f1os de vida \u00fatil creada en julio a trav\u00e9s del Bolet\u00edn Oficial.<\/p>\n<p class=\"paragraph\" data-mrf-recirculation=\"Links inline\">Mendocino, Chaher responde pol\u00edticamente a\u00a0<b>Santiago Caputo<\/b>, el asesor estrella del gobierno, t\u00e9cnicamente a\u00a0<b>Luis Caputo<\/b>, el ministro de Econom\u00eda, trabaja en coordinaci\u00f3n con\u00a0<b>Federico Sturzenegger\u00a0<\/b>y es su primera incursi\u00f3n en la funci\u00f3n p\u00fablica. Estuvo al frente del cierre de la agencia T\u00e9lam, un rol del que se jacta.<\/p>\n<p class=\"paragraph\" data-mrf-recirculation=\"Links inline\">El funcionario supervisa la situaci\u00f3n de las 59 empresas -en total son unas 40 m\u00e1s 19 subsidiarias- estatales o con participaci\u00f3n mixta sobre las que Milei orden\u00f3 desprenderse. Est\u00e1n bajo la \u00f3rbita de Transporte -Intercargo, EANA, AGP, SOFSE y Playas Ferroviarias, entre otras-, de Industria y Comercio -Polo Tecnol\u00f3gico Constituyentes-, de Innovaci\u00f3n -ARSAT, CORASA, VENG-, de Energ\u00eda -ENARSA, NASA, YCRT-, de Planeamiento y Desarrollo Productivo -IMPSA e INTeA-, de Hacienda -Casa de la Moneda, Banco Naci\u00f3n, Bice y Banco Hipotecario, entre otras-, de Defensa -entre ellas, Fabricaciones Militares, Tandanor, FAdeA y LADE-, de Obras P\u00fablicas -AYSA y Corporaci\u00f3n Antiguo Puerto Madero-, de Comunicaci\u00f3n -Contenidos P\u00fablicos y RTA, entre otras-, de Educaci\u00f3n -Educ.AR- y de Miner\u00eda -YMAD-.<\/p>\n<p class=\"paragraph\" data-mrf-recirculation=\"Links inline\">\u201cEl Estado no sabe manejar empresas\u201d, repiten fuentes oficiales. Es el paradigma que sobrevuela, como un mantra, a la nueva gesti\u00f3n, con independencia de que, en algunos casos, se trata de compa\u00f1\u00edas estrat\u00e9gicas o que, en otros casos, registraron en estos meses super\u00e1vit en sus balances: existe, en buena medida, un alto componente ideol\u00f3gico.<\/p>\n<div class=\"visual__image\"><img loading=\"lazy\" decoding=\"async\" class=\"\" src=\"https:\/\/www.infobae.com\/new-resizer\/Fq1uiH7FP2qj6NAvs7XhVl5saPU=\/420x236\/filters:format(webp):quality(85)\/cloudfront-us-east-1.images.arcpublishing.com\/infobae\/32EP5AVL6BAP3NELKGVQNPEEQM.jpg%20420w\" sizes=\"auto, (min-width: 1560px) 856px, (min-width: 1000px) calc(74.63vw - 293px), (min-width: 780px) calc(100vw - 376px), (min-width: 580px) calc(100vw - 32px), 100vw\" srcset=\"https:\/\/www.infobae.com\/new-resizer\/Fq1uiH7FP2qj6NAvs7XhVl5saPU=\/420x236\/filters:format(webp):quality(85)\/cloudfront-us-east-1.images.arcpublishing.com\/infobae\/32EP5AVL6BAP3NELKGVQNPEEQM.jpg 420w,https:\/\/www.infobae.com\/new-resizer\/j-y7RLXWtZBFFLUoBSdTsC8PvYw=\/768x432\/filters:format(webp):quality(85)\/cloudfront-us-east-1.images.arcpublishing.com\/infobae\/32EP5AVL6BAP3NELKGVQNPEEQM.jpg 768w,https:\/\/www.infobae.com\/new-resizer\/eCHTm8CNaAmLAfV52zDXV54P_Sg=\/992x558\/filters:format(webp):quality(85)\/cloudfront-us-east-1.images.arcpublishing.com\/infobae\/32EP5AVL6BAP3NELKGVQNPEEQM.jpg 992w,https:\/\/www.infobae.com\/new-resizer\/UPFWYnDysdpd2uSMvKKicUlUgRs=\/1200x675\/filters:format(webp):quality(85)\/cloudfront-us-east-1.images.arcpublishing.com\/infobae\/32EP5AVL6BAP3NELKGVQNPEEQM.jpg 1200w,https:\/\/www.infobae.com\/new-resizer\/C_OFp4QO7tEwPkUl27wgk0yKc-s=\/1440x810\/filters:format(webp):quality(85)\/cloudfront-us-east-1.images.arcpublishing.com\/infobae\/32EP5AVL6BAP3NELKGVQNPEEQM.jpg 1440w\" alt=\"Diego Chaher\" width=\"1920\" height=\"1080\" data-src=\"https:\/\/www.infobae.com\/new-resizer\/Fq1uiH7FP2qj6NAvs7XhVl5saPU=\/420x236\/filters:format(webp):quality(85)\/cloudfront-us-east-1.images.arcpublishing.com\/infobae\/32EP5AVL6BAP3NELKGVQNPEEQM.jpg 420w\" \/>Diego Chaher<\/div>\n<p class=\"paragraph\" data-mrf-recirculation=\"Links inline\">Seg\u00fan fuentes oficiales, el Ejecutivo trabaja en diversas opciones de privatizaci\u00f3n o venta. A trav\u00e9s de una oferta p\u00fablica bajo el r\u00e9gimen de la Comisi\u00f3n Nacional de Valores, mediante una concesi\u00f3n o con el llamado a concurso p\u00fablico, nacional o internacional. Es, por ejemplo, el caso de IMPSA, la empresa con sede en Mendoza que fabrica componentes para proyectos hidroel\u00e9ctricos o e\u00f3licos, y para centrales de generaci\u00f3n nuclear que podr\u00eda tener novedades en estas semanas. Primero debe tener el visto bueno de la Legislatura provincial, un paso que estaba previsto pr\u00f3ximamente.<\/p>\n<p class=\"paragraph\" data-mrf-recirculation=\"Links inline\">Lo cierto es que, en general, se trata de procesos largos y engorrosos, m\u00e1s all\u00e1 de la voluntad pol\u00edtica. En el caso de la salida a la Bolsa, el plan de la agencia es avanzar con un grupo de empresas, y no con un caso aislado. \u201cEsa es la movida m\u00e1s fuerte que queremos encarar\u201d, explicaron fuentes de esa oficina.<\/p>\n<p class=\"paragraph\" data-mrf-recirculation=\"Links inline\">\u00bfEn qu\u00e9 consistir\u00eda esa \u201cmovida\u201d? Empezar, seg\u00fan abundaron, con aquellas compa\u00f1\u00edas que tienen el car\u00e1cter de sociedades an\u00f3nimas. Para eso es necesario tener la documentaci\u00f3n que exige la CNV, para reci\u00e9n poder cotizar en Bolsa con un porcentaje m\u00ednimo para conocer el valor de la empresa en cuesti\u00f3n, y en todo caso, ampliar luego el porcentaje o llamar a licitaci\u00f3n.<\/p>\n<p class=\"paragraph\" data-mrf-recirculation=\"Links inline\"><b>\u201cLos plazos dependen del estado de cada empresa\u201d<\/b>, resaltaron, sin mayores detalles.<\/p>\n<p class=\"paragraph\" data-mrf-recirculation=\"Links inline\"><b>\u201cEs todo muy confuso, quieren licitar las acciones y que quede una mayor\u00eda para el Estado, con participaci\u00f3n de los trabajadores\u201d<\/b>, opin\u00f3 el jefe de un sindicato con fuerte presencia en una compa\u00f1\u00eda estatal que sigue de cerca el trabajo de Chaher.<\/p>\n<p class=\"paragraph\" data-mrf-recirculation=\"Links inline\">El gobierno est\u00e1 abocado, por ahora, en un trabajo de reducci\u00f3n del d\u00e9ficit de cada una de las compa\u00f1\u00edas. Tambi\u00e9n, en pasar las empresas de sociedades del Estado a sociedades an\u00f3nimas, un proceso que, en el mediano plazo, tiene por delante un listado de unas diez firmas. Pero para eso hace falta que se aprueben los balances adeudados, y hay un n\u00famero importante de sociedades que deben unos cuantos de a\u00f1os atr\u00e1s. Un caso es Casa de la Moneda, que estuvo atravesada durante a\u00f1os por la investigaci\u00f3n judicial en torno al caso Ciccone.<\/p>\n<p class=\"paragraph\" data-mrf-recirculation=\"Links inline\"><b>En ARSAT, por caso, no se aprueban balances desde el 2019<\/b>. \u201cHay un plan de salida a la Bolsa, pero faltan acomodarse muchas cosas, y no se est\u00e1 moviendo mucho\u201d, asegur\u00f3 una fuente oficial que conoce la situaci\u00f3n de esa firma.<\/p>\n<p class=\"paragraph\" data-mrf-recirculation=\"Links inline\">Para colmo, las empresas p\u00fablicas tienen que presentar sus balances en la Auditor\u00eda General de la Naci\u00f3n (AGN), que tiene que escribir un informe final para que, con esa auditor\u00eda, los directorios de las compa\u00f1\u00edas puedan aprobar esos expedientes. Para avanzar m\u00e1s r\u00e1pido con el proceso &#8211;<b>\u201dHay un cuello de botella\u201d<\/b>, asegur\u00f3 un funcionario-, el gobierno solicit\u00f3 una dispensa que implicar\u00eda la contrataci\u00f3n de servicios contables externos para la realizaci\u00f3n de dichas auditor\u00edas, y que sea la AGN la realice el control posterior.<\/p>\n<p class=\"paragraph\" data-mrf-recirculation=\"Links inline\">Todav\u00eda no hay precisiones al respecto.<\/p>\n<div class=\"visual__image\"><img loading=\"lazy\" decoding=\"async\" class=\"\" src=\"https:\/\/www.infobae.com\/new-resizer\/gtDgjNA96-32DIlDv1Jlb-IpJK0=\/420x236\/filters:format(webp):quality(85)\/cloudfront-us-east-1.images.arcpublishing.com\/infobae\/EZK5YIMSPFEVLOGPQZA3MROSRY.jpg%20420w\" sizes=\"auto, (min-width: 1560px) 856px, (min-width: 1000px) calc(74.63vw - 293px), (min-width: 780px) calc(100vw - 376px), (min-width: 580px) calc(100vw - 32px), 100vw\" srcset=\"https:\/\/www.infobae.com\/new-resizer\/gtDgjNA96-32DIlDv1Jlb-IpJK0=\/420x236\/filters:format(webp):quality(85)\/cloudfront-us-east-1.images.arcpublishing.com\/infobae\/EZK5YIMSPFEVLOGPQZA3MROSRY.jpg 420w,https:\/\/www.infobae.com\/new-resizer\/IzKhcVRTrtY8o-L8Lsk8mQsGv9k=\/768x432\/filters:format(webp):quality(85)\/cloudfront-us-east-1.images.arcpublishing.com\/infobae\/EZK5YIMSPFEVLOGPQZA3MROSRY.jpg 768w,https:\/\/www.infobae.com\/new-resizer\/9bdm9RVDvSEZ69YZCUMGFVipoBw=\/992x558\/filters:format(webp):quality(85)\/cloudfront-us-east-1.images.arcpublishing.com\/infobae\/EZK5YIMSPFEVLOGPQZA3MROSRY.jpg 992w,https:\/\/www.infobae.com\/new-resizer\/y_Jrbjt7pWgyBdqS4PiWCkDgPH0=\/1200x675\/filters:format(webp):quality(85)\/cloudfront-us-east-1.images.arcpublishing.com\/infobae\/EZK5YIMSPFEVLOGPQZA3MROSRY.jpg 1200w,https:\/\/www.infobae.com\/new-resizer\/rVFn8JyscpQFRpMthjDL6JVIRkA=\/1440x810\/filters:format(webp):quality(85)\/cloudfront-us-east-1.images.arcpublishing.com\/infobae\/EZK5YIMSPFEVLOGPQZA3MROSRY.jpg 1440w\" alt=\"Ingenieros trabajan la fabricaci\u00f3n de un generador de vapor, en IMPSA\" width=\"1920\" height=\"1080\" data-src=\"https:\/\/www.infobae.com\/new-resizer\/gtDgjNA96-32DIlDv1Jlb-IpJK0=\/420x236\/filters:format(webp):quality(85)\/cloudfront-us-east-1.images.arcpublishing.com\/infobae\/EZK5YIMSPFEVLOGPQZA3MROSRY.jpg 420w\" \/>Ingenieros trabajan la fabricaci\u00f3n de un generador de vapor, en IMPSA<\/div>\n<p class=\"paragraph\" data-mrf-recirculation=\"Links inline\">Hay, en tanto, otras empresas que en estos meses tuvieron situaciones particulares. Una de ellas es la Empresa de Navegaci\u00f3n A\u00e9rea Argentina, que logr\u00f3 ser superavitaria y que se transform\u00f3 en sociedad an\u00f3nima bajo la conducci\u00f3n de\u00a0<b>Agust\u00edn Rodr\u00edguez<\/b>, un t\u00e9cnico con probada trayectoria en el mercado que trabaj\u00f3 para Patricia Bullrich en la campa\u00f1a del a\u00f1o pasado y que desembarc\u00f3 en EANA convocado por Nicol\u00e1s Posse, el ex jefe de Gabinete al que, sin embargo, nunca conoci\u00f3.<\/p>\n<p class=\"paragraph\" data-mrf-recirculation=\"Links inline\">Nadie sabe si es por haber sido citado por Posse, pero lo cierto es que Rodr\u00edguez dej\u00f3 la conducci\u00f3n de la compa\u00f1\u00eda la \u00faltima semana. Asumi\u00f3 este lunes Norma Rotta, una controladora a\u00e9rea de Comodoro Rivadavia. A instancias de Chaher, Caputo, el asesor estrella de Milei, busc\u00f3 en estos meses poner en los directorios de las empresas p\u00fablicas dirigentes o t\u00e9cnicos afines.<\/p>\n<p class=\"paragraph\" data-mrf-recirculation=\"Links inline\">Otro ejemplo es el de<b>\u00a0AYSA<\/b>, cuya hoja de ruta de desprendimiento por parte del Estado a\u00fan no est\u00e1 definida. Se habla de una salida al mercado. Trascendi\u00f3, como modelo a seguir, el caso Sabesp, la Compa\u00f1\u00eda de Saneamiento B\u00e1sico del Estado de San Pablo que capt\u00f3 m\u00e1s de 2.500 millones de d\u00f3lares mediante la privatizaci\u00f3n de parte de su paquete accionario con una oferta p\u00fablica de acciones que el fondo Equatorial adquiri\u00f3 en un 15%. Es el primer paso del proyecto privatizador que abri\u00f3 una fuerte pol\u00e9mica en el estado paulista.<\/p>\n<p class=\"paragraph\" data-mrf-recirculation=\"Links inline\">Para el gobierno, Aerol\u00edneas Argentinas es un caso testigo que el Ejecutivo tom\u00f3 en estas semanas como bandera para su discurso privatizador, impulsado por la seguidilla de reclamos sindicales que afect\u00f3 las operaciones de la compa\u00f1\u00eda y que llevaron a Milei a ordenar que se acelere una serie de reuniones con firmas de la regi\u00f3n para explorar alternativas para avanzar en una venta, cesi\u00f3n de rutas o, llegado el caso, la liquidaci\u00f3n de la sociedad.<\/p>\n<p class=\"paragraph\" data-mrf-recirculation=\"Links inline\">Es uno de los modelos que, seg\u00fan su entorno, propicia\u00a0<b>Mauricio Macri<\/b>, que la semana pasada aconsej\u00f3 diversos escenarios para la aerol\u00ednea a trav\u00e9s de sus redes.<\/p>\n<p class=\"paragraph\" data-mrf-recirculation=\"Links inline\">La Casa Rosada busca acelerar en simult\u00e1neo en el Parlamento porque la empresa estatal qued\u00f3 fuera del listado de empresas pasibles de ser privatizadas en el tratamiento de la ley bases. Ayer, la presidenta de la comisi\u00f3n de Transportes de Diputados pidi\u00f3 empezar a estudiar los proyectos que apuntan a privatizar la compa\u00f1\u00eda, y que este mi\u00e9rcoles expongan en dicha comisi\u00f3n Franco Mogetta, secretario de Transporte; Fabi\u00e1n Lombardo, presidente de la aerol\u00ednea, y Jos\u00e9 \u201cCochi\u201d Rolandi, vicejefe de Gabinete Ejecutivo.<\/p>\n","protected":false},"excerpt":{"rendered":"<p>Por ahora se trata solo de anuncios rimbombantes, pero el Gobierno est\u00e1 decidido a avanzar a fondo en el proceso privatizador de las empresas p\u00fablicas en simult\u00e1neo a la determinaci\u00f3n de la Casa Rosada de deshacerse de Aerol\u00edneas Argentinas, la l\u00ednea \u00e1rea estatal que arrastra desde hace semanas una seguidilla de medidas de fuerza por [&hellip;]<\/p>\n","protected":false},"author":2,"featured_media":21381,"comment_status":"closed","ping_status":"closed","sticky":false,"template":"","format":"standard","meta":{"footnotes":""},"categories":[79],"tags":[],"class_list":{"0":"post-21380","1":"post","2":"type-post","3":"status-publish","4":"format-standard","5":"has-post-thumbnail","7":"category-politica"},"_links":{"self":[{"href":"https:\/\/radiobitacora.com.ar\/web\/wp-json\/wp\/v2\/posts\/21380","targetHints":{"allow":["GET"]}}],"collection":[{"href":"https:\/\/radiobitacora.com.ar\/web\/wp-json\/wp\/v2\/posts"}],"about":[{"href":"https:\/\/radiobitacora.com.ar\/web\/wp-json\/wp\/v2\/types\/post"}],"author":[{"embeddable":true,"href":"https:\/\/radiobitacora.com.ar\/web\/wp-json\/wp\/v2\/users\/2"}],"replies":[{"embeddable":true,"href":"https:\/\/radiobitacora.com.ar\/web\/wp-json\/wp\/v2\/comments?post=21380"}],"version-history":[{"count":0,"href":"https:\/\/radiobitacora.com.ar\/web\/wp-json\/wp\/v2\/posts\/21380\/revisions"}],"wp:featuredmedia":[{"embeddable":true,"href":"https:\/\/radiobitacora.com.ar\/web\/wp-json\/wp\/v2\/media\/21381"}],"wp:attachment":[{"href":"https:\/\/radiobitacora.com.ar\/web\/wp-json\/wp\/v2\/media?parent=21380"}],"wp:term":[{"taxonomy":"category","embeddable":true,"href":"https:\/\/radiobitacora.com.ar\/web\/wp-json\/wp\/v2\/categories?post=21380"},{"taxonomy":"post_tag","embeddable":true,"href":"https:\/\/radiobitacora.com.ar\/web\/wp-json\/wp\/v2\/tags?post=21380"}],"curies":[{"name":"wp","href":"https:\/\/api.w.org\/{rel}","templated":true}]}}