{"id":21384,"date":"2024-09-25T09:15:53","date_gmt":"2024-09-25T12:15:53","guid":{"rendered":"https:\/\/radiobitacora.com.ar\/web\/?p=21384"},"modified":"2024-09-25T09:15:53","modified_gmt":"2024-09-25T12:15:53","slug":"plan-de-arborizacion","status":"publish","type":"post","link":"https:\/\/radiobitacora.com.ar\/web\/2024\/09\/25\/plan-de-arborizacion\/","title":{"rendered":"Plan de Arborizaci\u00f3n"},"content":{"rendered":"<p class=\"rtejustify\">La Direcci\u00f3n de Medio Ambiente del Municipio planta especies arb\u00f3reas en obras y espacios p\u00fablicos de la ciudad.<\/p>\n<p class=\"rtejustify\">Desde la Direcci\u00f3n de Medio Ambiente se contin\u00faan llevando adelante diferentes acciones en distintos sectores de la ciudad, con el Plan de Arborizaci\u00f3n, con especies provistas por el Vivero Municipal.<\/p>\n<p class=\"rtejustify\">Adem\u00e1s, las obras de pavimentaci\u00f3n del Programa \u201cMita y Mita\u201d van acompa\u00f1adas con la plantaci\u00f3n de diferentes especies arb\u00f3reas<\/p>\n<p class=\"rtejustify\">Tambi\u00e9n, en el nuevo Centro de D\u00eda se cre\u00f3 un espacio verde acondicionado con plantas del mismo lugar del municipio, el vivero. Asimismo, en el proyecto de la puesta en valor del espacio p\u00fablico, el Polideportivo Juan Pablo II, \u00a0las diferentes intervenciones que all\u00ed se realizan van acompa\u00f1adas de plantaciones arb\u00f3reas y ornamentales.<\/p>\n<p class=\"rtejustify\">Otro espacio p\u00fablico donde se desarrolla esta acci\u00f3n decorativa es en la Estaci\u00f3n de los Ni\u00f1os, en el nuevo espacio a incorporar, la Pista de Skate.<\/p>\n","protected":false},"excerpt":{"rendered":"<p>La Direcci\u00f3n de Medio Ambiente del Municipio planta especies arb\u00f3reas en obras y espacios p\u00fablicos de la ciudad. Desde la Direcci\u00f3n de Medio Ambiente se contin\u00faan llevando adelante diferentes acciones en distintos sectores de la ciudad, con el Plan de Arborizaci\u00f3n, con especies provistas por el Vivero Municipal. Adem\u00e1s, las obras de pavimentaci\u00f3n del Programa [&hellip;]<\/p>\n","protected":false},"author":2,"featured_media":21385,"comment_status":"closed","ping_status":"closed","sticky":false,"template":"","format":"standard","meta":{"footnotes":""},"categories":[56],"tags":[],"class_list":{"0":"post-21384","1":"post","2":"type-post","3":"status-publish","4":"format-standard","5":"has-post-thumbnail","7":"category-locales"},"_links":{"self":[{"href":"https:\/\/radiobitacora.com.ar\/web\/wp-json\/wp\/v2\/posts\/21384","targetHints":{"allow":["GET"]}}],"collection":[{"href":"https:\/\/radiobitacora.com.ar\/web\/wp-json\/wp\/v2\/posts"}],"about":[{"href":"https:\/\/radiobitacora.com.ar\/web\/wp-json\/wp\/v2\/types\/post"}],"author":[{"embeddable":true,"href":"https:\/\/radiobitacora.com.ar\/web\/wp-json\/wp\/v2\/users\/2"}],"replies":[{"embeddable":true,"href":"https:\/\/radiobitacora.com.ar\/web\/wp-json\/wp\/v2\/comments?post=21384"}],"version-history":[{"count":0,"href":"https:\/\/radiobitacora.com.ar\/web\/wp-json\/wp\/v2\/posts\/21384\/revisions"}],"wp:featuredmedia":[{"embeddable":true,"href":"https:\/\/radiobitacora.com.ar\/web\/wp-json\/wp\/v2\/media\/21385"}],"wp:attachment":[{"href":"https:\/\/radiobitacora.com.ar\/web\/wp-json\/wp\/v2\/media?parent=21384"}],"wp:term":[{"taxonomy":"category","embeddable":true,"href":"https:\/\/radiobitacora.com.ar\/web\/wp-json\/wp\/v2\/categories?post=21384"},{"taxonomy":"post_tag","embeddable":true,"href":"https:\/\/radiobitacora.com.ar\/web\/wp-json\/wp\/v2\/tags?post=21384"}],"curies":[{"name":"wp","href":"https:\/\/api.w.org\/{rel}","templated":true}]}}