{"id":21402,"date":"2024-09-25T09:41:59","date_gmt":"2024-09-25T12:41:59","guid":{"rendered":"https:\/\/radiobitacora.com.ar\/web\/?p=21402"},"modified":"2024-09-25T09:41:59","modified_gmt":"2024-09-25T12:41:59","slug":"despiden-los-restos-de-ofelia-leiva","status":"publish","type":"post","link":"https:\/\/radiobitacora.com.ar\/web\/2024\/09\/25\/despiden-los-restos-de-ofelia-leiva\/","title":{"rendered":"Despiden los restos de Ofelia Leiva"},"content":{"rendered":"<p>Tras la muerte de la cantante Ofelia Leiva, una de las principales voces del chamam\u00e9, realizar\u00e1n un velatorio para todo p\u00fablico en\u00a0 Buenos Aires.<\/p>\n<div class=\"container-spot\" data-tipo=\"tipo_todo\" data-pos=\"NEW_P1_cuerpo\"><\/div>\n<p>Seg\u00fan el comunicado publicado por sus hijos ser\u00e1 en la casa velatoria &#8220;Castro Hnos&#8221;, ubicado en Andr\u00e9s Baranda 269 del barrio Quilmes de 12 a 15.<\/p>\n<p>&#8220;Queridos familiares y amigos, sabemos del gran cari\u00f1o que muchos de ustedes sienten por nuestra amada mam\u00e1, por eso queremos contarles que hoy 25 de septiembre en el horario de 12 a 15, la despedimos&#8221;, destacaron.<\/p>\n<div class=\"container-spot\" data-tipo=\"tipo_todo\" data-pos=\"NEW_P2_cuerpo\"><\/div>\n<p>La cantora, nacida en la capital correntina el 7 de noviembre de 1950, estaba internada en el Sanatorio G\u00fcemes de Buenos Aires. La noticia de su fallecimiento se supo el marte por la tarde.<\/p>\n<p><strong>Su historia<\/strong><\/p>\n<p>Ofelia Leiva comenz\u00f3 a cantar a los 8 a\u00f1os y a los 15 debut\u00f3 en Canal 13.<\/p>\n<div class=\"container-spot\" data-tipo=\"tipo_todo\" data-pos=\"NEW_P3_cuerpo\"><\/div>\n<p>En 1968 integr\u00f3 la delegaci\u00f3n de Corrientes que se present\u00f3 en Cosqu\u00edn, donde conoci\u00f3 al cordob\u00e9s Domingo Ra\u00fal Palacios, conocido como Rosendo Arias.<\/p>\n<p>Los dos fueron premiados y grabaron un disco con todos los ganadores de ese a\u00f1o en el Festival Nacional de Folklore. All\u00ed naci\u00f3 el duo que termin\u00f3 grabando 13 discos.<\/p>\n<div class=\"container-spot\" data-tipo=\"tipo_todo\" data-pos=\"NEW_P4_cuerpo\"><\/div>\n<p>Rosendo muri\u00f3 en 2007 y Ofelia sigui\u00f3 cantando y, pese a que hab\u00eda dicho que dejaba los escenarios en un par de oportunidades, sigui\u00f3 hasta la reciente Fiesta del Chamam\u00e9.<\/p>\n","protected":false},"excerpt":{"rendered":"<p>Tras la muerte de la cantante Ofelia Leiva, una de las principales voces del chamam\u00e9, realizar\u00e1n un velatorio para todo p\u00fablico en\u00a0 Buenos Aires. Seg\u00fan el comunicado publicado por sus hijos ser\u00e1 en la casa velatoria &#8220;Castro Hnos&#8221;, ubicado en Andr\u00e9s Baranda 269 del barrio Quilmes de 12 a 15. &#8220;Queridos familiares y amigos, sabemos [&hellip;]<\/p>\n","protected":false},"author":2,"featured_media":21403,"comment_status":"closed","ping_status":"closed","sticky":false,"template":"","format":"standard","meta":{"footnotes":""},"categories":[67],"tags":[],"class_list":{"0":"post-21402","1":"post","2":"type-post","3":"status-publish","4":"format-standard","5":"has-post-thumbnail","7":"category-espectaculo"},"_links":{"self":[{"href":"https:\/\/radiobitacora.com.ar\/web\/wp-json\/wp\/v2\/posts\/21402","targetHints":{"allow":["GET"]}}],"collection":[{"href":"https:\/\/radiobitacora.com.ar\/web\/wp-json\/wp\/v2\/posts"}],"about":[{"href":"https:\/\/radiobitacora.com.ar\/web\/wp-json\/wp\/v2\/types\/post"}],"author":[{"embeddable":true,"href":"https:\/\/radiobitacora.com.ar\/web\/wp-json\/wp\/v2\/users\/2"}],"replies":[{"embeddable":true,"href":"https:\/\/radiobitacora.com.ar\/web\/wp-json\/wp\/v2\/comments?post=21402"}],"version-history":[{"count":0,"href":"https:\/\/radiobitacora.com.ar\/web\/wp-json\/wp\/v2\/posts\/21402\/revisions"}],"wp:featuredmedia":[{"embeddable":true,"href":"https:\/\/radiobitacora.com.ar\/web\/wp-json\/wp\/v2\/media\/21403"}],"wp:attachment":[{"href":"https:\/\/radiobitacora.com.ar\/web\/wp-json\/wp\/v2\/media?parent=21402"}],"wp:term":[{"taxonomy":"category","embeddable":true,"href":"https:\/\/radiobitacora.com.ar\/web\/wp-json\/wp\/v2\/categories?post=21402"},{"taxonomy":"post_tag","embeddable":true,"href":"https:\/\/radiobitacora.com.ar\/web\/wp-json\/wp\/v2\/tags?post=21402"}],"curies":[{"name":"wp","href":"https:\/\/api.w.org\/{rel}","templated":true}]}}