{"id":21405,"date":"2024-09-25T09:44:47","date_gmt":"2024-09-25T12:44:47","guid":{"rendered":"https:\/\/radiobitacora.com.ar\/web\/?p=21405"},"modified":"2024-09-25T09:44:47","modified_gmt":"2024-09-25T12:44:47","slug":"alerta-amarilla-por-lluvias-y-tormentas-en-corrientes","status":"publish","type":"post","link":"https:\/\/radiobitacora.com.ar\/web\/2024\/09\/25\/alerta-amarilla-por-lluvias-y-tormentas-en-corrientes\/","title":{"rendered":"Alerta amarilla por lluvias y tormentas en Corrientes"},"content":{"rendered":"<p>El Servicio Meteorol\u00f3gico Nacional (SMN) inform\u00f3 este mi\u00e9rcoles que la provincia de Corrientes se encuentra bajo alerta amarilla por lluvias y tormentas.<\/p>\n<div class=\"container-spot\" data-tipo=\"tipo_todo\" data-pos=\"NEW_P1_cuerpo\"><\/div>\n<p>Seg\u00fan el organismo,\u00a0\u00a0<strong>las malas condiciones arrancar\u00e1n a partir de la noche de este mi\u00e9rcoles\u00a0\u00a0<\/strong>con un 60% de probabilidad de lluvias.<\/p>\n<p>En este marco, adelant\u00f3 que\u00a0el alerta amarilla del mi\u00e9rcoles\u00a0afectar\u00e1 a las localidades de Concepci\u00f3n, Curuz\u00fa Cuati\u00e1, Mercedes, San Roque y Sauce.<\/p>\n<div class=\"container-spot\" data-tipo=\"tipo_todo\" data-pos=\"NEW_P2_cuerpo\"><\/div>\n<p>En tanto que, para el jueves el alerta amarilla rige\u00a0para\u00a0toda la provincia correntina.<\/p>\n<p>De esta manera,\u00a0<strong>\u00a0las malas condiciones se extender\u00e1 durante todo el jueves, donde se espera un 90% de probabilidad de lluvias<\/strong>.<\/p>\n<div class=\"container-spot\" data-tipo=\"tipo_todo\" data-pos=\"NEW_P3_cuerpo\"><\/div>\n<p>&#8220;El \u00e1rea ser\u00e1 afectada por tormentas fuertes con ca\u00edda de granizo, intensa actividad el\u00e9ctrica, abundante ca\u00edda de agua en cortos per\u00edodos, y r\u00e1fagas intensas&#8221; precis\u00f3 el SMN.<\/p>\n<p>Las malas condiciones estar\u00e1n acompa\u00f1adas por una temperatura m\u00e1xima de 21\u00b0C.<\/p>\n","protected":false},"excerpt":{"rendered":"<p>El Servicio Meteorol\u00f3gico Nacional (SMN) inform\u00f3 este mi\u00e9rcoles que la provincia de Corrientes se encuentra bajo alerta amarilla por lluvias y tormentas. Seg\u00fan el organismo,\u00a0\u00a0las malas condiciones arrancar\u00e1n a partir de la noche de este mi\u00e9rcoles\u00a0\u00a0con un 60% de probabilidad de lluvias. En este marco, adelant\u00f3 que\u00a0el alerta amarilla del mi\u00e9rcoles\u00a0afectar\u00e1 a las localidades de [&hellip;]<\/p>\n","protected":false},"author":2,"featured_media":21406,"comment_status":"closed","ping_status":"closed","sticky":false,"template":"","format":"standard","meta":{"footnotes":""},"categories":[86],"tags":[],"class_list":{"0":"post-21405","1":"post","2":"type-post","3":"status-publish","4":"format-standard","5":"has-post-thumbnail","7":"category-sociedad"},"_links":{"self":[{"href":"https:\/\/radiobitacora.com.ar\/web\/wp-json\/wp\/v2\/posts\/21405","targetHints":{"allow":["GET"]}}],"collection":[{"href":"https:\/\/radiobitacora.com.ar\/web\/wp-json\/wp\/v2\/posts"}],"about":[{"href":"https:\/\/radiobitacora.com.ar\/web\/wp-json\/wp\/v2\/types\/post"}],"author":[{"embeddable":true,"href":"https:\/\/radiobitacora.com.ar\/web\/wp-json\/wp\/v2\/users\/2"}],"replies":[{"embeddable":true,"href":"https:\/\/radiobitacora.com.ar\/web\/wp-json\/wp\/v2\/comments?post=21405"}],"version-history":[{"count":0,"href":"https:\/\/radiobitacora.com.ar\/web\/wp-json\/wp\/v2\/posts\/21405\/revisions"}],"wp:featuredmedia":[{"embeddable":true,"href":"https:\/\/radiobitacora.com.ar\/web\/wp-json\/wp\/v2\/media\/21406"}],"wp:attachment":[{"href":"https:\/\/radiobitacora.com.ar\/web\/wp-json\/wp\/v2\/media?parent=21405"}],"wp:term":[{"taxonomy":"category","embeddable":true,"href":"https:\/\/radiobitacora.com.ar\/web\/wp-json\/wp\/v2\/categories?post=21405"},{"taxonomy":"post_tag","embeddable":true,"href":"https:\/\/radiobitacora.com.ar\/web\/wp-json\/wp\/v2\/tags?post=21405"}],"curies":[{"name":"wp","href":"https:\/\/api.w.org\/{rel}","templated":true}]}}