{"id":21414,"date":"2024-09-25T10:01:38","date_gmt":"2024-09-25T13:01:38","guid":{"rendered":"https:\/\/radiobitacora.com.ar\/web\/?p=21414"},"modified":"2024-09-25T10:01:38","modified_gmt":"2024-09-25T13:01:38","slug":"leonardo-sbaraglia-ahora-mismo-la-realidad-del-cine-argentino-es-de-total-incertidumbre-nos-han-situado-en-un-terreno-de-conflicto-que-no-queremos","status":"publish","type":"post","link":"https:\/\/radiobitacora.com.ar\/web\/2024\/09\/25\/leonardo-sbaraglia-ahora-mismo-la-realidad-del-cine-argentino-es-de-total-incertidumbre-nos-han-situado-en-un-terreno-de-conflicto-que-no-queremos\/","title":{"rendered":"Leonardo Sbaraglia: \u201cAhora mismo, la realidad del cine argentino es de total incertidumbre, nos han situado en un terreno de conflicto que no queremos\u201d"},"content":{"rendered":"<p class=\"paragraph\" data-mrf-recirculation=\"Links inline\">En los \u00faltimos tiempos\u00a0<a href=\"https:\/\/www.infobae.com\/espana\/2024\/03\/27\/leonardo-sbaraglia-estrena-puan-milei-deberia-sentirse-orgulloso-del-cine-argentino-no-intentar-destruirlo\/\" target=\"_blank\" rel=\"noopener noreferrer\" data-mrf-link=\"https:\/\/www.infobae.com\/espana\/2024\/03\/27\/leonardo-sbaraglia-estrena-puan-milei-deberia-sentirse-orgulloso-del-cine-argentino-no-intentar-destruirlo\/\"><b>Leonardo Sbaraglia<\/b><\/a>\u00a0no ha parado de enfrentarse a nuevos retos. Su carrera est\u00e1 trufada de interpretaciones valientes, pero no abundaban precisamente los<b>\u00a0\u2018biopics\u2019<\/b> o, lo que es lo mismo, que como actor tuviera que meterse en la piel de un personaje real.<\/p>\n<p class=\"paragraph\" data-mrf-recirculation=\"Links inline\">Pronto lo veremos encarnando a\u00a0<b>Carlos Menem<\/b>, el controvertido presidente argentino, en una\u00a0<b>serie autobiogr\u00e1fica\u00a0<\/b>en la que tambi\u00e9n participan Juan Minuj\u00edn y Griselda Siciliani y ahora se transfigura de\u00a0<i><b>El hombre que amaba los platos voladores<\/b><\/i>, producci\u00f3n de\u00a0<b>Netflix<\/b>\u00a0dirigida por Diego Lerman que se ha presentado en la Secci\u00f3n Oficial del\u00a0<a href=\"https:\/\/www.infobae.com\/espana\/cultura\/2024\/09\/20\/arranca-el-festival-de-san-sebastian-con-una-seccion-oficial-repleta-de-peliculas-y-series-de-lo-mas-esperadas\/\" target=\"_blank\" rel=\"noopener noreferrer\" data-mrf-link=\"https:\/\/www.infobae.com\/espana\/cultura\/2024\/09\/20\/arranca-el-festival-de-san-sebastian-con-una-seccion-oficial-repleta-de-peliculas-y-series-de-lo-mas-esperadas\/\"><b>Festival de San Sebasti\u00e1n<\/b><\/a><b>.<\/b><\/p>\n<div class=\"headline-wrapper\">\n<h2 class=\"header headline-class-h2\">Qu\u00e9 cuenta \u2018El hombre que amaba los platos voladores\u2019<\/h2>\n<\/div>\n<div class=\"visual__image\"><img loading=\"lazy\" decoding=\"async\" class=\"\" src=\"https:\/\/www.infobae.com\/new-resizer\/bx3xJcwoAG0sf_OrfMpUveflt3w=\/420x236\/filters:format(webp):quality(85)\/cloudfront-us-east-1.images.arcpublishing.com\/infobae\/FFK3TTPULRCVVDOZKGFMIN4A4A.png%20420w\" sizes=\"auto, (min-width: 1560px) 856px, (min-width: 1000px) calc(74.63vw - 293px), (min-width: 780px) calc(100vw - 376px), (min-width: 580px) calc(100vw - 32px), 100vw\" srcset=\"https:\/\/www.infobae.com\/new-resizer\/bx3xJcwoAG0sf_OrfMpUveflt3w=\/420x236\/filters:format(webp):quality(85)\/cloudfront-us-east-1.images.arcpublishing.com\/infobae\/FFK3TTPULRCVVDOZKGFMIN4A4A.png 420w,https:\/\/www.infobae.com\/new-resizer\/19u5TL3Y8YWRPADakKB7Ts6tGUw=\/768x432\/filters:format(webp):quality(85)\/cloudfront-us-east-1.images.arcpublishing.com\/infobae\/FFK3TTPULRCVVDOZKGFMIN4A4A.png 768w,https:\/\/www.infobae.com\/new-resizer\/LFUJOZcvu3CC2wmOjd6LDiT6d8g=\/992x558\/filters:format(webp):quality(85)\/cloudfront-us-east-1.images.arcpublishing.com\/infobae\/FFK3TTPULRCVVDOZKGFMIN4A4A.png 992w,https:\/\/www.infobae.com\/new-resizer\/_Spw5Qf5nn0xibvz4K5hsvgHkE0=\/1200x675\/filters:format(webp):quality(85)\/cloudfront-us-east-1.images.arcpublishing.com\/infobae\/FFK3TTPULRCVVDOZKGFMIN4A4A.png 1200w,https:\/\/www.infobae.com\/new-resizer\/dCDwslIWeU930i_WFFezdW9Ghwg=\/1440x810\/filters:format(webp):quality(85)\/cloudfront-us-east-1.images.arcpublishing.com\/infobae\/FFK3TTPULRCVVDOZKGFMIN4A4A.png 1440w\" alt=\"Leo Sbaraglia en 'El hombre que amaba los platos voladores' (Netflix)\" width=\"1920\" height=\"1080\" data-src=\"https:\/\/www.infobae.com\/new-resizer\/bx3xJcwoAG0sf_OrfMpUveflt3w=\/420x236\/filters:format(webp):quality(85)\/cloudfront-us-east-1.images.arcpublishing.com\/infobae\/FFK3TTPULRCVVDOZKGFMIN4A4A.png 420w\" \/>Leo Sbaraglia en &#8216;El hombre que amaba los platos voladores&#8217; (Netflix)<\/div>\n<p class=\"paragraph\" data-mrf-recirculation=\"Links inline\">Se trata de la historia de\u00a0<b>Jos\u00e9 de Zer<\/b>, un periodista argentino que alcanz\u00f3 la fama en los a\u00f1os setenta y que termin\u00f3 convirti\u00e9ndose en una<b>\u00a0estrella popular<\/b>\u00a0gracias a un espacio donde se encarg\u00f3 de investigar (a su manera) una serie de\u00a0<a href=\"https:\/\/www.infobae.com\/espana\/2023\/10\/12\/montserrat-la-montana-magica-de-la-virgen-de-la-moreneta-y-de-los-ovnis-que-sirve-de-inspiracion-a-los-javis-en-la-mesias\/\" target=\"_blank\" rel=\"noopener noreferrer\" data-mrf-link=\"https:\/\/www.infobae.com\/espana\/2023\/10\/12\/montserrat-la-montana-magica-de-la-virgen-de-la-moreneta-y-de-los-ovnis-que-sirve-de-inspiracion-a-los-javis-en-la-mesias\/\">\u2018avistamientos\u2019 de\u00a0<b>OVNIS<\/b><\/a> en el Cerro Uritorco, en la provincia de C\u00f3rdoba.<\/p>\n<p class=\"paragraph\" data-mrf-recirculation=\"Links inline\">\u201cLe estoy cogiendo el gusto a esto de las\u00a0<b>caracterizaciones<\/b>. En los \u00faltimos tres a\u00f1os he sido el representante de Maradona, un director, el ex presidente de Argentina y todas han sido buen\u00edsimas experiencias que, de alguna manera me han sacado de mi\u00a0<b>zona de confor<\/b>t\u201d, cuenta el actor a\u00a0<i>Infobae Espa\u00f1a<\/i>.<\/p>\n<p class=\"paragraph\" data-mrf-recirculation=\"Links inline\">\u201cSiempre est\u00e1n bien los\u00a0<b>desaf\u00edos<\/b>\u00a0y, en este caso, implicaba una<b>\u00a0transformaci\u00f3n<\/b>. Es curioso porque con estos personajes he tenido m\u00e1s\u00a0<b>libertad<\/b> de la que me esperaba. Los puedes investigar, analizar c\u00f3mo se mueven, sus gestos, pero despu\u00e9s tambi\u00e9n hay un espacio grande para el juego\u201d.<\/p>\n<p class=\"paragraph\" data-mrf-recirculation=\"Links inline\">Reconoce que, en este caso, el\u00a0<b>cambio f\u00edsico<\/b>\u00a0se encontraba impl\u00edcito, no solo por el\u00a0<b>pelo canoso<\/b>\u00a0y repeinado que lleva el personaje. Cuenta Sbaraglia que en la \u00e9poca de m\u00e1ximo esplendor de Jos\u00e9 de Zer, \u00e9l no estaba muy pendiente de su programa, pero s\u00ed recuerda que era una\u00a0<b>figura bizarra<\/b>\u00a0y un tanto esperp\u00e9ntica que generaba una cierta fascinaci\u00f3n. \u201cEra un tipo llamativo\u201d, cuenta. \u201cLo investigamos mucho y fuimos a todos sus medios a hablar con sus colegas. Era muy admirado, algunos los consideran un mito y eso era curioso de explorar\u201d.<\/p>\n<p class=\"paragraph\" data-mrf-recirculation=\"Links inline\">Uno de los temas que aborda la pel\u00edcula es la invenci\u00f3n de los\u00a0<b>circos medi\u00e1ticos<\/b>\u00a0a trav\u00e9s de la utilizaci\u00f3n de la\u00a0<b>mentira<\/b>. Un asunto que resuena inevitablemente en nuestros d\u00edas a trav\u00e9s de las\u00a0<b>\u2018fake news\u2019<\/b>.<\/p>\n<p class=\"paragraph\" data-mrf-recirculation=\"Links inline\"><b>Diego Lerman<\/b>, el director de la pel\u00edcula, cree que, en ese aspecto, Jos\u00e9 de Zer fue un adelantado a su \u00e9poca, un\u00a0<b>visionario<\/b>\u00a0porque, de alguna manera, introdujo en la televisi\u00f3n argentina el concepto de la\u00a0<b>posverdad,<\/b>\u00a0la manipulaci\u00f3n informativa que ha derivado en la\u00a0<b>crisis del periodismo<\/b>. \u201cCreo que, en ese aspecto, este hombre marc\u00f3 un punto de inflexi\u00f3n para la sociedad argentina y estableci\u00f3 un\u00a0<b>dilema \u00e9tico\u00a0<\/b>al pasar a televisar hechos un poco dudosos\u201d, ha comentado.<\/p>\n<div class=\"headline-wrapper\">\n<h2 class=\"header headline-class-h2\">La crisis del cine argentino<\/h2>\n<\/div>\n<div class=\"visual__image\"><img loading=\"lazy\" decoding=\"async\" class=\"\" src=\"https:\/\/www.infobae.com\/new-resizer\/n1UV-dJBvUM4bjhC_9fzw-ASwZU=\/420x280\/filters:format(webp):quality(85)\/cloudfront-us-east-1.images.arcpublishing.com\/infobae\/43N3OWSY7ZDHFBV3AIR3JPGNVQ.jpg%20420w\" sizes=\"auto, (min-width: 1560px) 856px, (min-width: 1000px) calc(74.63vw - 293px), (min-width: 780px) calc(100vw - 376px), (min-width: 580px) calc(100vw - 32px), 100vw\" srcset=\"https:\/\/www.infobae.com\/new-resizer\/n1UV-dJBvUM4bjhC_9fzw-ASwZU=\/420x280\/filters:format(webp):quality(85)\/cloudfront-us-east-1.images.arcpublishing.com\/infobae\/43N3OWSY7ZDHFBV3AIR3JPGNVQ.jpg 420w,https:\/\/www.infobae.com\/new-resizer\/9nJcJRfcP6T8oCL0JAI3s5mJgys=\/768x512\/filters:format(webp):quality(85)\/cloudfront-us-east-1.images.arcpublishing.com\/infobae\/43N3OWSY7ZDHFBV3AIR3JPGNVQ.jpg 768w,https:\/\/www.infobae.com\/new-resizer\/2EqynoTRqqwwC47fvZqT5uO4Uj8=\/992x661\/filters:format(webp):quality(85)\/cloudfront-us-east-1.images.arcpublishing.com\/infobae\/43N3OWSY7ZDHFBV3AIR3JPGNVQ.jpg 992w,https:\/\/www.infobae.com\/new-resizer\/ykn74bhPIvsUNQw48BBllLpmLvk=\/1200x800\/filters:format(webp):quality(85)\/cloudfront-us-east-1.images.arcpublishing.com\/infobae\/43N3OWSY7ZDHFBV3AIR3JPGNVQ.jpg 1200w,https:\/\/www.infobae.com\/new-resizer\/1fNNQZDcO3f4ZpHBKFts1UE0src=\/1440x960\/filters:format(webp):quality(85)\/cloudfront-us-east-1.images.arcpublishing.com\/infobae\/43N3OWSY7ZDHFBV3AIR3JPGNVQ.jpg 1440w\" alt=\"El actor Leonardo Sbaraglia y el director del Festival de Cine de San Sebasti\u00e1n, Jos\u00e9 Luis Rebordinos, este martes durante un acto de apoyo del festival de San Sebasti\u00e1n al cine argentino. EFE\/ Javier Etxezarreta\n\" width=\"5898\" height=\"3898\" data-src=\"https:\/\/www.infobae.com\/new-resizer\/n1UV-dJBvUM4bjhC_9fzw-ASwZU=\/420x280\/filters:format(webp):quality(85)\/cloudfront-us-east-1.images.arcpublishing.com\/infobae\/43N3OWSY7ZDHFBV3AIR3JPGNVQ.jpg 420w\" \/>El actor Leonardo Sbaraglia y el director del Festival de Cine de San Sebasti\u00e1n, Jos\u00e9 Luis Rebordinos, este martes durante un acto de apoyo del festival de San Sebasti\u00e1n al cine argentino. EFE\/ Javier Etxezarreta<\/div>\n<p class=\"paragraph\" data-mrf-recirculation=\"Links inline\">La situaci\u00f3n del cine argentino ha sido protagonista de la jornada porque, adem\u00e1s del estreno internacional de\u00a0<i>El hombre que amaba los platos voladores<\/i>, tambi\u00e9n ha tenido lugar un<b>\u00a0<\/b><a href=\"https:\/\/www.infobae.com\/espana\/cultura\/2024\/09\/24\/el-cine-argentino-reivindica-su-supervivencia-en-el-festival-de-san-sebastian-por-los-recortes-de-milei-el-proximo-ano-puede-que-no-haya-peliculas-que-presentar\/\" target=\"_blank\" rel=\"noopener noreferrer\" data-mrf-link=\"https:\/\/www.infobae.com\/espana\/cultura\/2024\/09\/24\/el-cine-argentino-reivindica-su-supervivencia-en-el-festival-de-san-sebastian-por-los-recortes-de-milei-el-proximo-ano-puede-que-no-haya-peliculas-que-presentar\/\"><b>acto de apoyo a la industria\u00a0<\/b>del pa\u00eds\u00a0<\/a>que vive unos momentos delicados despu\u00e9s de la \u2018desmantelaci\u00f3n\u2019 del Instituto de Cinematograf\u00eda (INCAA) por parte del gobierno de\u00a0<b>Javier Milei<\/b>.<\/p>\n<p class=\"paragraph\" data-mrf-recirculation=\"Links inline\">\u201cSon importantes estos actos de apoyo, sobre todo por parte de un festival que hist\u00f3ricamente siempre ha tendido lazos con el cine de mi pa\u00eds. Cuando el a\u00f1o pasado estuve presentando\u00a0<a href=\"https:\/\/www.infobae.com\/espana\/2023\/09\/27\/puan-y-la-defensa-del-pensamiento-y-la-filosofia-frente-al-avance-de-la-ultraderecha\/\" target=\"_blank\" rel=\"noopener noreferrer\" data-mrf-link=\"https:\/\/www.infobae.com\/espana\/2023\/09\/27\/puan-y-la-defensa-del-pensamiento-y-la-filosofia-frente-al-avance-de-la-ultraderecha\/\"><i><b>Puan<\/b><\/i><\/a>, ya se vislumbraba la crisis y bueno, todo se cumpli\u00f3. Ahora mismo, la realidad del cine argentino es una total\u00a0<b>incertidumbre<\/b>. El apoyo estatal se ha suspendido y eso ha\u00a0<b>hundido la producci\u00f3n<\/b>\u00a0local. Entonces, no se est\u00e1n haciendo pel\u00edculas, solo un par que est\u00e1n autofinanciadas. Y esa es la realidad. Tenemos las\u00a0<b>plataformas<\/b>, pero no todos los directores pueden acceder a ellas, ya que no todas las pel\u00edculas se insertan dentro del negocio del cine\u201d.<\/p>\n<p class=\"paragraph\" data-mrf-recirculation=\"Links inline\">\u201cEl cine tambi\u00e9n es identidad, es cultura, es arte. Y dentro del\u00a0<b>discurso populista<\/b>, los recortes en educaci\u00f3n, salud o ciencia, se encuentran alineados en el mismo sentido, para enga\u00f1ar a la gente diciendo que el cine le quita el pan de la boca a los pobres. Est\u00e1n situ\u00e1ndonos en un<b>\u00a0terreno de conflicto\u00a0<\/b>cuando nosotros solo queremos hacer nuestro trabajo y representar a Argentina en el mundo, como lo hemos hecho durante tanto tiempo. Pero bueno, ha habido un cambio de tim\u00f3n radical y creo que todav\u00eda\u00a0<b>estamos un poco en shoc<\/b>k, sin saber exactamente c\u00f3mo reorganizar las nuevas coyunturas\u201d, ha dicho el actor.<\/p>\n","protected":false},"excerpt":{"rendered":"<p>En los \u00faltimos tiempos\u00a0Leonardo Sbaraglia\u00a0no ha parado de enfrentarse a nuevos retos. Su carrera est\u00e1 trufada de interpretaciones valientes, pero no abundaban precisamente los\u00a0\u2018biopics\u2019 o, lo que es lo mismo, que como actor tuviera que meterse en la piel de un personaje real. Pronto lo veremos encarnando a\u00a0Carlos Menem, el controvertido presidente argentino, en una\u00a0serie [&hellip;]<\/p>\n","protected":false},"author":2,"featured_media":21415,"comment_status":"closed","ping_status":"closed","sticky":false,"template":"","format":"standard","meta":{"footnotes":""},"categories":[67],"tags":[],"class_list":{"0":"post-21414","1":"post","2":"type-post","3":"status-publish","4":"format-standard","5":"has-post-thumbnail","7":"category-espectaculo"},"_links":{"self":[{"href":"https:\/\/radiobitacora.com.ar\/web\/wp-json\/wp\/v2\/posts\/21414","targetHints":{"allow":["GET"]}}],"collection":[{"href":"https:\/\/radiobitacora.com.ar\/web\/wp-json\/wp\/v2\/posts"}],"about":[{"href":"https:\/\/radiobitacora.com.ar\/web\/wp-json\/wp\/v2\/types\/post"}],"author":[{"embeddable":true,"href":"https:\/\/radiobitacora.com.ar\/web\/wp-json\/wp\/v2\/users\/2"}],"replies":[{"embeddable":true,"href":"https:\/\/radiobitacora.com.ar\/web\/wp-json\/wp\/v2\/comments?post=21414"}],"version-history":[{"count":0,"href":"https:\/\/radiobitacora.com.ar\/web\/wp-json\/wp\/v2\/posts\/21414\/revisions"}],"wp:featuredmedia":[{"embeddable":true,"href":"https:\/\/radiobitacora.com.ar\/web\/wp-json\/wp\/v2\/media\/21415"}],"wp:attachment":[{"href":"https:\/\/radiobitacora.com.ar\/web\/wp-json\/wp\/v2\/media?parent=21414"}],"wp:term":[{"taxonomy":"category","embeddable":true,"href":"https:\/\/radiobitacora.com.ar\/web\/wp-json\/wp\/v2\/categories?post=21414"},{"taxonomy":"post_tag","embeddable":true,"href":"https:\/\/radiobitacora.com.ar\/web\/wp-json\/wp\/v2\/tags?post=21414"}],"curies":[{"name":"wp","href":"https:\/\/api.w.org\/{rel}","templated":true}]}}