{"id":21423,"date":"2024-09-26T09:28:08","date_gmt":"2024-09-26T12:28:08","guid":{"rendered":"https:\/\/radiobitacora.com.ar\/web\/?p=21423"},"modified":"2024-09-26T09:28:08","modified_gmt":"2024-09-26T12:28:08","slug":"virasoro-a-sus-98-anos-es-potencia-industrial-en-la-provincia-de-corrientes","status":"publish","type":"post","link":"https:\/\/radiobitacora.com.ar\/web\/2024\/09\/26\/virasoro-a-sus-98-anos-es-potencia-industrial-en-la-provincia-de-corrientes\/","title":{"rendered":"Virasoro a sus 98 a\u00f1os es potencia industrial en la provincia de Corrientes"},"content":{"rendered":"<p><em>El intendente Emiliano Fern\u00e1ndez salud\u00f3 a la toda la comunidad con la llegada de este lunes 23 de septiembre: \u201cCuna de la industria, la producci\u00f3n y la cultura del trabajo\u201d, expres\u00f3 y alent\u00f3 a replicar el modelo econ\u00f3mico-social virasore\u00f1o en toda la provincia. \u201cCorrientes tiene potencial y necesita un cambio. Estamos trabajando sobre eso con todos los sectores\u201d, dijo.<\/em><\/p>\n<p>Gobernador Virasoro cumple hoy, 98 a\u00f1os de la imposici\u00f3n de su nombre. El acto central ser\u00e1 desde 16.30 en la c\u00e9ntrica plaza Libertad, como lo anunci\u00f3 EL LIBERTADOR.<\/p>\n<p>El intendente Emiliano Fern\u00e1ndez Recalde salud\u00f3 a toda la comunidad desde las primeras horas del nuevo aniversario. \u201cFeliz 98 Aniversario mi querido Virasoro, tierra de oportunidades, cuna de la industria: la producci\u00f3n y la cultura del trabajo. Saludo a toda la comunidad virasore\u00f1a en un a\u00f1o m\u00e1s de vida, rumbo a nuestro centenario, convencidos que, con diversificaci\u00f3n econ\u00f3mica, educaci\u00f3n y sector privado el motor del desarrollo tiene bases s\u00f3lidas para el presente y el futuro\u201d.<\/p>\n<p>El Jefe comunal remarc\u00f3 en ese sentido la necesidad de replicar el modelo econ\u00f3mico social de la comuna en toda la provincia. \u201cEntendemos que Corrientes necesita un cambio a partir del a\u00f1o que viene, por lo que venimos charlando con funcionarios y empresarios al respecto. Queremos que no sea el Estado el encargado de solucionar el problema del desempleo en Corrientes\u201d, opin\u00f3.<\/p>\n<p>Sobre los inicios de la comuna el Jefe comunal record\u00f3 que \u201cVirasoro arranc\u00f3 con campos ganaderos y luego arranc\u00f3 el \u2018boom\u2019 de la forestaci\u00f3n, siendo una de las ciudades con la industria forestal m\u00e1s grande del pa\u00eds\u201d.<\/p>\n<p>Fern\u00e1ndez insisti\u00f3 sobre la existencia de \u201cuna decisi\u00f3n tomada para construir una alternativa para los correntinos en 2025, viendo que hay varias arm\u00e1ndose. Espero que los correntinos puedan elegir el a\u00f1o que viene entre varias opciones durante las elecciones, ya que eso ser\u00eda saludable para nuestro sistema democr\u00e1tico. Ser\u00e1 la sociedad la que me ponga como candidato o no. Apostaremos por aquella persona que mejor represente\u00a0un\u00a0cambio\u201d.<\/p>\n<figure class=\"wp-block-image size-full is-resized\"><img loading=\"lazy\" decoding=\"async\" class=\"wp-image-283485 entered lazyloaded\" src=\"https:\/\/www.diarioellibertador.com.ar\/wp-content\/uploads\/2024\/09\/f25b4cb3-6c94-49e8-a59d-1fb79d4c0809.jpg\" sizes=\"auto, (max-width: 720px) 100vw, 720px\" srcset=\"https:\/\/www.diarioellibertador.com.ar\/wp-content\/uploads\/2024\/09\/f25b4cb3-6c94-49e8-a59d-1fb79d4c0809.jpg 720w, https:\/\/www.diarioellibertador.com.ar\/wp-content\/uploads\/2024\/09\/f25b4cb3-6c94-49e8-a59d-1fb79d4c0809-150x100.jpg 150w, https:\/\/www.diarioellibertador.com.ar\/wp-content\/uploads\/2024\/09\/f25b4cb3-6c94-49e8-a59d-1fb79d4c0809-450x300.jpg 450w\" alt=\"\" width=\"720\" height=\"480\" data-lazy-srcset=\"https:\/\/www.diarioellibertador.com.ar\/wp-content\/uploads\/2024\/09\/f25b4cb3-6c94-49e8-a59d-1fb79d4c0809.jpg 720w, https:\/\/www.diarioellibertador.com.ar\/wp-content\/uploads\/2024\/09\/f25b4cb3-6c94-49e8-a59d-1fb79d4c0809-150x100.jpg 150w, https:\/\/www.diarioellibertador.com.ar\/wp-content\/uploads\/2024\/09\/f25b4cb3-6c94-49e8-a59d-1fb79d4c0809-450x300.jpg 450w\" data-lazy-sizes=\"(max-width: 720px) 100vw, 720px\" data-lazy-src=\"https:\/\/www.diarioellibertador.com.ar\/wp-content\/uploads\/2024\/09\/f25b4cb3-6c94-49e8-a59d-1fb79d4c0809.jpg\" data-ll-status=\"loaded\" \/><\/figure>\n","protected":false},"excerpt":{"rendered":"<p>El intendente Emiliano Fern\u00e1ndez salud\u00f3 a la toda la comunidad con la llegada de este lunes 23 de septiembre: \u201cCuna de la industria, la producci\u00f3n y la cultura del trabajo\u201d, expres\u00f3 y alent\u00f3 a replicar el modelo econ\u00f3mico-social virasore\u00f1o en toda la provincia. \u201cCorrientes tiene potencial y necesita un cambio. Estamos trabajando sobre eso con [&hellip;]<\/p>\n","protected":false},"author":2,"featured_media":21424,"comment_status":"closed","ping_status":"closed","sticky":false,"template":"","format":"standard","meta":{"footnotes":""},"categories":[79],"tags":[],"class_list":{"0":"post-21423","1":"post","2":"type-post","3":"status-publish","4":"format-standard","5":"has-post-thumbnail","7":"category-politica"},"_links":{"self":[{"href":"https:\/\/radiobitacora.com.ar\/web\/wp-json\/wp\/v2\/posts\/21423","targetHints":{"allow":["GET"]}}],"collection":[{"href":"https:\/\/radiobitacora.com.ar\/web\/wp-json\/wp\/v2\/posts"}],"about":[{"href":"https:\/\/radiobitacora.com.ar\/web\/wp-json\/wp\/v2\/types\/post"}],"author":[{"embeddable":true,"href":"https:\/\/radiobitacora.com.ar\/web\/wp-json\/wp\/v2\/users\/2"}],"replies":[{"embeddable":true,"href":"https:\/\/radiobitacora.com.ar\/web\/wp-json\/wp\/v2\/comments?post=21423"}],"version-history":[{"count":0,"href":"https:\/\/radiobitacora.com.ar\/web\/wp-json\/wp\/v2\/posts\/21423\/revisions"}],"wp:featuredmedia":[{"embeddable":true,"href":"https:\/\/radiobitacora.com.ar\/web\/wp-json\/wp\/v2\/media\/21424"}],"wp:attachment":[{"href":"https:\/\/radiobitacora.com.ar\/web\/wp-json\/wp\/v2\/media?parent=21423"}],"wp:term":[{"taxonomy":"category","embeddable":true,"href":"https:\/\/radiobitacora.com.ar\/web\/wp-json\/wp\/v2\/categories?post=21423"},{"taxonomy":"post_tag","embeddable":true,"href":"https:\/\/radiobitacora.com.ar\/web\/wp-json\/wp\/v2\/tags?post=21423"}],"curies":[{"name":"wp","href":"https:\/\/api.w.org\/{rel}","templated":true}]}}