{"id":21433,"date":"2024-09-26T09:39:35","date_gmt":"2024-09-26T12:39:35","guid":{"rendered":"https:\/\/radiobitacora.com.ar\/web\/?p=21433"},"modified":"2024-09-26T09:39:35","modified_gmt":"2024-09-26T12:39:35","slug":"el-gobierno-prorrogo-la-fecha-limite-para-ingresar-al-blanqueo","status":"publish","type":"post","link":"https:\/\/radiobitacora.com.ar\/web\/2024\/09\/26\/el-gobierno-prorrogo-la-fecha-limite-para-ingresar-al-blanqueo\/","title":{"rendered":"El Gobierno prorrog\u00f3 la fecha l\u00edmite para ingresar al Blanqueo"},"content":{"rendered":"<p>El Gobierno Nacional decidi\u00f3<strong>\u00a0prorrogar hasta el 31 de octubre<\/strong>\u00a0el plazo de adhesi\u00f3n la primera etapa del R\u00e9gimen de Regularizaci\u00f3n de Activos,\u00a0<strong>conocido como\u00a0<a href=\"https:\/\/www.baenegocios.com\/tags\/Blanqueo\">Blanqueo<\/a>\u00a0de Capitales.<\/strong><\/p>\n<div id=\"lx_645403\" class=\"__lxG__multi __lxG__multi_lx_645403 __lxG__geo_ar __lxG__size_fixed __lxG__display_prevented __lxG__rendered_none\" data-cnt=\"1\" data-original-id=\"642328\" data-base-original-id=\"642326\"><\/div>\n<p>A trav\u00e9s de un comunicado,\u00a0<strong>el ministerio de Econom\u00eda inform\u00f3 de esta pr\u00f3rroga<\/strong>\u00a0y las nuevas fechas para las\u00a0<a href=\"https:\/\/www.baenegocios.com\/economia\/Blanqueo-de-dolares-y-bienes-cuanto-se-paga-de-alicuota-en-cada-una-de-las-tres-etapas-20240925-0012.html\" target=\"_blank\" rel=\"noopener\">diferentes etapas<\/a>\u00a0que son:<\/p>\n<ul>\n<li>Etapa 1 Desde el 1\u00b0 de octubre de 2024 y hasta el 31 de octubre de 2024, ambas fechas inclusive.<\/li>\n<li>Etapa 2 Desde el 1\u00b0 de noviembre y hasta el 31 de enero de 2025, ambas fechas inclusive.<\/li>\n<li>Etapa 3 Desde el 1\u00b0 de febrero de 2025 y hasta el 30 de abril de 2025, ambas fechas inclusive.<\/li>\n<\/ul>\n<p>En las pr\u00f3ximas horas,\u00a0<strong>esta pr\u00f3rroga se formalizar\u00e1 a trav\u00e9s de un decreto<\/strong>. Todas las personas que deseen, podr\u00e1n depositar su dinero en un banco hasta el 31 de octubre inclusive y podr\u00e1n retirarlo a partir del 1\u00b0 de noviembre.<\/p>\n<p><strong>Solamente el efectivo regularizado hasta el 30 de septiembre, podr\u00e1 ser retirado parcial o totalmente<\/strong>\u00a0a partir del 1\u00b0de octubre, tal como fuera estipulado originalmente. A partir del d\u00eda en que se retira cualquier monto en efectivo, no se podr\u00e1n regularizar montos adicionales.<\/p>\n<p>La\u00a0<a href=\"https:\/\/www.baenegocios.com\/tags\/AFIP\">AFIP<\/a>\u00a0remarc\u00f3 que\u00a0<strong>quienes se adhieran al blanqueo de capitales quedar\u00e1n libres de inspecci\u00f3n<\/strong>\u00a0hacia atr\u00e1s en funci\u00f3n de la aplicaci\u00f3n del llamado &#8220;tap\u00f3n fiscal&#8221;. Es decir, que\u00a0<strong>el organismo recaudador no podr\u00e1 mirar los bienes no declarados hasta 2023.<\/strong><\/p>\n<p>Sin embargo, esta &#8220;ceguera selectiva&#8221; no ser\u00e1 generalizada ni para todos, ya que si las personas deciden blanquear menos del 10% de su patrimonio en negro,\u00a0<strong>no solo tendr\u00e1n que pagar el impuesto correspondiente, sino que se levantar\u00e1 el tap\u00f3n<\/strong>\u00a0y se ir\u00e1 por todo y tanto las multas como los costos ser\u00e1n muy altos.<\/p>\n<div id=\"lx_645403\" class=\"__lxG__multi __lxG__multi_lx_645403 __lxG__geo_ar __lxG__size_fixed __lxG__display_prevented __lxG__rendered_none\" data-cnt=\"2\" data-original-id=\"642328\" data-base-original-id=\"642326\"><\/div>\n<p>Asimismo,\u00a0<strong>se espera que en alg\u00fan momento los Estados Unidos cumplan con un pacto de informaci\u00f3n realizado con Sergio Massa<\/strong>, cuando era ministro de Econom\u00eda de Alberto Fern\u00e1ndez. En su momento, el pa\u00eds norteamericano se hab\u00eda comprometido a informar las cuentas existentes de argentinos al 31 de diciembre de 2023.<\/p>\n<h2>\u00bfC\u00f3mo adherirse al blanqueo de capitales?<\/h2>\n<p>Para ingresar al r\u00e9gimen de blanqueo,\u00a0<strong>los pasos son los siguientes<\/strong>:<\/p>\n<ul>\n<li>Abrir una Cuenta CERA en un banco autorizado.<\/li>\n<li>Abrir una Cuenta Comitente Especial en un broker.<\/li>\n<li>Invertir los fondos en instrumentos financieros autorizados por la CNV.<\/li>\n<\/ul>\n<p>Con la exenci\u00f3n del impuesto especial hasta el 31 de octubre, esta iniciativa busca atraer hasta 14.000 millones de d\u00f3lares al sistema financiero argentino.<\/p>\n","protected":false},"excerpt":{"rendered":"<p>El Gobierno Nacional decidi\u00f3\u00a0prorrogar hasta el 31 de octubre\u00a0el plazo de adhesi\u00f3n la primera etapa del R\u00e9gimen de Regularizaci\u00f3n de Activos,\u00a0conocido como\u00a0Blanqueo\u00a0de Capitales. A trav\u00e9s de un comunicado,\u00a0el ministerio de Econom\u00eda inform\u00f3 de esta pr\u00f3rroga\u00a0y las nuevas fechas para las\u00a0diferentes etapas\u00a0que son: Etapa 1 Desde el 1\u00b0 de octubre de 2024 y hasta el 31 [&hellip;]<\/p>\n","protected":false},"author":2,"featured_media":21434,"comment_status":"closed","ping_status":"closed","sticky":false,"template":"","format":"standard","meta":{"footnotes":""},"categories":[65],"tags":[],"class_list":{"0":"post-21433","1":"post","2":"type-post","3":"status-publish","4":"format-standard","5":"has-post-thumbnail","7":"category-economia"},"_links":{"self":[{"href":"https:\/\/radiobitacora.com.ar\/web\/wp-json\/wp\/v2\/posts\/21433","targetHints":{"allow":["GET"]}}],"collection":[{"href":"https:\/\/radiobitacora.com.ar\/web\/wp-json\/wp\/v2\/posts"}],"about":[{"href":"https:\/\/radiobitacora.com.ar\/web\/wp-json\/wp\/v2\/types\/post"}],"author":[{"embeddable":true,"href":"https:\/\/radiobitacora.com.ar\/web\/wp-json\/wp\/v2\/users\/2"}],"replies":[{"embeddable":true,"href":"https:\/\/radiobitacora.com.ar\/web\/wp-json\/wp\/v2\/comments?post=21433"}],"version-history":[{"count":0,"href":"https:\/\/radiobitacora.com.ar\/web\/wp-json\/wp\/v2\/posts\/21433\/revisions"}],"wp:featuredmedia":[{"embeddable":true,"href":"https:\/\/radiobitacora.com.ar\/web\/wp-json\/wp\/v2\/media\/21434"}],"wp:attachment":[{"href":"https:\/\/radiobitacora.com.ar\/web\/wp-json\/wp\/v2\/media?parent=21433"}],"wp:term":[{"taxonomy":"category","embeddable":true,"href":"https:\/\/radiobitacora.com.ar\/web\/wp-json\/wp\/v2\/categories?post=21433"},{"taxonomy":"post_tag","embeddable":true,"href":"https:\/\/radiobitacora.com.ar\/web\/wp-json\/wp\/v2\/tags?post=21433"}],"curies":[{"name":"wp","href":"https:\/\/api.w.org\/{rel}","templated":true}]}}