{"id":21445,"date":"2024-09-26T10:02:54","date_gmt":"2024-09-26T13:02:54","guid":{"rendered":"https:\/\/radiobitacora.com.ar\/web\/?p=21445"},"modified":"2024-09-26T10:02:54","modified_gmt":"2024-09-26T13:02:54","slug":"blanqueo-cuales-son-las-nuevas-fechas-para-declarar-efectivo-y-que-impacto-podria-tener-en-las-reservas-del-bcra","status":"publish","type":"post","link":"https:\/\/radiobitacora.com.ar\/web\/2024\/09\/26\/blanqueo-cuales-son-las-nuevas-fechas-para-declarar-efectivo-y-que-impacto-podria-tener-en-las-reservas-del-bcra\/","title":{"rendered":"Blanqueo: cu\u00e1les son las nuevas fechas para declarar efectivo y qu\u00e9 impacto podr\u00eda tener en las reservas del BCRA"},"content":{"rendered":"<p class=\"paragraph\" data-mrf-recirculation=\"Links inline\">El Gobierno decidi\u00f3, sobre la hora, extender los plazos de funcionamiento del\u00a0<b>blanqueo de capitales\u00a0<\/b>y as\u00ed dar\u00e1 m\u00e1s tiempo a los contribuyentes a que declaren y exterioricen tenencias en efectivo, algo que en las \u00faltimas semanas impact\u00f3 en la cantidad de dep\u00f3sitos en moneda extranjera y que comenz\u00f3 a tener efecto en la contabilidad de reservas del Banco Central, en momentos en que la entidad necesita sumar divisas para no incumplir una meta con el FMI.<\/p>\n<p class=\"paragraph\" data-mrf-recirculation=\"Links inline\">\u201cPor pedido de numerosos bancos y estudios contables y debido al gran inter\u00e9s generado por el R\u00e9gimen de Regularizaci\u00f3n de Activos, el Gobierno Nacional dispondr\u00e1 por Decreto, y a efecto de facilitar las tareas administrativas de los actores involucrados, la pr\u00f3rroga para realizar la manifestaci\u00f3n de la adhesi\u00f3n al r\u00e9gimen de la Etapa 1, hasta el 31 de octubre de 2024 inclusive\u201d, inform\u00f3 el Ministerio de Econom\u00eda a trav\u00e9s de un comunicado.<\/p>\n<p class=\"paragraph\" data-mrf-recirculation=\"Links inline\">De esta manera, las nuevas fechas para las tres etapas ser\u00e1n las siguientes:<\/p>\n<ul class=\"list\" data-icon=\"\u2b24\">\n<li data-icon=\"\u2b24\"><b>Etapa 1:<\/b>\u00a0desde el 1\u00b0 de octubre de 2024 y hasta el 31 de octubre de 2024, ambas fechas inclusive.<\/li>\n<li data-icon=\"\u2b24\"><b>Etapa 2:\u00a0<\/b>desde el 1\u00b0 de noviembre y hasta el 31 de enero de 2025, ambas fechas inclusive.<\/li>\n<li data-icon=\"\u2b24\"><b>Etapa 3:\u00a0<\/b>desde el 1\u00b0 de febrero de 2025 y hasta el 30 de abril de 2025, ambas fechas inclusive.<\/li>\n<\/ul>\n<p class=\"paragraph\" data-mrf-recirculation=\"Links inline\">A partir de este decreto, todas las personas que deseen, podr\u00e1n depositar su dinero en un banco hasta el 31 de octubre inclusive y podr\u00e1n retirarlo a partir del 1\u00b0 de noviembre, inform\u00f3 el Gobierno.<\/p>\n<p class=\"paragraph\" data-mrf-recirculation=\"Links inline\">Quienes ya hayan depositado dinero en efectivo o lo hagan hasta el 30 de septiembre, podr\u00e1n retirarlo\u00a0<b>parcial o totalmente a partir del 1\u00b0de octubre<\/b>, tal como fuera estipulado originalmente. A partir del d\u00eda en que se retira cualquier monto en efectivo, no se podr\u00e1n regularizar montos adicionales, se aclar\u00f3.<\/p>\n<div class=\"headline-wrapper\">\n<h2 class=\"header headline-class-h2\">Impacto en reservas<\/h2>\n<\/div>\n<p class=\"paragraph\" data-mrf-recirculation=\"Links inline\">En las \u00faltimas tres ruedas cambiarias de septiembre el Banco Central deber\u00eda poder sumar unos<b>\u00a0USD 2.000 millones<\/b>\u00a0de reservas netas para poder alcanzar, a fines de septiembre, con la \u00faltima meta de acopio de divisas comprometida ante el Fondo Monetario Internacional, que prev\u00e9 unos\u00a0<b>USD 8.700 millones<\/b>\u00a0en las arcas por encima del n\u00famero que hab\u00eda el d\u00eda del cambio de Gobierno.<\/p>\n<p class=\"paragraph\" data-mrf-recirculation=\"Links inline\">El BCRA sum\u00f3 ayer\u00a0<b>casi USD 600 millones<\/b>\u00a0por efecto del blanqueo y una aceleraci\u00f3n de compras en el mercado libre de cambios. Se sum\u00f3 as\u00ed al marcado incremento en el nivel de reservas brutas que hab\u00eda tenido lugar el martes, por casi USD 900 millones.<\/p>\n<p class=\"paragraph\" data-mrf-recirculation=\"Links inline\">En la entidad monetaria explican que la variaci\u00f3n positiva est\u00e1 explicada en las compras en el MLC del d\u00eda anterior (por USD 190 millones) y por la conformaci\u00f3n de encajes por parte de los bancos que reciben los nuevos dep\u00f3sitos en moneda extranjera de contribuyentes que<b>\u00a0ingresan al blanqueo<\/b>. En los pr\u00f3ximos d\u00edas terminar\u00e1 el plazo de la \u00fanica ventana que permite declarar tenencias en efectivo.<\/p>\n<div class=\"blockquote\">\n<blockquote class=\"color_figcaption\"><p>El BCRA sum\u00f3 este mi\u00e9rcoles casi USD 600 millones por efecto del blanqueo y una aceleraci\u00f3n de compras en el mercado libre de cambios. El martes hab\u00edan sido casi USD 900 millones<\/p><\/blockquote>\n<\/div>\n<p class=\"paragraph\" data-mrf-recirculation=\"Links inline\">De esta forma, las reservas brutas quedaron este jueves en USD 28.834 millones. La cuesti\u00f3n se vuelve m\u00e1s espinosa al mirar las reservas netas: en el acumulado de lo que va de septiembre el BCRA pudo sumar cerca de USD 200 millones, pero a\u00fan est\u00e1 lejos del objetivo del tercer trimestre del a\u00f1o, que en los papeles es el \u00faltimo del programa vigente con el Fondo Monetario.<\/p>\n<div class=\"rawHTML raw_html \">\n<div id=\"ig-be86490b-41c0-563f-2860-9e8f1f7fe73b\" class=\"infogram-embed\" data-id=\"6e023d94-ffe3-49ed-9d8c-83222cae11e2\" data-type=\"interactive\" data-title=\"Ventas BCRA\" data-processed=\"1\"><iframe title=\"Ventas BCRA\" src=\"https:\/\/e.infogram.com\/6e023d94-ffe3-49ed-9d8c-83222cae11e2?parent_url=https%3A%2F%2Fwww.infobae.com%2Feconomia%2F2024%2F09%2F26%2Fblanqueo-cuales-son-las-nuevas-fechas-para-declarar-efectivo-y-que-impacto-podria-tener-en-las-reservas-del-bcra%2F&amp;src=embed#async_embed\" frameborder=\"0\" scrolling=\"no\" allowfullscreen=\"allowfullscreen\" data-mce-fragment=\"1\"><\/iframe><\/div>\n<\/div>\n<p class=\"paragraph\" data-mrf-recirculation=\"Links inline\">Seg\u00fan estimaciones privadas, quedar\u00edan pendientes cerca de USD 2.000 millones para los cuales la entidad tendr\u00eda solo<b>\u00a0tres ruedas<\/b>, entre el jueves, viernes y lunes pr\u00f3ximo para alcanzarlos. Para el mercado luce dif\u00edcil, y el Gobierno podr\u00eda, en caso de no llegar, solicitar un\u00a0<i>waiver<\/i>\u00a0ante el FMI.<\/p>\n<p class=\"paragraph\" data-mrf-recirculation=\"Links inline\">En el equipo econ\u00f3mico creen que no deber\u00eda ser un inconveniente en la negociaci\u00f3n para lo que viene porque la de reservas ser\u00eda la \u00fanica meta incumplida en lo que va de mandato libertario. \u201cSi las metas se incumplen no es porque hay un desv\u00edo marcado de pol\u00edticas si no porque se decidi\u00f3 normalizar antes de lo previsto\u00a0<b>una parte del comercio<\/b>\u201d, mencionaron a\u00a0<b>Infobae<\/b>\u00a0desde un despacho oficial, en referencia al acortamiento de plazos para el acceso a divisas para el pago de importaciones.<\/p>\n<p class=\"paragraph\" data-mrf-recirculation=\"Links inline\">\u201cEl BCRA arranc\u00f3 la \u00faltima semana de septiembre con el\u00a0<b>pie derecho<\/b>\u201d, remarc\u00f3 un informe de Portfolio Personal Inversiones. \u201cContribuy\u00f3 a favor del BCRA que la demanda privada desacelerara de USD 106 millones a USD 86 millones y que la oferta se m\u00e1s que duplicara de USD 127 millones a USD 277 millones\u201d, explicaron desde esa entidad.<\/p>\n<div class=\"blockquote\">\n<blockquote class=\"color_figcaption\"><p>En el acumulado de lo que va de septiembre el BCRA pudo sumar cerca de USD 200 millones, pero a\u00fan est\u00e1 lejos del objetivo del tercer trimestre del a\u00f1o con el Fondo Monetario<\/p><\/blockquote>\n<\/div>\n<p class=\"paragraph\" data-mrf-recirculation=\"Links inline\">En el Gobierno aseguran que no tienen demasiado margen para acelerar a\u00fan m\u00e1s las compras en el MULC para acercarse a la meta de fin de mes. \u201cLas compras en el MULC\u00a0<b>las define el mercado<\/b>\u201d, aseveran, al explicar que ese n\u00famero surge como un resultado del flujo de liquidaciones de exportaciones, de pago de importaciones y de pagos o cobros de deuda.<\/p>\n<p class=\"paragraph\" data-mrf-recirculation=\"Links inline\">El informe de PPI continu\u00f3: \u201cLa demanda privada se mantiene en niveles relativamente bajos, lo que evidencia que contin\u00faa primando el efecto de haber postergado importaciones de agosto a septiembre por sobre el solapamiento de cuotas del \u2018nuevo\u2019 y \u2018viejo\u2019 esquema de pagos\u201d, consideraron. Tambi\u00e9n detectaron un ritmo mayor de\u00a0<b>ventas del agro<\/b>: \u201cEstos niveles son at\u00edpicos para esta \u00e9poca del a\u00f1o. Estimamos que podr\u00eda estar vinculado al reciente repunte del precio de la soja\u201d, concluyeron.<\/p>\n<div class=\"rawHTML raw_html \">\n<div id=\"ig-fbb795db-53d2-c724-ced3-34dee8446727\" class=\"infogram-embed\" data-id=\"a8d1fcae-734f-462e-9a54-0fbb92651e11\" data-type=\"interactive\" data-title=\"Reservas 2019\" data-processed=\"1\"><iframe title=\"Reservas 2019\" src=\"https:\/\/e.infogram.com\/a8d1fcae-734f-462e-9a54-0fbb92651e11?parent_url=https%3A%2F%2Fwww.infobae.com%2Feconomia%2F2024%2F09%2F26%2Fblanqueo-cuales-son-las-nuevas-fechas-para-declarar-efectivo-y-que-impacto-podria-tener-en-las-reservas-del-bcra%2F&amp;src=embed#async_embed\" frameborder=\"0\" scrolling=\"no\" allowfullscreen=\"allowfullscreen\" data-mce-fragment=\"1\"><\/iframe><\/div>\n<\/div>\n<p class=\"paragraph\" data-mrf-recirculation=\"Links inline\">El hecho de que los bancos, receptores a trav\u00e9s de las cuentas especiales del dinero blanqueado, comiencen a\u00a0<b>constituir encajes\u00a0<\/b>en el Banco Central comenz\u00f3 a tener un correlato en el nivel de reservas brutas, algo que en las primeras semanas de escalada en el volumen de dep\u00f3sitos en d\u00f3lares no hab\u00eda sucedido.<\/p>\n<div class=\"blockquote\">\n<blockquote class=\"color_figcaption\"><p>Seg\u00fan estimaciones privadas, quedar\u00edan pendientes cerca de USD 2.000 millones para los cuales la entidad tendr\u00eda solo tres ruedas, entre el jueves, viernes y lunes pr\u00f3ximo para alcanzarlos<\/p><\/blockquote>\n<\/div>\n<p class=\"paragraph\" data-mrf-recirculation=\"Links inline\">EcoGo estim\u00f3 que \u201csi se mantiene el avance de la \u00faltima semana hasta fin de mes el incremento de los dep\u00f3sitos ser\u00eda de\u00a0<b>USD 7.770 millones<\/b>, mientras que si se duplica el volumen diario (USD 972 millones diarios) el incremento puede ser de hasta USD 10.218 millones\u201d. La comparaci\u00f3n, en ese caso, arrojar\u00eda como resultado que el blanqueo de efectivo actual ser\u00eda, con el criterio de cuentas locales exteriorizadas,\u00a0<b>levemente m\u00e1s voluminoso\u00a0<\/b>que el Cambiemos, que sum\u00f3 USD 7.700 millones.<\/p>\n<p class=\"paragraph\" data-mrf-recirculation=\"Links inline\">La consultora que dirige\u00a0<b>Marina Dal Poggetto<\/b>, en tanto, midi\u00f3 cu\u00e1l fue el uso que se le dio a los d\u00f3lares exteriorizados. \u201cEn el blanqueo de Macri, ingresaron a los bancos USD 11.113 millones. Pr\u00e1cticamente toda la suba de los dep\u00f3sitos se tradujo en una suba de los encajes y un alza de las reservas brutas (a lo que se le sumaron los mayores dep\u00f3sitos p\u00fablicos producto del endeudamiento externo)\u201d, detall\u00f3.<\/p>\n<p class=\"paragraph\" data-mrf-recirculation=\"Links inline\">En ese sentido, plantearon que \u201cs\u00f3lo un\u00a0<b>10%<\/b>\u00a0de la suba de los dep\u00f3sitos qued\u00f3 en la\u00a0<b>Tesorer\u00eda<\/b>\u00a0de los bancos y un\u00a0<b>31%<\/b>\u00a0se transform\u00f3 en\u00a0<b>nuevos cr\u00e9ditos<\/b>, con alg\u00fan impacto positivo en las<b>\u00a0reservas netas<\/b>. Esto permite pensar que, en los pr\u00f3ximos meses, una vez liberados los dep\u00f3sitos, podr\u00eda observarse una mayor suba de los encajes en d\u00f3lares y los pr\u00e9stamos, con impacto en las reservas\u201d.<\/p>\n","protected":false},"excerpt":{"rendered":"<p>El Gobierno decidi\u00f3, sobre la hora, extender los plazos de funcionamiento del\u00a0blanqueo de capitales\u00a0y as\u00ed dar\u00e1 m\u00e1s tiempo a los contribuyentes a que declaren y exterioricen tenencias en efectivo, algo que en las \u00faltimas semanas impact\u00f3 en la cantidad de dep\u00f3sitos en moneda extranjera y que comenz\u00f3 a tener efecto en la contabilidad de reservas [&hellip;]<\/p>\n","protected":false},"author":2,"featured_media":21446,"comment_status":"closed","ping_status":"closed","sticky":false,"template":"","format":"standard","meta":{"footnotes":""},"categories":[65],"tags":[],"class_list":{"0":"post-21445","1":"post","2":"type-post","3":"status-publish","4":"format-standard","5":"has-post-thumbnail","7":"category-economia"},"_links":{"self":[{"href":"https:\/\/radiobitacora.com.ar\/web\/wp-json\/wp\/v2\/posts\/21445","targetHints":{"allow":["GET"]}}],"collection":[{"href":"https:\/\/radiobitacora.com.ar\/web\/wp-json\/wp\/v2\/posts"}],"about":[{"href":"https:\/\/radiobitacora.com.ar\/web\/wp-json\/wp\/v2\/types\/post"}],"author":[{"embeddable":true,"href":"https:\/\/radiobitacora.com.ar\/web\/wp-json\/wp\/v2\/users\/2"}],"replies":[{"embeddable":true,"href":"https:\/\/radiobitacora.com.ar\/web\/wp-json\/wp\/v2\/comments?post=21445"}],"version-history":[{"count":0,"href":"https:\/\/radiobitacora.com.ar\/web\/wp-json\/wp\/v2\/posts\/21445\/revisions"}],"wp:featuredmedia":[{"embeddable":true,"href":"https:\/\/radiobitacora.com.ar\/web\/wp-json\/wp\/v2\/media\/21446"}],"wp:attachment":[{"href":"https:\/\/radiobitacora.com.ar\/web\/wp-json\/wp\/v2\/media?parent=21445"}],"wp:term":[{"taxonomy":"category","embeddable":true,"href":"https:\/\/radiobitacora.com.ar\/web\/wp-json\/wp\/v2\/categories?post=21445"},{"taxonomy":"post_tag","embeddable":true,"href":"https:\/\/radiobitacora.com.ar\/web\/wp-json\/wp\/v2\/tags?post=21445"}],"curies":[{"name":"wp","href":"https:\/\/api.w.org\/{rel}","templated":true}]}}